{"id":196721,"date":"2024-12-21T08:57:54","date_gmt":"2024-12-21T08:57:54","guid":{"rendered":"https:\/\/radiofenix.com.ar\/2023\/raul-perrone-el-presente-me-interesa-mas-que-el-futuro\/"},"modified":"2024-12-21T08:57:54","modified_gmt":"2024-12-21T08:57:54","slug":"raul-perrone-el-presente-me-interesa-mas-que-el-futuro","status":"publish","type":"post","link":"https:\/\/radiofenix.com.ar\/2023\/raul-perrone-el-presente-me-interesa-mas-que-el-futuro\/","title":{"rendered":"Ra\u00fal Perrone:\u00a0&quot;El presente me interesa m\u00e1s que el futuro&quot;"},"content":{"rendered":"<div><!-- Body --><\/p>\n<p>Pocos <b>cineastas <\/b>tienen una obra tan vasta, prol\u00edfica y sin concesiones como la que posee <b>Ra\u00fal Perrone<\/b> quien, adem\u00e1s, disiente con categor\u00edas como \u00abdirector de cine\u00bb. Prefiere decir que es un tipo que hace pel\u00edculas. \u00bfUn obsesivo del trabajo o un amante incondicional del cine? Las dos caracter\u00edsticas re\u00fane \u00abel Perro\u00bb, el vecino m\u00e1s popular de Ituzaing\u00f3, su tierra prometida, el lugar donde suele salir casi solamente para filmar\u00a0 y universalizar con sus pel\u00edculas esa localidad del Conurbano. Este a\u00f1o que est\u00e1 por concluir se cumplen <b>tres d\u00e9cadas del estreno de\u00a0<i>Labios de churrasco<\/i>, una de las pel\u00edculas emblema de Perrone<\/b>, que luego form\u00f3 la Trilog\u00eda de Ituzaing\u00f3 junto con <i>Graciadi\u00f3<\/i> y <i>5 pa\u2019l peso<\/i>. Tambi\u00e9n acaba de publicarse <b><i>P3rron3, El corsario<\/i>, el libro de Hern\u00e1n Sassi<\/b>, que recorre -con un gusto que combina lo erudito y lo popular- la obra y el pensamiento del director. Y como si esto fuera poco, el patriarca del cine independiente est\u00e1 filmando dos pel\u00edculas. A Perrone le puede pasar de todo en la vida, como a cualquier ser humano, pero hay algo que puede asegurarse: no tiene tiempo para el aburrimiento.<\/p>\n<p>En 2015, la Viennale le realiz\u00f3 un tributo llamado \u00abEl Hombre De Ituzaing\u00f3 \u2013 El Ultimo Independiente\u00bb. Fue un gran reconocimiento en el exterior que lo clasificaran al igual que, como muchas veces, se dijo eso de Perrone en la Argentina. \u00abDebo reconocer que quien dirig\u00eda en su momento la Viennale, Hans Hurch, que despu\u00e9s falleci\u00f3 a los dos a\u00f1os, nunca tuvo en cuenta de que yo no viajaba, y fui el primer director latinoamericano al que le brind\u00f3 un tributo. Fue un homenaje de doce, trece pel\u00edculas. Yo estaba invitado casi un mes a la Viennale. Justo decid\u00ed no ir. El lo entendi\u00f3, y prioriz\u00f3 mis pel\u00edculas antes que toda esa estupidez de que el director vaya y que lo que haga sea ir a dar una vuelta por la playa. Y, a partir de ah\u00ed, empezaron una serie de homenajes y empezaron a circular mis pel\u00edculas por todo el mundo\u00bb, cuenta el propio Perrone.<\/p>\n<p><b>-\u00bfQu\u00e9 significado tiene las tres d\u00e9cadas que se cumplen el estreno de <i>Labios de churrasco<\/i>?<\/b><\/p>\n<p>-El otro d\u00eda lo dec\u00eda, cuando fue el cierre del taller que doy desde hace 24 a\u00f1os. Y uno dice \u00abBueno \u00a124 a\u00f1os!\u00bb. Y, en realidad, con la pel\u00edcula son 30 a\u00f1os de mi vida tambi\u00e9n. Nos pasan los a\u00f1os con la obra, pero nos pasan los a\u00f1os en la vida y, entonces, dije \u00abGuau, treinta a\u00f1os\u00bb. Y hubo una serie de homenajes que empezaron en Oxford, dedicado a la trilog\u00eda. Se siguen haciendo homenajes y en el \u00fanico lugar donde todav\u00eda no decid\u00ed hacer nada fue ac\u00e1; pero la siguen pasando, me la siguen pidiendo. Dentro de pocos d\u00edas se estar\u00e1 dando en Berl\u00edn. La verdad que es maravilloso lo que pasa con las pel\u00edculas: dejan de ser de uno.<\/p>\n<p><b>-\u00bfQu\u00e9 signific\u00f3 esa pel\u00edcula en tu filmograf\u00eda?<\/b><\/p>\n<p>-Signific\u00f3 haber empezado a hacer algo que nadie hab\u00eda hecho nunca. Hoy hablar de hacer pel\u00edculas es lo m\u00e1s f\u00e1cil que hay, m\u00e1s all\u00e1 de todo el problema que tenemos con la cultura, con el Presidente, con todo. Pero hoy en d\u00eda cualquiera con un iPhone hace una pel\u00edcula. En aquel momento era con VHS y fue realmente, como se llam\u00f3 en aquel momento, una quijotada: hacer una pel\u00edcula en VHS e ir a un cine como el Lorca, estrenarla y tener una cola de 2 mil, 3 mil pibes para mirar la pel\u00edcula, cosa que hoy no suceder\u00eda. As\u00ed que me parece que fue un hito muy importante, que hoy de alguna manera se sigue transmitiendo a trav\u00e9s de los talleres y a trav\u00e9s del Bafici. El a\u00f1o pasado estuve en el Bafici y, gracias a Dios, despu\u00e9s de setenta pel\u00edculas y de treinta a\u00f1os, las entradas se agotaron antes de que el festival arrancara. La verdad que me siento un privilegiado que sigan teniendo inter\u00e9s por ver mi obra.<\/p>\n<p><b>&#8211;<i>Labios de churrasco <\/i>despu\u00e9s form\u00f3 parte de una trilog\u00eda con <i>Graciadi\u00f3<\/i> y <i>5 pa\u2019l peso<\/i>. A la distancia, \u00bfcu\u00e1les marcar\u00edas como las principales similitudes? <\/b><\/p>\n<p>-En realidad, en las setenta pel\u00edculas que hice, hay todas trilog\u00edas. Una cosa que tambi\u00e9n siempre hice fue tratar de usar los mismos actores, que tambi\u00e9n van creciendo y van pasando de pel\u00edcula en pel\u00edcula. Y que a veces es como algo \u00edntimo. Hay muchos que no se dan cuenta de que, por ejemplo, Gustavo Prone estuvo en las dos pel\u00edculas principales y en la tercera se despide. Dice: \u00abYo en esta no estoy\u00bb. Y lo dice frente a c\u00e1mara. Los que te siguen se dan cuenta, pero esas tres pel\u00edculas tienen que ver con una d\u00e9cada, una \u00e9poca postmenemista, que hoy en d\u00eda tienen una actualidad tremenda. Yo las pas\u00e9 no hace mucho tiempo. Y puedo asegurar que hoy en d\u00eda los que siguen esas pel\u00edculas son pibes muy jovencitos. Se van renovando las generaciones.<\/p>\n<p><b>-\u00bfExist\u00eda la necesidad de hablar de una generaci\u00f3n que no se ve\u00eda en la televisi\u00f3n?<\/b><\/p>\n<p>-S\u00ed, b\u00e1sicamente parti\u00f3 de ah\u00ed. La juventud que estaba en la TV estaba en los barrios de San Telmo. Y eran pibes conchetos que nunca les pasaba nada. Yo decid\u00ed hacer mis pel\u00edculas en el Conurbano. Eso, de alguna manera, tambi\u00e9n marc\u00f3 algo, porque despu\u00e9s empezaron a haber muchas pel\u00edculas del Conurbano. Y desde hace un a\u00f1o, a\u00f1o y pico, parecer\u00eda ser que al Conurbano lo descubrieron en el mundo. Pero el Conurbano existe desde que el mundo es mundo. Hoy todos se rasgan las vestiduras con el Conurbano. Hace treinta a\u00f1os no le daban pelota, era la marginalidad.<\/p>\n<p><b>-Se public\u00f3 recientemente el libro <i>P3rron3. El corsario<\/i>, de Hern\u00e1n Sassi. \u00bfC\u00f3mo surgi\u00f3 la idea de este proyecto?<\/b><\/p>\n<p>-Anteriormente se hab\u00eda presentado <i>Mi mundo privado<\/i>, de Silvina Pachelo. Los dos libros, como la vida, se juntan. Fueron dos proyectos separados que se ven\u00edan trabajando hace tiempo; de golpe se edit\u00f3 uno y al a\u00f1o se edit\u00f3 el otro. Me pone muy feliz porque viene a sellar algo que, en alg\u00fan momento, tambi\u00e9n yo pens\u00e9: en los &#8217;80 yo fui dibujante de un diario y de muchos de otros lugares, y le dediqu\u00e9 un libro de dibujos a Edmundo Rivero, en su momento estando vivo. En ese momento, siendo un pibe de 28 o 29 a\u00f1os, ya cre\u00eda que los homenajes hay que hacerlos en vida. Bueno, por suerte a m\u00ed me est\u00e1n homenajeando en vida.<\/p>\n<p><b>-El subt\u00edtulo es \u00abLas pel\u00edculas est\u00e1n en la calle\u00bb. Toda una definici\u00f3n de tu manera de pensar el cine, \u00bfno?<\/b><\/p>\n<p>-S\u00ed, eso desde la trilog\u00eda que lo vengo pensando. Con tantas pel\u00edculas, he transitado por muchos g\u00e9neros, pero en definitiva siguen siendo mis pel\u00edculas. He hecho pel\u00edculas sobre el Marqu\u00e9s de Sade, pel\u00edculas que transcurren en interiores, otras que transcurren en un solo lugar. He hecho de todo un poco, pero b\u00e1sicamente, el 80 por ciento est\u00e1n hechas en la calle. Salgo a la calle y me inspira ver los pibes, el desamparo y otro mont\u00f3n de cosas. Y no solamente los pibes que est\u00e1n desamparados. Ahora estoy haciendo una pel\u00edcula que se llama <i>CIN3 FILIA<\/i>\u00a0\u00a0y tiene que ver con pibes que son cin\u00e9filos, que parecer\u00eda ser que son de otra \u00e9poca, pero tienen 20 a\u00f1os y hablan de cine.<\/p>\n<p><b>-Est\u00e1s filmando dos pel\u00edculas ahora, \u00bfno?<\/b><\/p>\n<p>-Una ya la termin\u00e9. Es un nuevo tr\u00edptico. Una se llama <i>CARPE DI3N<\/i>, con los chicos proletarios, laburadores. En realidad, sal\u00ed un poco a hacer dos pel\u00edculas un poco en contra de este gobierno. No son dos pel\u00edculas puteando contra el gobierno, son dos pel\u00edculas de amor, absolutamente de amor. Hablan de otra cosa, no hablan de violencia ni nada, todo lo contrario. Sal\u00ed de una manera completamente distinta a no hacer lo obvio. Tanto\u00a0<i>CARPE DI3N<\/i>\u00a0como\u00a0<i>CIN3 FILIA<\/i>\u00a0hablan de amor, hablan de otras cosas. Se habla de la pasi\u00f3n por hacer un mont\u00f3n de cosas. Si leen lo que quiere decir\u00a0<i>CARPE DI3N\u00a0<\/i>y lo que quiere decir\u00a0<i>CIN3 FILIA<\/i>, se van a dar cuenta a lo que apunto.<\/p>\n<p><b>-Siempre te interesaron los j\u00f3venes como protagonistas de tus pel\u00edculas. \u00bfC\u00f3mo ves a la juventud ahora en este contexto pol\u00edtico? Muchos j\u00f3venes votaron a Milei&#8230;<\/b><\/p>\n<p>-Desgraciadamente, los veo absolutamente confundidos. Confundidos y ef\u00edmeros. No saben que esto va a pasar y que la estamos pasando muy mal. Eso tambi\u00e9n lo saben, pero no dan el brazo a torcer. La verdad es que no quisiera hablar del tema pol\u00edtico porque me pone absolutamente mal y yo creo que est\u00e1n absolutamente equivocados. Mucha gente joven y tambi\u00e9n mucha gente que pertenec\u00eda a otro partido se han dado vuelta. Y estamos pagando las consecuencias.<\/p>\n<p><b>-Te lo preguntaba en relaci\u00f3n a la juventud de los &#8217;90, cuando tus pel\u00edculas hicieron eclosi\u00f3n, y era un contexto similar de pa\u00eds, pero en ese momento los j\u00f3venes se manifestaban mucho.<\/b><\/p>\n<p>-Y de otra manera, porque estamos hablando de postmenemismo. Tambi\u00e9n se rebelaban ante eso, pero ac\u00e1 est\u00e1n apoyando algo que es \u00abuna causa\u00bb para ellos. Vamos a ver en qu\u00e9 termina todo eso.<\/p>\n<p><b>-\u00bfEl tema de la ausencia de futuro en pel\u00edculas como <i>P3nd3j05<\/i>, por ejemplo, tiene que ver con lo que vos ves o m\u00e1s bien con c\u00f3mo la sociedad los cataloga?<\/b><\/p>\n<p>-Tienen que ver las dos cosas. La gente sigue catalogando porque tiene prejuicios, no solo con los pibes sino con nosotros tambi\u00e9n. Es inevitable el prejuicio. Despu\u00e9s, en cuanto a lo del futuro, hace tiempo que lo vengo pensando, quiz\u00e1 por razones personales. En realidad, no me interesa mucho el futuro, me interesa mucho m\u00e1s el presente. Estoy pensando mucho m\u00e1s en lo que estoy haciendo, no en lo que voy a hacer. Vivamos el presente a full, hagamos en el presente. Hay que hacer cosas ahora. Mirar el pasado para mejorar el presente, pero no s\u00e9 si el futuro. El futuro ya vendr\u00e1 y veremos qu\u00e9 nos depara, pero esa cosa de \u00abno lo hago ahora, lo dejo para dentro de dos a\u00f1os\u00bb, conmigo no. No corre m\u00e1s ni nunca corri\u00f3, de alguna manera. No estoy pensando que voy a hacer diez pel\u00edculas dentro de diez a\u00f1os, trato de hacerlas cuando pueda.<\/p>\n<p><b>-En tus pel\u00edculas siempre trataste a la gente humilde con mucho respeto y dignamente. \u00bfEs una manera de no hacer apolog\u00eda de la pobreza?<\/b><\/p>\n<p>-Absolutamente. Me parece realmente asqueroso hacer apolog\u00eda de la pobreza. Todo ser humano se merece ser filmado con dignidad. De hecho, yo lo hac\u00eda con la Trilog\u00eda: eran pibes vagos y en esa \u00e9poca la frase de moda era \u00abNo hay futuro\u00bb, en los &#8217;90. Treinta a\u00f1os despu\u00e9s pr\u00e1cticamente son lo mismo. En aquel momento, me acuerdo que dec\u00edan que los tipos de esa generaci\u00f3n eran como j\u00f3venes tard\u00edos. En esa \u00e9poca ten\u00eda a Gustavo Prone, todos esos pibes ten\u00edan 27, 28 a\u00f1os. Eran j\u00f3venes \u00abtard\u00edos \u00ab, pero hoy en d\u00eda un joven de 35 a\u00f1os vive con la mam\u00e1. Vive con la madre y hace cursos, no sabe qu\u00e9 hacer de su vida. \u00bfQu\u00e9 son esos, entonces?<\/p>\n<p><b>-En la pel\u00edcula <i>El prof3s1on4l<\/i>, de Mart\u00edn Farina, aseguraste algo que dijiste otras veces: \u00abSi yo pudiera evitar el rodaje, lo evitar\u00eda\u00bb. Sin embargo, filmas una, dos y hasta tres pel\u00edculas por a\u00f1o.<\/b><\/p>\n<p>-Porque desgraciadamente no me queda otra cosa. En otro momento, dec\u00eda \u00abBueno, me gustar\u00eda dibujar a la gente y poder hacer una pel\u00edcula de dibujos\u00bb. Hoy podr\u00eda llegar a decir de hacer una pel\u00edcula con la Inteligencia Artificial, pero tambi\u00e9n acabo de escribir ayer que la IA es tan perfecta que da asco. Entonces, no me gustar\u00eda. Acabo de ver que Per\u00f3n se junta con el otro. Pero entonces, \u00bfd\u00f3nde est\u00e1 la mano de obra? \u00bfD\u00f3nde est\u00e1 la artesan\u00eda? \u00bfD\u00f3nde est\u00e1 la creaci\u00f3n? \u00bfD\u00f3nde est\u00e1n los artistas?. La Inteligencia Artificial labura por nosotros. Vos le dec\u00eds: \u00abHace una caricatura m\u00eda\u00bb. Y hace una caricatura de vos caminando por la calle. Entonces, te hace los guiones, te hace los cuadros, te los pinta. Prefiero seguir yendo a sufrir una filmaci\u00f3n.<\/p>\n<p><b>-Dijiste \u00abquiero que la gente crea en lo que est\u00e1 viendo\u00bb. \u00bfC\u00f3mo se logra eso?<\/b><\/p>\n<p>-Cuando la pel\u00edcula logr\u00f3 lo que vos quisiste mostrar. Por suerte, casi nunca pasa lo que uno quiere que pase. Una vez que las termin\u00e1s y las mostr\u00e1s, las pel\u00edculas dejan de ser tuyas, pasan a ser de la gente. Y hay que ver c\u00f3mo las recibe la gente. Y si a las pel\u00edculas realmente supieron mirarlas, si les llegaron, si de alguna manera los provocaron, los interpelaron, me siento totalmente afortunado. Hoy tenemos la suerte de que nos encuentran por Instagram, nos escriben, y la verdad que escuchar ciertas devoluciones, a veces, de mucha gente que no tiene que ver con la cr\u00edtica ni con el ambiente te llena mucho m\u00e1s el alma que los otros que se creen unos intelectuales.<\/p>\n<p><b>\u00a0-\u00bfCu\u00e1nto tiene de nacional y popular tu cine?<\/b><\/p>\n<p>-No sabr\u00eda decirlo. Dejar\u00eda que la gente lo dijera por m\u00ed. Trato de hacer lo mejor posible, trato de contar lo que me pasa alrededor, y si mis pel\u00edculas llegaran a ser populares yo estar\u00eda muy feliz de la vida. Estoy muy feliz por c\u00f3mo la gente me sigue, c\u00f3mo esa gente va a buscar a otra gente y mi p\u00fablico cada vez es m\u00e1s joven. Y siguen estando los que tambi\u00e9n estaban, los que ya tienen una cierta edad. Est\u00e1n los hijos, est\u00e1n los hijos de los hijos, pero cada vez son pibes m\u00e1s j\u00f3venes porque te van descubriendo por MUBI o porque van a ver mis pel\u00edculas en Mar del Plata, como fue ahora en Contracampo. Entonces, se van reciclando. Lo interesante que me parece de todo eso es que los pibes j\u00f3venes miren en un tipo como yo, a un tipo que les est\u00e1 contando algo que no se lo cuenta cualquiera. Y a los pibes la rebeld\u00eda les va a encantar hoy, ma\u00f1ana y pasado.<\/p>\n<p><!-- Live Blog Post --><\/div>\n<p><a href=\"https:\/\/www.pagina12.com.ar\/791943-raul-perrone-el-presente-me-interesa-mas-que-el-futuro\">source<\/a><\/p>\n","protected":false},"excerpt":{"rendered":"<p>Pocos cineastas tienen una obra tan vasta, prol\u00edfica y sin concesiones como la que posee&#8230;<\/p>\n","protected":false},"author":0,"featured_media":196722,"comment_status":"open","ping_status":"open","sticky":false,"template":"","format":"standard","meta":{"footnotes":""},"categories":[4],"tags":[],"class_list":["post-196721","post","type-post","status-publish","format-standard","has-post-thumbnail","hentry","category-espectaculos"],"featured_image_urls":{"full":["https:\/\/radiofenix.com.ar\/2023\/wp-content\/uploads\/wp-header-logo.png",0,0,false],"thumbnail":["https:\/\/radiofenix.com.ar\/2023\/wp-content\/uploads\/wp-header-logo.png",1,1,false],"medium":["https:\/\/radiofenix.com.ar\/2023\/wp-content\/uploads\/wp-header-logo.png",1,1,false],"medium_large":["https:\/\/radiofenix.com.ar\/2023\/wp-content\/uploads\/wp-header-logo.png",1,1,false],"large":["https:\/\/radiofenix.com.ar\/2023\/wp-content\/uploads\/wp-header-logo.png",1,1,false],"1536x1536":["https:\/\/radiofenix.com.ar\/2023\/wp-content\/uploads\/wp-header-logo.png",1,1,false],"2048x2048":["https:\/\/radiofenix.com.ar\/2023\/wp-content\/uploads\/wp-header-logo.png",1,1,false],"newsium-slider-full":["https:\/\/radiofenix.com.ar\/2023\/wp-content\/uploads\/wp-header-logo.png",1,1,false],"newsium-featured":["https:\/\/radiofenix.com.ar\/2023\/wp-content\/uploads\/wp-header-logo.png",1,1,false],"newsium-medium":["https:\/\/radiofenix.com.ar\/2023\/wp-content\/uploads\/wp-header-logo.png",1,1,false]},"author_info":{"info":[""]},"category_info":"<a href=\"https:\/\/radiofenix.com.ar\/2023\/category\/espectaculos\/\" rel=\"category tag\">Espectaculos<\/a>","tag_info":"Espectaculos","comment_count":"0","_links":{"self":[{"href":"https:\/\/radiofenix.com.ar\/2023\/wp-json\/wp\/v2\/posts\/196721","targetHints":{"allow":["GET"]}}],"collection":[{"href":"https:\/\/radiofenix.com.ar\/2023\/wp-json\/wp\/v2\/posts"}],"about":[{"href":"https:\/\/radiofenix.com.ar\/2023\/wp-json\/wp\/v2\/types\/post"}],"replies":[{"embeddable":true,"href":"https:\/\/radiofenix.com.ar\/2023\/wp-json\/wp\/v2\/comments?post=196721"}],"version-history":[{"count":0,"href":"https:\/\/radiofenix.com.ar\/2023\/wp-json\/wp\/v2\/posts\/196721\/revisions"}],"wp:featuredmedia":[{"embeddable":true,"href":"https:\/\/radiofenix.com.ar\/2023\/wp-json\/wp\/v2\/media\/196722"}],"wp:attachment":[{"href":"https:\/\/radiofenix.com.ar\/2023\/wp-json\/wp\/v2\/media?parent=196721"}],"wp:term":[{"taxonomy":"category","embeddable":true,"href":"https:\/\/radiofenix.com.ar\/2023\/wp-json\/wp\/v2\/categories?post=196721"},{"taxonomy":"post_tag","embeddable":true,"href":"https:\/\/radiofenix.com.ar\/2023\/wp-json\/wp\/v2\/tags?post=196721"}],"curies":[{"name":"wp","href":"https:\/\/api.w.org\/{rel}","templated":true}]}}