{"id":196723,"date":"2024-12-21T20:44:41","date_gmt":"2024-12-21T20:44:41","guid":{"rendered":"https:\/\/radiofenix.com.ar\/2023\/aumenta-la-heterogeneidad-laboral\/"},"modified":"2024-12-21T20:44:41","modified_gmt":"2024-12-21T20:44:41","slug":"aumenta-la-heterogeneidad-laboral","status":"publish","type":"post","link":"https:\/\/radiofenix.com.ar\/2023\/aumenta-la-heterogeneidad-laboral\/","title":{"rendered":"Aumenta la heterogeneidad laboral"},"content":{"rendered":"<div><!-- Body --><\/p>\n<p>En el tercer trimestre del a\u00f1o, la desigualdad se mantuvo relativamente estable, seg\u00fan los indicadores difundidos por Indec el jueves. Sin embargo, <b>llam\u00f3 la atenci\u00f3n la fuerte brecha de ingresos entre los asalariados con y sin descuentos jubilatorios.<\/b> Estos \u00faltimos se relacionan con actividades informales y percibieron 334.819 pesos de ingreso promedio, versus 810.560 pesos entre los formales. Tambi\u00e9n se mantiene en los niveles m\u00e1s altos de los \u00faltimos a\u00f1os la brecha por g\u00e9nero, que alcanz\u00f3 un 27,7 por ciento a favor de los varones.<\/p>\n<p>En el tercer trimestre aument\u00f3 levemente la desigualdad de ingresos medida por Indec a trav\u00e9s del <b>coeficiente de <\/b><b>Gini<\/b>. El valor de este indicador fue 0,435, similar al del trimestre anterior y a igual trimestre de un a\u00f1o atr\u00e1s, teniendo presente que el valor cero implica una igualdad absoluta en los ingresos de la poblaci\u00f3n \u2013y por tanto no es asequible- mientras que el valor uno representa la desigualdad total. La desigualdad ven\u00eda increment\u00e1ndose con fuerza desde el segundo trimestre de 2023, pero los \u00faltimos dos trimestres <b>se estanc\u00f3 en el nivel indicado que es compatible con el promedio de la \u00faltima d\u00e9cada<\/b>.<\/p>\n<div class=\"iframely-embed medium-embedded-content\" data-html=\"Jmx0O2Jsb2NrcXVvdGUgY2xhc3M9InR3aXR0ZXItdHdlZXQiIGRhdGEtZG50PSJ0cnVlIiBhbGlnbj0iY2VudGVyIiZndDsmbHQ7cCBsYW5nPSJlcyIgZGlyPSJsdHIiJmd0OyZsdDthIGhyZWY9Imh0dHBzOi8vdHdpdHRlci5jb20vaGFzaHRhZy9EYXRvSU5ERUM\/c3JjPWhhc2gmYW1wO2FtcDtyZWZfc3JjPXR3c3JjJTVFdGZ3IiZndDsjRGF0b0lOREVDJmx0Oy9hJmd0OyZsdDticiZndDtEaXN0cmlidWNpw7NuIGRlbCBpbmdyZXNvOiBlbCBjb2VmaWNpZW50ZSBkZSBHaW5pIGRlbCBpbmdyZXNvIHBlciBjw6FwaXRhIGZhbWlsaWFyIGZ1ZSBkZSAwLDQzNSBlbiBlbCAzwrAgdHJpbWVzdHJlIGRlIDIwMjQgJmx0O2EgaHJlZj0iaHR0cHM6Ly90LmNvL2dORU9NRWxBd24iJmd0O2h0dHBzOi8vdC5jby9nTkVPTUVsQXduJmx0Oy9hJmd0OyAmbHQ7YSBocmVmPSJodHRwczovL3QuY28veDV6UWxnQ1hjRyImZ3Q7cGljLnR3aXR0ZXIuY29tL3g1elFsZ0NYY0cmbHQ7L2EmZ3Q7Jmx0Oy9wJmd0OyZhbXA7bWRhc2g7IElOREVDIEFyZ2VudGluYSAoQElOREVDQXJnZW50aW5hKSAmbHQ7YSBocmVmPSJodHRwczovL3R3aXR0ZXIuY29tL0lOREVDQXJnZW50aW5hL3N0YXR1cy8xODY5ODIwMjUwNzU5NTQxMjI0P3JlZl9zcmM9dHdzcmMlNUV0ZnciJmd0O0RlY2VtYmVyIDE5LCAyMDI0Jmx0Oy9hJmd0OyZsdDsvYmxvY2txdW90ZSZndDsKJmx0O3NjcmlwdCBhc3luYyBzcmM9Imh0dHBzOi8vcGxhdGZvcm0udHdpdHRlci5jb20vd2lkZ2V0cy5qcyIgY2hhcnNldD0idXRmLTgiJmd0OyZsdDsvc2NyaXB0Jmd0OwoKJmx0O2RpdiBjbGFzcz0ibWVkaXVtLWluc2VydC1lbWJlZHMtbWV0YSImZ3Q7Jmx0O3NjcmlwdCB0eXBlPSJ0ZXh0L2pzb24iJmd0O3sidXJsIjoiaHR0cHM6Ly90d2l0dGVyLmNvbS9JTkRFQ0FyZ2VudGluYS9zdGF0dXMvMTg2OTgyMDI1MDc1OTU0MTIyNCIsInR5cGUiOiJyaWNoIiwidmVyc2lvbiI6IjEuMCIsInRpdGxlIjoiSU5ERUMgQXJnZW50aW5hIG9uIFR3aXR0ZXIgLyBYIiwiYXV0aG9yIjoiSU5ERUMgQXJnZW50aW5hIiwiYXV0aG9yX3VybCI6Imh0dHBzOi8vdHdpdHRlci5jb20vSU5ERUNBcmdlbnRpbmEiLCJwcm92aWRlcl9uYW1lIjoiVHdpdHRlciIsImRlc2NyaXB0aW9uIjoiI0RhdG9JTkRFQ0Rpc3RyaWJ1Y2nDs24gZGVsIGluZ3Jlc286IGVsIGNvZWZpY2llbnRlIGRlIEdpbmkgZGVsIGluZ3Jlc28gcGVyIGPDoXBpdGEgZmFtaWxpYXIgZnVlIGRlIDAsNDM1IGVuIGVsIDPCsCB0cmltZXN0cmUgZGUgMjAyNCBodHRwczovL3QuY28vZ05FT01FbEF3biBwaWMudHdpdHRlci5jb20veDV6UWxnQ1hjR+KAlCBJTkRFQyBBcmdlbnRpbmEgKEBJTkRFQ0FyZ2VudGluYSkgRGVjZW1iZXIgMTksIDIwMjRcblxuXG4iLCJ0aHVtYm5haWxfdXJsIjoiaHR0cHM6Ly9wYnMudHdpbWcuY29tL21lZGlhL0dmTHVnNEZXTUFBYXppRS5qcGc6bGFyZ2UiLCJ0aHVtYm5haWxfd2lkdGgiOjEyMDAsInRodW1ibmFpbF9oZWlnaHQiOjgxNiwiY2FjaGVfYWdlIjo4NjQwMCwib3B0aW9ucyI6eyJfaGlkZV9tZWRpYSI6eyJsYWJlbCI6IkhpZGUgcGhvdG9zLCB2aWRlb3MsIGFuZCBjYXJkcyIsInZhbHVlIjpmYWxzZX0sIl90aGVtZSI6eyJ2YWx1ZSI6IiIsInZhbHVlcyI6eyJkYXJrIjoiVXNlIGRhcmsgdGhlbWUifX0sIl9tYXh3aWR0aCI6eyJ2YWx1ZSI6IiIsImxhYmVsIjoiQWRqdXN0IHdpZHRoIiwicGxhY2Vob2xkZXIiOiIyMjAtNTUwLCBpbiBweCJ9fX0mbHQ7L3NjcmlwdCZndDsmbHQ7L2RpdiZndDs=\">\n                <a data-iframely-url=\"\" href=\"https:\/\/twitter.com\/INDECArgentina\/status\/1869820250759541224\">https:\/\/twitter.com\/INDECArgentina\/status\/1869820250759541224<\/a>\n              <\/div>\n<p>Argentina es a su vez uno de los pa\u00edses con menor Gini de Latinoam\u00e9rica, el promedio de la regi\u00f3n fue 0,452 en 2023 con un Brasil mucho m\u00e1s desigual (0,515) que Uruguay (0,404), seg\u00fan datos de la Comisi\u00f3n Econ\u00f3mica para Am\u00e9rica Latina y el Caribe (Cepal). En Paraguay, el Gini fue 0,462 en 2023.<\/p>\n<h2><b>Brechas<\/b><\/h2>\n<p>Por otro lado, la <b>brecha distributiva <\/b>calcula el cociente entre la mediana del ingreso per c\u00e1pita familiar de la poblaci\u00f3n perteneciente al decil m\u00e1s rico de la sociedad versus la del decil m\u00e1s pobre, y en el tercer trimestre del a\u00f1o fue de fue de 14 veces, tambi\u00e9n en los mismos niveles que un trimestre atr\u00e1s e igual per\u00edodo para el 2023. <\/p>\n<p>El <b>ingreso individual promedio <\/b><b>per<\/b><b> <\/b><b>c\u00e1pita<\/b>, que corresponde a 29.720.157 personas seg\u00fan la muestra del Indec, alcanz\u00f3 los <b>649.163 pesos<\/b> entre julio, agosto y septiembre. Cabe aclarar que los datos de ingreso derivados de esta encuesta suelen estar subestimados debido a la subdeclaraci\u00f3n de los estratos m\u00e1s ricos de la poblaci\u00f3n. En promedio el ingreso de los cuatro deciles m\u00e1s pobres de la sociedad fue de 212.282 pesos en el tercer trimestre, en el caso del decil 5 al 8 fue de 603.688 mientras que en los dos deciles m\u00e1s ricos promedi\u00f3 1.614.039 pesos.<\/p>\n<p>En cuanto a la <b>brecha de ingresos por g\u00e9nero<\/b> seg\u00fan la remuneraci\u00f3n por la ocupaci\u00f3n principal, fue del 27,7 por ciento, una de las m\u00e1s altas de los \u00faltimos a\u00f1os. La brecha de g\u00e9nero \u2013muchas veces cuestionada por el propio presidente Milei- viene subiendo con fuerza desde el cuarto trimestre de 2023.<\/p>\n<p>Respecto de la ocupaci\u00f3n principal, el informe del Indec revela que 9,8 millones de personas conforman el total de los asalariados en la muestra. El ingreso medio de los mismos fue 640.470 pesos y se observa una marcada diferencia en los ingresos medios de la <b>poblaci\u00f3n con descuentos jubilatorios (810.560 pesos) y quienes no lo tienen y se infiere trabajan en la informalidad (334.819 pesos)<\/b>. <\/p>\n<p>Esta elevada brecha viene siendo se\u00f1alada por el centro de investigaciones <b>Fundar<\/b>, en un documento reciente hablan de \u201clas tres heterogeneidades\u201d para referirse a la discrepancia de los ingresos entre trabajadores registrados versus el resto de las categor\u00edas de empleo (como es el trabajo informal y por cuentapropia), en primer lugar, luego entre empleados del sector p\u00fablico y el privado, y por \u00faltimo al interior de los trabajadores con paritarias privadas.<\/p>\n<p>En el caso de los hogares, los<b> ingresos laborales<\/b> representaron el 77,5 por ciento de los ingresos totales, mientras que los ingresos no laborales alcanzaron el 22,5 por ciento restante, trat\u00e1ndose estos \u00faltimos de jubilaciones o pensiones, alquileres, cuotas de alimentos o ayudas en dinero de otros hogares, subsidios o ayuda social del gobierno.<\/p>\n<p>Respecto a la relaci\u00f3n de dependencia en los hogares, la <b>cantidad de <\/b><b>per<\/b><b>sonas no ocupadas fue de 122 por cada 100 ocupadas<\/b>, mientras que la cantidad de no perceptoras de ingreso fue de 59 por cada 100 perceptoras. Esta relaci\u00f3n es mayor en el caso de los deciles m\u00e1s bajos. Para el decil 1, por ejemplo, es igual a 256 personas no ocupadas cada 100 ocupadas y 126 no perceptoras cada 100 perceptoras, si se ordenan los hogares seg\u00fan ingreso per c\u00e1pita familiar. En el mismo trimestre del a\u00f1o anterior, los valores eran de 254 y 148, respectivamente. En el caso del decil 10, los valores correspondientes son iguales a 39 no ocupados cada 100 ocupados y 21 no perceptores cada 100 perceptores.<\/p>\n<p><!-- Live Blog Post --><\/div>\n<p><script async src=\"\/\/platform.twitter.com\/widgets.js\" charset=\"utf-8\"><\/script><br \/><a href=\"https:\/\/www.pagina12.com.ar\/791691-aumenta-la-heterogeneidad-laboral\">source<\/a><\/p>\n","protected":false},"excerpt":{"rendered":"<p>En el tercer trimestre del a\u00f1o, la desigualdad se mantuvo relativamente estable, seg\u00fan los indicadores&#8230;<\/p>\n","protected":false},"author":0,"featured_media":196724,"comment_status":"open","ping_status":"open","sticky":false,"template":"","format":"standard","meta":{"footnotes":""},"categories":[5],"tags":[],"class_list":["post-196723","post","type-post","status-publish","format-standard","has-post-thumbnail","hentry","category-economia"],"featured_image_urls":{"full":["https:\/\/radiofenix.com.ar\/2023\/wp-content\/uploads\/wp-header-logo.png",0,0,false],"thumbnail":["https:\/\/radiofenix.com.ar\/2023\/wp-content\/uploads\/wp-header-logo.png",1,1,false],"medium":["https:\/\/radiofenix.com.ar\/2023\/wp-content\/uploads\/wp-header-logo.png",1,1,false],"medium_large":["https:\/\/radiofenix.com.ar\/2023\/wp-content\/uploads\/wp-header-logo.png",1,1,false],"large":["https:\/\/radiofenix.com.ar\/2023\/wp-content\/uploads\/wp-header-logo.png",1,1,false],"1536x1536":["https:\/\/radiofenix.com.ar\/2023\/wp-content\/uploads\/wp-header-logo.png",1,1,false],"2048x2048":["https:\/\/radiofenix.com.ar\/2023\/wp-content\/uploads\/wp-header-logo.png",1,1,false],"newsium-slider-full":["https:\/\/radiofenix.com.ar\/2023\/wp-content\/uploads\/wp-header-logo.png",1,1,false],"newsium-featured":["https:\/\/radiofenix.com.ar\/2023\/wp-content\/uploads\/wp-header-logo.png",1,1,false],"newsium-medium":["https:\/\/radiofenix.com.ar\/2023\/wp-content\/uploads\/wp-header-logo.png",1,1,false]},"author_info":{"info":[""]},"category_info":"<a href=\"https:\/\/radiofenix.com.ar\/2023\/category\/economia\/\" rel=\"category tag\">Economia<\/a>","tag_info":"Economia","comment_count":"0","_links":{"self":[{"href":"https:\/\/radiofenix.com.ar\/2023\/wp-json\/wp\/v2\/posts\/196723","targetHints":{"allow":["GET"]}}],"collection":[{"href":"https:\/\/radiofenix.com.ar\/2023\/wp-json\/wp\/v2\/posts"}],"about":[{"href":"https:\/\/radiofenix.com.ar\/2023\/wp-json\/wp\/v2\/types\/post"}],"replies":[{"embeddable":true,"href":"https:\/\/radiofenix.com.ar\/2023\/wp-json\/wp\/v2\/comments?post=196723"}],"version-history":[{"count":0,"href":"https:\/\/radiofenix.com.ar\/2023\/wp-json\/wp\/v2\/posts\/196723\/revisions"}],"wp:featuredmedia":[{"embeddable":true,"href":"https:\/\/radiofenix.com.ar\/2023\/wp-json\/wp\/v2\/media\/196724"}],"wp:attachment":[{"href":"https:\/\/radiofenix.com.ar\/2023\/wp-json\/wp\/v2\/media?parent=196723"}],"wp:term":[{"taxonomy":"category","embeddable":true,"href":"https:\/\/radiofenix.com.ar\/2023\/wp-json\/wp\/v2\/categories?post=196723"},{"taxonomy":"post_tag","embeddable":true,"href":"https:\/\/radiofenix.com.ar\/2023\/wp-json\/wp\/v2\/tags?post=196723"}],"curies":[{"name":"wp","href":"https:\/\/api.w.org\/{rel}","templated":true}]}}