{"id":196761,"date":"2024-12-23T08:57:13","date_gmt":"2024-12-23T08:57:13","guid":{"rendered":"https:\/\/radiofenix.com.ar\/2023\/cayo-un-avion-en-brasil-al-menos-9-personas-murieron-y-15-resultaron-heridas\/"},"modified":"2024-12-23T08:57:13","modified_gmt":"2024-12-23T08:57:13","slug":"cayo-un-avion-en-brasil-al-menos-9-personas-murieron-y-15-resultaron-heridas","status":"publish","type":"post","link":"https:\/\/radiofenix.com.ar\/2023\/cayo-un-avion-en-brasil-al-menos-9-personas-murieron-y-15-resultaron-heridas\/","title":{"rendered":"Cay\u00f3 un avi\u00f3n en Brasil: al menos 9 personas murieron y 15 resultaron heridas\u00a0"},"content":{"rendered":"<div><!-- Body --><\/p>\n<p>Al menos<b> nueve personas murieron<\/b> y 15 resultaron heridas este domingo tras la<b> ca\u00edda de un avi\u00f3n <\/b>de peque\u00f1o porte en la ciudad tur\u00edstica de Gramado, en el estado de Rio Grande do Sul, sur de Brasil. Por el momento, se desconocen los motivos del siniestro.\u00a0<\/p>\n<p>\u00abHay nueve muertos confirmados por (los servicios de) Defensa Civil y<b> no hay sobrevivientes del avi\u00f3n<\/b>\u00ab, inform\u00f3 el comisario Cl\u00e9ber dos Santos Lima, director del Departamento de Polic\u00eda del Interior de la Polic\u00eda Civil del estado.<\/p>\n<p>La aeronave, un turboh\u00e9lice Piper Cheyenne 400, <b>se estrell\u00f3 la ma\u00f1ana del domingo \u00abcontra la chimenea de un edificio, luego contra el segundo piso de una casa y despu\u00e9s cay\u00f3 sobre una tienda de muebles\u00bb<\/b>, precis\u00f3 en un comunicado la Secretar\u00eda de Seguridad P\u00fablica de Rio Grande do Sul.<\/p>\n<p>Los destrozos \u00abtambi\u00e9n alcanzaron a una posada\u00bb, a\u00f1adi\u00f3 el comunicado. <\/p>\n<p>Por el accidente tambi\u00e9n <b>resultaron heridas al menos 15 personas<\/b>, que fueron trasladadas al hospital de la zona, la mayor\u00eda<b> por haber inhalado humo del incendio<\/b> que se desat\u00f3 tras la ca\u00edda de la aeroanave, que ya fue controlado por los bomberos.<\/p>\n<p>El avi\u00f3n<b>\u00a0hab\u00eda despegado <\/b>este domingo del aeropuerto regional de<b> Canela<\/b>, pr\u00f3ximo a Gramado, y <b>se dirig\u00eda<\/b> a la ciudad costera de<b> Florian\u00f3polis<\/b>, otro popular destino tur\u00edstico para el periodo navide\u00f1o, de acuerdo con el Cuerpo de Bomberos.<\/p>\n<p>El gobernador de Rio Grande do Sul, <b>Eduardo Leite<\/b>, lament\u00f3 las muertes y dijo que est\u00e1 \u00abacompa\u00f1ando junto a las fuerzas de seguridad del Estado el triste episodio\u00bb, al tiempo que remarc\u00f3 que <b>la prioridad en este momento es aislar el \u00e1rea y atender a los heridos.<\/b><\/p>\n<p>Gramado es una popular ciudad tur\u00edstica en Brasil, con importante afluencia de visitantes en la \u00e9poca de Navidad.<\/p>\n<p>Este es el segundo accidente con varias v\u00edctimas fatales este fin de semana en Brasil, luego de que<b> 41 personas murieran el s\u00e1bado en un accidente de \u00f3mnibus en Minas Gerais (sureste)<\/b>.<\/p>\n<p><!-- Live Blog Post --><\/div>\n<p><a href=\"https:\/\/www.pagina12.com.ar\/792252-cayo-un-avion-en-brasil-al-menos-9-personas-murieron-y-15-re\">source<\/a><\/p>\n","protected":false},"excerpt":{"rendered":"<p>Al menos nueve personas murieron y 15 resultaron heridas este domingo tras la ca\u00edda de&#8230;<\/p>\n","protected":false},"author":0,"featured_media":196762,"comment_status":"open","ping_status":"open","sticky":false,"template":"","format":"standard","meta":{"footnotes":""},"categories":[7],"tags":[],"class_list":["post-196761","post","type-post","status-publish","format-standard","has-post-thumbnail","hentry","category-sociedad"],"featured_image_urls":{"full":["https:\/\/radiofenix.com.ar\/2023\/wp-content\/uploads\/wp-header-logo.png",0,0,false],"thumbnail":["https:\/\/radiofenix.com.ar\/2023\/wp-content\/uploads\/wp-header-logo.png",1,1,false],"medium":["https:\/\/radiofenix.com.ar\/2023\/wp-content\/uploads\/wp-header-logo.png",1,1,false],"medium_large":["https:\/\/radiofenix.com.ar\/2023\/wp-content\/uploads\/wp-header-logo.png",1,1,false],"large":["https:\/\/radiofenix.com.ar\/2023\/wp-content\/uploads\/wp-header-logo.png",1,1,false],"1536x1536":["https:\/\/radiofenix.com.ar\/2023\/wp-content\/uploads\/wp-header-logo.png",1,1,false],"2048x2048":["https:\/\/radiofenix.com.ar\/2023\/wp-content\/uploads\/wp-header-logo.png",1,1,false],"newsium-slider-full":["https:\/\/radiofenix.com.ar\/2023\/wp-content\/uploads\/wp-header-logo.png",1,1,false],"newsium-featured":["https:\/\/radiofenix.com.ar\/2023\/wp-content\/uploads\/wp-header-logo.png",1,1,false],"newsium-medium":["https:\/\/radiofenix.com.ar\/2023\/wp-content\/uploads\/wp-header-logo.png",1,1,false]},"author_info":{"info":[""]},"category_info":"<a href=\"https:\/\/radiofenix.com.ar\/2023\/category\/sociedad\/\" rel=\"category tag\">Sociedad<\/a>","tag_info":"Sociedad","comment_count":"0","_links":{"self":[{"href":"https:\/\/radiofenix.com.ar\/2023\/wp-json\/wp\/v2\/posts\/196761","targetHints":{"allow":["GET"]}}],"collection":[{"href":"https:\/\/radiofenix.com.ar\/2023\/wp-json\/wp\/v2\/posts"}],"about":[{"href":"https:\/\/radiofenix.com.ar\/2023\/wp-json\/wp\/v2\/types\/post"}],"replies":[{"embeddable":true,"href":"https:\/\/radiofenix.com.ar\/2023\/wp-json\/wp\/v2\/comments?post=196761"}],"version-history":[{"count":0,"href":"https:\/\/radiofenix.com.ar\/2023\/wp-json\/wp\/v2\/posts\/196761\/revisions"}],"wp:featuredmedia":[{"embeddable":true,"href":"https:\/\/radiofenix.com.ar\/2023\/wp-json\/wp\/v2\/media\/196762"}],"wp:attachment":[{"href":"https:\/\/radiofenix.com.ar\/2023\/wp-json\/wp\/v2\/media?parent=196761"}],"wp:term":[{"taxonomy":"category","embeddable":true,"href":"https:\/\/radiofenix.com.ar\/2023\/wp-json\/wp\/v2\/categories?post=196761"},{"taxonomy":"post_tag","embeddable":true,"href":"https:\/\/radiofenix.com.ar\/2023\/wp-json\/wp\/v2\/tags?post=196761"}],"curies":[{"name":"wp","href":"https:\/\/api.w.org\/{rel}","templated":true}]}}