{"id":196765,"date":"2024-12-23T08:57:16","date_gmt":"2024-12-23T08:57:16","guid":{"rendered":"https:\/\/radiofenix.com.ar\/2023\/alemania-subieron-a-cinco-los-muertos-y-a-mas-de-200-los-heridos-en-el-ataque-a-un-mercado-navideno\/"},"modified":"2024-12-23T08:57:16","modified_gmt":"2024-12-23T08:57:16","slug":"alemania-subieron-a-cinco-los-muertos-y-a-mas-de-200-los-heridos-en-el-ataque-a-un-mercado-navideno","status":"publish","type":"post","link":"https:\/\/radiofenix.com.ar\/2023\/alemania-subieron-a-cinco-los-muertos-y-a-mas-de-200-los-heridos-en-el-ataque-a-un-mercado-navideno\/","title":{"rendered":"Alemania: subieron a cinco los muertos y a m\u00e1s de 200 los heridos en el ataque a un mercado navide\u00f1o"},"content":{"rendered":"<div><!-- Body --><\/p>\n<p>La <b>cifra de muertos por el ataque del viernes, en el que un <\/b><a href=\"https:\/\/www.pagina12.com.ar\/792008-alemania-un-medico-embistio-con-su-auto-a-una-multitud\"><b>m\u00e9dico saud\u00ed embisti\u00f3 con su auto a una multitud en un mercado de Navidad<\/b><\/a> en la ciudad alemana de Magdeburgo, <b>ascendi\u00f3 este s\u00e1bado a cinco, adem\u00e1s de alrededor de 200 heridos<\/b>, 41 de ellos de gravedad, seg\u00fan los \u00faltimos balances de las autoridades locales. Las motivaciones del atacante todav\u00eda est\u00e1n siendo investigadas, mientras el pa\u00eds permanece en luto y varios mercados intensificaron sus medidas de seguridad.<\/p>\n<p><iframe style=\"border: 0px; position: absolute; top: 0px; left: 0px; height: 100%;\" allowfullscreen=\"\" frameborder=\"0\" src=\"https:\/\/www.youtube.com\/embed\/G9W26KlikQc\"><\/iframe><\/p>\n<h2>\u00abNuestro pa\u00eds est\u00e1 de luto\u00bb<\/h2>\n<p>Durante la jornada del s\u00e1bado, varios puntos de la ciudad se llenaron de flores en honor a las v\u00edctimas, al tiempo que la catedral organiz\u00f3 un acto religioso en favor de la \u00abunidad de los ciudadanos en tiempos dif\u00edciles\u00bb, seg\u00fan expres\u00f3 el Ayuntamiento de Magdeburgo en una nota. En una visita a la ciudad\u00a0el canciller <b><a href=\"https:\/\/www.pagina12.com.ar\/790884-alemania-scholz-pierde-la-mocion-de-confianza-para-adelantar\">Olaf Scholz<\/a> calific\u00f3 al ataque como un \u00abcrimen horrible y brutal\u00bb. \u00abTodo nuestro pa\u00eds est\u00e1 de luto con Magdeburgo\u00bb<\/b>, afirm\u00f3.<\/p>\n<p>En su intervenci\u00f3n, el jefe del Gobierno germano estuvo acompa\u00f1ado por Reiner Haseloff, el primer ministro de Sajonia-Anhalt, el estado federado donde se encuentra la ciudad atacada el viernes. Ambos prometieron hacer todo lo necesario para investigar lo ocurrido y aplicar todo el peso de la ley al responsable.<\/p>\n<p>\u00abTenemos que entender al delincuente, sus acciones y sus motivos con precisi\u00f3n para luego responder con el derecho penal y otras consecuencias necesarias, y lo haremos\u00bb, afirm\u00f3 Scholz al aludir a algunos de los muchos interrogantes que a\u00fan rodean las circunstancias del ataque, cuyo responsable fue detenido tras el atropello m\u00faltiple.<\/p>\n<h2>Datos del atacante<\/h2>\n<p>Seg\u00fan fuentes de seguridad alemanas, <b>el atacante es un ciudadano saud\u00ed de 50 a\u00f1os<\/b>, especialista en psiquiatr\u00eda y psicoterapia, que cuenta con un permiso de residencia permanente tras haber sido reconocido como <b>refugiado en Alemania en 2016<\/b>. Las mismas fuentes apuntaron que hab\u00eda trabajado en un centro penitenciario de Bernburg gestionado por el estado federado de Sajonia-Anhalt para atender a delincuentes adictos.<\/p>\n<p>Seg\u00fan el perfil trazado por los medios de comunicaci\u00f3n en las primeras 24 horas, <b>se identific\u00f3 al autor del hecho como \u00abTaleb A.\u00bb<\/b>, un hombre que hab\u00eda abandonado la fe musulmana, defendido los derechos humanos de las mujeres saud\u00edes y acusado, en redes sociales, a Alemania de difundir el Islam en Europa. <b>En una entrevista<\/b> al diario <i>Frankfurter Allgemeine Zeitung,<\/i> realizada en 2019, <b>se hab\u00eda definido como el \u00abm\u00e1s agresivo de los cr\u00edticos del Islam de la historia\u00bb<\/b>. En redes, tambi\u00e9n hab\u00eda manifestado <b>simpat\u00eda por el partido de ultraderecha Alternativa para Alemania (AfD)<\/b> y lanzado cr\u00edticas a la excanciller Angela Merkel, a la que acus\u00f3 de tener un plan para islamizar Europa.<\/p>\n<p>El sospechoso escribi\u00f3 en agosto en su cuenta de la red social X: \u00ab\u00bfExiste un camino hacia la justicia en Alemania sin volar una embajada alemana o sin degollar aleatoriamente a ciudadanos alemanes? Busco este camino pac\u00edfico desde enero de 2019 y no lo encuentro\u00bb.<\/p>\n<p><b>Fuentes del Gobierno saud\u00ed aseguraron a la agencia <i>DPA<\/i> que las autoridades alemanas estaban advertidas sobre \u00abTaleb A.\u00bb<\/b>, al que identifican como un chi\u00edta nacido en la localidad de Al Hofuf, en el este del pa\u00eds. Seg\u00fan estas fuentes, hace aproximadamente un a\u00f1o se emiti\u00f3 una advertencia sobre su tendencia radical, ya que se presentaba como un activista cr\u00edtico del Islam y se defin\u00eda a s\u00ed mismo como un exmusulm\u00e1n.<\/p>\n<h2>\u00abHablamos de un atentado\u00bb<\/h2>\n<p>Las autoridades responsables de la investigaci\u00f3n en Magdeburgo eludieron entrar en detalles sobre la motivaci\u00f3n del ataque del viernes, al que, sin embargo, s\u00ed calificaron como \u00abatentado\u00bb, seg\u00fan el t\u00e9rmino empleado por <b>Horst Nopens<\/b>, fiscal de la ciudad germana. <b>\u00abHablamos de un atentado, si ha sido un atentado terrorista no lo sabemos todav\u00eda\u00bb<\/b>, dijo Nopens en una rueda de prensa.<\/p>\n<p>\u00abDebemos valorar dispositivos de almacenamiento de datos, ordenadores, dispositivos m\u00f3viles y, al final, sabremos o esperamos saber qu\u00e9 lo movi\u00f3\u00bb, se\u00f1al\u00f3 el fiscal, acompa\u00f1ado por Tom Oliver Langhans, director de la Comisar\u00eda de Polic\u00eda de Magdeburgo, y Ronni Krug, responsable del Ayuntamiento de la ciudad.<\/p>\n<p>Horst Nopens indic\u00f3 que <b>una de las hip\u00f3tesis que consideran es que el atacante ten\u00eda un malestar con el tratamiento de los refugiados saud\u00edes en Alemania<\/b>. Tambi\u00e9n se presume que fue un ataque de un individuo en solitario porque los datos de la investigaci\u00f3n descartan un segundo implicado, remarc\u00f3 el jefe de la polic\u00eda de la ciudad, Tom-Oliver Langhans. Adem\u00e1s, indic\u00f3 que el sospechoso aprovech\u00f3 la ruta habilitada para emergencias para entrar en la zona del mercado navide\u00f1o y que fue arrestado en apenas tres minutos desde el inicio del ataque.<\/p>\n<p>Por su parte, Ronnie Krug explic\u00f3 que no se reabrir\u00e1 el mercado navide\u00f1o de la ciudad este a\u00f1o como gesto por las v\u00edctimas de este ataque, algunas de las cuales se debaten entre la vida y la muerte. \u00abNo podemos tener un mercadillo navide\u00f1o este a\u00f1o\u00bb, afirm\u00f3.<\/p>\n<p>Mientras tanto, <b>varios mercados alemanes<\/b>, como los de la ciudad sajona de Leipzig, los de Halle &#8211;urbe tambi\u00e9n situada en Sajonia-Anhalt&#8211; o los de Berl\u00edn <b>intensificaron sus medidas de seguridad<\/b>.<\/p>\n<p><!-- Live Blog Post --><\/div>\n<p><a href=\"https:\/\/www.pagina12.com.ar\/792142-alemania-subieron-a-cinco-los-muertos-y-a-mas-de-200-los-her\">source<\/a><\/p>\n","protected":false},"excerpt":{"rendered":"<p>La cifra de muertos por el ataque del viernes, en el que un m\u00e9dico saud\u00ed&#8230;<\/p>\n","protected":false},"author":0,"featured_media":196766,"comment_status":"open","ping_status":"open","sticky":false,"template":"","format":"standard","meta":{"footnotes":""},"categories":[60],"tags":[],"class_list":["post-196765","post","type-post","status-publish","format-standard","has-post-thumbnail","hentry","category-internacional"],"featured_image_urls":{"full":["https:\/\/radiofenix.com.ar\/2023\/wp-content\/uploads\/wp-header-logo.png",0,0,false],"thumbnail":["https:\/\/radiofenix.com.ar\/2023\/wp-content\/uploads\/wp-header-logo.png",1,1,false],"medium":["https:\/\/radiofenix.com.ar\/2023\/wp-content\/uploads\/wp-header-logo.png",1,1,false],"medium_large":["https:\/\/radiofenix.com.ar\/2023\/wp-content\/uploads\/wp-header-logo.png",1,1,false],"large":["https:\/\/radiofenix.com.ar\/2023\/wp-content\/uploads\/wp-header-logo.png",1,1,false],"1536x1536":["https:\/\/radiofenix.com.ar\/2023\/wp-content\/uploads\/wp-header-logo.png",1,1,false],"2048x2048":["https:\/\/radiofenix.com.ar\/2023\/wp-content\/uploads\/wp-header-logo.png",1,1,false],"newsium-slider-full":["https:\/\/radiofenix.com.ar\/2023\/wp-content\/uploads\/wp-header-logo.png",1,1,false],"newsium-featured":["https:\/\/radiofenix.com.ar\/2023\/wp-content\/uploads\/wp-header-logo.png",1,1,false],"newsium-medium":["https:\/\/radiofenix.com.ar\/2023\/wp-content\/uploads\/wp-header-logo.png",1,1,false]},"author_info":{"info":[""]},"category_info":"<a href=\"https:\/\/radiofenix.com.ar\/2023\/category\/internacional\/\" rel=\"category tag\">Internacional<\/a>","tag_info":"Internacional","comment_count":"0","_links":{"self":[{"href":"https:\/\/radiofenix.com.ar\/2023\/wp-json\/wp\/v2\/posts\/196765","targetHints":{"allow":["GET"]}}],"collection":[{"href":"https:\/\/radiofenix.com.ar\/2023\/wp-json\/wp\/v2\/posts"}],"about":[{"href":"https:\/\/radiofenix.com.ar\/2023\/wp-json\/wp\/v2\/types\/post"}],"replies":[{"embeddable":true,"href":"https:\/\/radiofenix.com.ar\/2023\/wp-json\/wp\/v2\/comments?post=196765"}],"version-history":[{"count":0,"href":"https:\/\/radiofenix.com.ar\/2023\/wp-json\/wp\/v2\/posts\/196765\/revisions"}],"wp:featuredmedia":[{"embeddable":true,"href":"https:\/\/radiofenix.com.ar\/2023\/wp-json\/wp\/v2\/media\/196766"}],"wp:attachment":[{"href":"https:\/\/radiofenix.com.ar\/2023\/wp-json\/wp\/v2\/media?parent=196765"}],"wp:term":[{"taxonomy":"category","embeddable":true,"href":"https:\/\/radiofenix.com.ar\/2023\/wp-json\/wp\/v2\/categories?post=196765"},{"taxonomy":"post_tag","embeddable":true,"href":"https:\/\/radiofenix.com.ar\/2023\/wp-json\/wp\/v2\/tags?post=196765"}],"curies":[{"name":"wp","href":"https:\/\/api.w.org\/{rel}","templated":true}]}}