{"id":196771,"date":"2024-12-24T08:57:41","date_gmt":"2024-12-24T08:57:41","guid":{"rendered":"https:\/\/radiofenix.com.ar\/2023\/brasil-no-para-de-acumular-tragedias-ahora-se-derrumbo-un-puente-en-tocantins\/"},"modified":"2024-12-24T08:57:41","modified_gmt":"2024-12-24T08:57:41","slug":"brasil-no-para-de-acumular-tragedias-ahora-se-derrumbo-un-puente-en-tocantins","status":"publish","type":"post","link":"https:\/\/radiofenix.com.ar\/2023\/brasil-no-para-de-acumular-tragedias-ahora-se-derrumbo-un-puente-en-tocantins\/","title":{"rendered":"Brasil no para de acumular tragedias: ahora se derrumb\u00f3 un puente en Tocantins"},"content":{"rendered":"<div><!-- Body --><\/p>\n<p>Al menos <b>dos personas murieron<\/b> este domingo tras el <b>derrumbe del puente<\/b>\u00a0Juscelino Kubitschek de Oliveira, que conecta los estados brasile\u00f1os de Maranhao (noreste) y Tocantins (norte).\u00a0Seg\u00fan informaron las autoridades locales, hay <b>12 personas desaparecidas.<\/b><\/p>\n<p>Hasta el momento se desconocen las causas del derrumbe, aunque se sabe que la viga central del puente colaps\u00f3, seg\u00fan el Departamento Nacional de Infraestructura de Transportes.<b\/><\/p>\n<div class=\"iframely-embed medium-embedded-content\" data-html=\"Jmx0O2RpdiZndDsmbHQ7ZGl2IHN0eWxlPSJsZWZ0OiAwOyB3aWR0aDogMTAwJTsgaGVpZ2h0OiAwOyBwb3NpdGlvbjogcmVsYXRpdmU7IHBhZGRpbmctYm90dG9tOiA1Ni4wNDE3JTsiJmd0OyZsdDtpZnJhbWUgc3JjPSJodHRwczovL2lmcmFtZWx5LnBhZ2luYTEyLmNvbS5hci9hcGkvaWZyYW1lP2NsaWNrX3RvX3BsYXk9MSZhbXA7dXJsPWh0dHBzJTNBJTJGJTJGZ2VvLmRhaWx5bW90aW9uLmNvbSUyRnBsYXllciUyRnh0NWVlLmh0bWwlM0Z2aWRlbyUzRHg5YjltNmcmYW1wO2tleT00Njc2YjVmZGMwODMyNTdlYTg3ZjcxNjA4Yzc0ZTlmZSIgc3R5bGU9InRvcDogMDsgbGVmdDogMDsgd2lkdGg6IDEwMCU7IGhlaWdodDogMTAwJTsgcG9zaXRpb246IGFic29sdXRlOyBib3JkZXI6IDA7IiBhbGxvd2Z1bGxzY3JlZW4gc2Nyb2xsaW5nPSJubyIgYWxsb3c9ImVuY3J5cHRlZC1tZWRpYSAqOyImZ3Q7Jmx0Oy9pZnJhbWUmZ3Q7Jmx0Oy9kaXYmZ3Q7Jmx0Oy9kaXYmZ3Q7Jmx0O2RpdiBjbGFzcz0ibWVkaXVtLWluc2VydC1lbWJlZHMtbWV0YSImZ3Q7Jmx0O3NjcmlwdCB0eXBlPSJ0ZXh0L2pzb24iJmd0O3sidXJsIjoiaHR0cHM6Ly9nZW8uZGFpbHltb3Rpb24uY29tL3BsYXllci94dDVlZS5odG1sP3ZpZGVvPXg5YjltNmciLCJ0eXBlIjoidmlkZW8iLCJ2ZXJzaW9uIjoiMS4wIiwidGl0bGUiOiJTZSBkZXJydW1iYSB1biBwdWVudGUgZW4gQnJhc2lsIG1pZW50cmFzIHVuIGNvbmNlamFsIGdyYWJhIHVuIHbDrWRlbyIsImF1dGhvciI6IlDDoWdpbmExMiIsImF1dGhvcl91cmwiOiJodHRwczovL3d3dy5kYWlseW1vdGlvbi5jb20vUGFnaW5hMTIiLCJwcm92aWRlcl9uYW1lIjoiRGFpbHltb3Rpb24iLCJkZXNjcmlwdGlvbiI6IlZlciBTZSBkZXJydW1iYSB1biBwdWVudGUgZW4gQnJhc2lsIG1pZW50cmFzIHVuIGNvbmNlamFsIGdyYWJhIHVuIHbDrWRlbyAtIFDDoWdpbmExMiBlbiBEYWlseW1vdGlvbiIsInRodW1ibmFpbF91cmwiOiJodHRwczovL3MyLmRtY2RuLm5ldC92L1hhOFU4MWRRUmdFYkJJT1gwL3g3MjAiLCJ0aHVtYm5haWxfd2lkdGgiOjEyODAsInRodW1ibmFpbF9oZWlnaHQiOjcyMCwiY2FjaGVfYWdlIjo4NjQwMH0mbHQ7L3NjcmlwdCZndDsmbHQ7L2RpdiZndDs=\">\n                <a data-iframely-url=\"\" href=\"https:\/\/geo.dailymotion.com\/player\/xt5ee.html?video=x9b9m6g\">https:\/\/geo.dailymotion.com\/player\/xt5ee.html?video=x9b9m6g<\/a>\n              <\/div>\n<p>Sobre el tramo que se cay\u00f3, precisaron las autoridades, viajaban <b>cuatro camiones, dos autos y dos motos.<\/b><\/p>\n<p>Dos de los camiones<b> transportaban \u00e1cido sulf\u00farico<\/b>, lo que \u00abdificulta la b\u00fasqueda\u00bb de los desaparecidos por la posible <b>contaminaci\u00f3n \u00abt\u00f3xica\u00bb del agua bajo el puente,<\/b> explic\u00f3 un portavoz de la Polic\u00eda Rodoviaria Federal.<\/p>\n<p>Debido a las dificultades, los trabajos de b\u00fasqueda se encontraban interrumpidos en la ma\u00f1ana del lunes, mientras los bomberos buscaban la forma de retomarlos. El abastecimiento del agua en la zona, en tanto, tambi\u00e9n fue suspendido.<\/p>\n<p>Con m\u00e1s de medio kil\u00f3metro de longitud, el puente Juscelino Kubitschek de Oliveira, construido en los a\u00f1os sesenta, es la principal v\u00eda de conexi\u00f3n entre Maranhao y Tocantins.<\/p>\n<p>Justo antes del derrumbe del puente, Elias Junior, concejal de la ciudad de Aguiarnopolis, en Tocantins, estaba grabando junto a un compa\u00f1ero un video pidiendo a las autoridades locales que lo arreglen.\u00a0<\/p>\n<p>\u201cLes voy a mostrar, quiero que este video llegue a las autoridades competentes, (&#8230;) diputados federales, senadores.<b> Este puente tiene m\u00e1s de 60 a\u00f1os de existencia<\/b> y, como pueden ver a trav\u00e9s de las redes sociales, las noticias lo han demostrado mucho (&#8230;)<b>\u00a0el puente ya no soporta el gran flujo de veh\u00edculos pesados que pasan por aqu\u00ed<\/b>\u201d, explicaba Junior.<\/p>\n<p>En ese momento, su compa\u00f1ero, quien se ocupaba de filmar, nota una grieta que se abre en la construcci\u00f3n, tras lo cual comienza a correr y le pide al concejal que haga lo mismo. Luego, se ve c\u00f3mo la estructura comienza a derrumbarse, tras lo cual se corta la grabaci\u00f3n.<\/p>\n<p>Por lo ocurrido, el Departamento Nacional de Infraestructura de Transportes (DNIT) dispuso el cierre completo del puente y envi\u00f3 equipos especializados para investigar las causas del incidente y determinar las reparaciones necesarias.\u00a0<\/p>\n<p>Mientras tanto, las autoridades implementaron desv\u00edos, ofreciendo rutas alternativas para garantizar la movilidad en la regi\u00f3n.<\/p>\n<h2>Un fin de semana tr\u00e1gico<\/h2>\n<p>Este fin de semana, Brasil sufri\u00f3 otros dos accidentes graves con v\u00edctimas fatales. El primero ocurri\u00f3 en la noche del s\u00e1bado, cuando 41 personas murieron en un accidente de \u00f3mnibus en el estado de Minas Gerais (sureste), que habr\u00eda ocurrido luego de que la carga de un cami\u00f3n se desprendiera de su carrocer\u00eda e impactara contra el \u00f3mbibus en la carretera.<\/p>\n<p>El segundo accidente del fin de semana tuvo lugar en la ma\u00f1ana del domingo, cuando <a href=\"https:\/\/www.pagina12.com.ar\/792252-cayo-un-avion-en-brasil-al-menos-9-personas-murieron-y-15-re\">un avi\u00f3n de peque\u00f1o porte cay\u00f3 en la ciudad tur\u00edstica de Gramado<\/a>, en el estado de Rio Grande do Sul, dejando como saldo 9 muertos y 15 heridos.\u00a0<\/p>\n<p><!-- Live Blog Post --><\/div>\n<p><a href=\"https:\/\/www.pagina12.com.ar\/792463-brasil-no-para-de-acumular-tragedias-ahora-se-derrumbo-un-pu\">source<\/a><\/p>\n","protected":false},"excerpt":{"rendered":"<p>Al menos dos personas murieron este domingo tras el derrumbe del puente\u00a0Juscelino Kubitschek de Oliveira,&#8230;<\/p>\n","protected":false},"author":0,"featured_media":196772,"comment_status":"open","ping_status":"open","sticky":false,"template":"","format":"standard","meta":{"footnotes":""},"categories":[7],"tags":[],"class_list":["post-196771","post","type-post","status-publish","format-standard","has-post-thumbnail","hentry","category-sociedad"],"featured_image_urls":{"full":["https:\/\/radiofenix.com.ar\/2023\/wp-content\/uploads\/wp-header-logo.png",0,0,false],"thumbnail":["https:\/\/radiofenix.com.ar\/2023\/wp-content\/uploads\/wp-header-logo.png",1,1,false],"medium":["https:\/\/radiofenix.com.ar\/2023\/wp-content\/uploads\/wp-header-logo.png",1,1,false],"medium_large":["https:\/\/radiofenix.com.ar\/2023\/wp-content\/uploads\/wp-header-logo.png",1,1,false],"large":["https:\/\/radiofenix.com.ar\/2023\/wp-content\/uploads\/wp-header-logo.png",1,1,false],"1536x1536":["https:\/\/radiofenix.com.ar\/2023\/wp-content\/uploads\/wp-header-logo.png",1,1,false],"2048x2048":["https:\/\/radiofenix.com.ar\/2023\/wp-content\/uploads\/wp-header-logo.png",1,1,false],"newsium-slider-full":["https:\/\/radiofenix.com.ar\/2023\/wp-content\/uploads\/wp-header-logo.png",1,1,false],"newsium-featured":["https:\/\/radiofenix.com.ar\/2023\/wp-content\/uploads\/wp-header-logo.png",1,1,false],"newsium-medium":["https:\/\/radiofenix.com.ar\/2023\/wp-content\/uploads\/wp-header-logo.png",1,1,false]},"author_info":{"info":[""]},"category_info":"<a href=\"https:\/\/radiofenix.com.ar\/2023\/category\/sociedad\/\" rel=\"category tag\">Sociedad<\/a>","tag_info":"Sociedad","comment_count":"0","_links":{"self":[{"href":"https:\/\/radiofenix.com.ar\/2023\/wp-json\/wp\/v2\/posts\/196771","targetHints":{"allow":["GET"]}}],"collection":[{"href":"https:\/\/radiofenix.com.ar\/2023\/wp-json\/wp\/v2\/posts"}],"about":[{"href":"https:\/\/radiofenix.com.ar\/2023\/wp-json\/wp\/v2\/types\/post"}],"replies":[{"embeddable":true,"href":"https:\/\/radiofenix.com.ar\/2023\/wp-json\/wp\/v2\/comments?post=196771"}],"version-history":[{"count":0,"href":"https:\/\/radiofenix.com.ar\/2023\/wp-json\/wp\/v2\/posts\/196771\/revisions"}],"wp:featuredmedia":[{"embeddable":true,"href":"https:\/\/radiofenix.com.ar\/2023\/wp-json\/wp\/v2\/media\/196772"}],"wp:attachment":[{"href":"https:\/\/radiofenix.com.ar\/2023\/wp-json\/wp\/v2\/media?parent=196771"}],"wp:term":[{"taxonomy":"category","embeddable":true,"href":"https:\/\/radiofenix.com.ar\/2023\/wp-json\/wp\/v2\/categories?post=196771"},{"taxonomy":"post_tag","embeddable":true,"href":"https:\/\/radiofenix.com.ar\/2023\/wp-json\/wp\/v2\/tags?post=196771"}],"curies":[{"name":"wp","href":"https:\/\/api.w.org\/{rel}","templated":true}]}}