{"id":196775,"date":"2024-12-24T08:57:44","date_gmt":"2024-12-24T08:57:44","guid":{"rendered":"https:\/\/radiofenix.com.ar\/2023\/joe-biden-conmuto-las-penas-de-37-condenados-a-muerte-en-ee-uu\/"},"modified":"2024-12-24T08:57:44","modified_gmt":"2024-12-24T08:57:44","slug":"joe-biden-conmuto-las-penas-de-37-condenados-a-muerte-en-ee-uu","status":"publish","type":"post","link":"https:\/\/radiofenix.com.ar\/2023\/joe-biden-conmuto-las-penas-de-37-condenados-a-muerte-en-ee-uu\/","title":{"rendered":"Joe Biden conmut\u00f3 las penas de 37 condenados a muerte en EE.UU."},"content":{"rendered":"<div><!-- Body --><\/p>\n<p>El presidente de los <b>Estados Unidos<\/b>, <b><a href=\"https:\/\/www.pagina12.com.ar\/tags\/33131-joe-biden\">Joe Biden<\/a><\/b>, anunci\u00f3 que <b><a href=\"https:\/\/www.pagina12.com.ar\/789974-ee-uu-biden-indulto-a-39-presos-y-redujo-penas-a-1-500-perso\">conmutar\u00e1 <\/a>37 de las 40 <a href=\"https:\/\/www.pagina12.com.ar\/787135-joe-biden-indulto-a-su-hijo-hunter\">sentencias <\/a>a la pena capital<\/b> en el pa\u00eds este lunes,<b> a menos de un mes de <a href=\"https:\/\/www.pagina12.com.ar\/787265-el-indulto-de-biden-a-su-hijo-podria-ser-un-arma-de-doble-fi\">abandonar el cargo<\/a><\/b>, sin modificar la condena en casos de <b>terrorismo <\/b>y<b> cr\u00edmenes de odio<\/b>. Seg\u00fan <a href=\"https:\/\/www.whitehouse.gov\/briefing-room\/statements-releases\/2024\/12\/23\/statement-from-president-joe-biden-on-federal-death-row-commutations\/\" target=\"_blank\" rel=\"noopener\">el comunicado<\/a> expedido por la Casa Blanca, todas las sentencias conmutadas se reclasificar\u00e1n, convirti\u00e9ndose en cadenas perpetuas sin posibilidad de libertad condicional. Con esta decisi\u00f3n, el dem\u00f3crata se convierte en <b>el presidente con la mayor cantidad de conmutaciones emitidas sobre el final de su mandato<\/b>.<\/p>\n<h2><span>Un presidente contra la pena de muerte<\/span><\/h2>\n<p>\u00abHe dedicado mi carrera a reducir los cr\u00edmenes violentos y a garantizar un sistema de justicia justo y efectivo\u00bb, afirm\u00f3 Biden en el texto, donde asegur\u00f3 que <b>su objetivo es poner fin al uso de la pena de muerte a nivel federal<\/b>, salvo en \u00abcasos de <b>terrorismo <\/b>y <b>asesinatos en masa motivados por el odio<\/b>\u00ab.\u00a0El mandatario saliente siempre fue un firme opositor de la pena de muerte.\u00a0<\/p>\n<p>Al inicio de su mandato, en enero de 2021, su administraci\u00f3n impuso una <b>moratoria a las ejecuciones federales<\/b>, una pol\u00edtica que, con su medida reciente, <b>impedir\u00e1<\/b> que la administraci\u00f3n de su sucesor, <b>Donald Trump<\/b>, \u00abconfirme las sentencias de ejecuci\u00f3n que no se dictar\u00edan con la pol\u00edtica y la pr\u00e1ctica actuales\u00bb. A principios de diciembre, <b>Biden tambi\u00e9n otorg\u00f3 un <a href=\"https:\/\/www.whitehouse.gov\/briefing-room\/statements-releases\/2024\/12\/12\/fact-sheet-president-biden-announces-clemency-for-nearly-1500-americans\/\" target=\"_blank\" rel=\"noopener\">indulto hist\u00f3rico<\/a> a aproximadamente 1500 personas<\/b>, el m\u00e1ximo n\u00famero de perdones otorgados en un solo d\u00eda, quienes hab\u00edan demostrado <b>rehabilitaci\u00f3n exitosa y un sobresaliente compromiso comunitario<\/b>.\u00a0<\/p>\n<div class=\"iframely-embed medium-embedded-content\" data-html=\"Jmx0O2Jsb2NrcXVvdGUgY2xhc3M9InR3aXR0ZXItdHdlZXQiIGRhdGEtZG50PSJ0cnVlIiBhbGlnbj0iY2VudGVyIiZndDsmbHQ7cCBsYW5nPSJlbiIgZGlyPSJsdHIiJmd0O0kgYW0gY29tbXV0aW5nIHRoZSBzZW50ZW5jZXMgb2YgMzcgaW5kaXZpZHVhbHMgb24gZmVkZXJhbCBkZWF0aCByb3cgdG8gbGlmZSBzZW50ZW5jZXMgd2l0aG91dCB0aGUgcG9zc2liaWxpdHkgb2YgcGFyb2xlLiZsdDticiZndDsmbHQ7YnImZ3Q7VGhpcyBhY3Rpb24gaXMgY29uc2lzdGVudCB3aXRoIG15IEFkbWluaXN0cmF0aW9uJmFtcDsjMzk7cyBtb3JhdG9yaXVtIG9uIGZlZGVyYWwgZXhlY3V0aW9ucywgZXhjZXB0IGZvciBjYXNlcyBpbnZvbHZpbmcgdGVycm9yaXNtIGFuZCBoYXRlLW1vdGl2YXRlZCBtYXNzIG11cmRlci4gJmx0O2EgaHJlZj0iaHR0cHM6Ly90LmNvL09ieGZ5dHh4YmIiJmd0O3BpYy50d2l0dGVyLmNvbS9PYnhmeXR4eGJiJmx0Oy9hJmd0OyZsdDsvcCZndDsmYW1wO21kYXNoOyBQcmVzaWRlbnQgQmlkZW4gKEBQT1RVUykgJmx0O2EgaHJlZj0iaHR0cHM6Ly90d2l0dGVyLmNvbS9QT1RVUy9zdGF0dXMvMTg3MTIyNjc2Mzk3NzYwMTMzNT9yZWZfc3JjPXR3c3JjJTVFdGZ3IiZndDtEZWNlbWJlciAyMywgMjAyNCZsdDsvYSZndDsmbHQ7L2Jsb2NrcXVvdGUmZ3Q7CiZsdDtzY3JpcHQgYXN5bmMgc3JjPSJodHRwczovL3BsYXRmb3JtLnR3aXR0ZXIuY29tL3dpZGdldHMuanMiIGNoYXJzZXQ9InV0Zi04IiZndDsmbHQ7L3NjcmlwdCZndDsKCiZsdDtkaXYgY2xhc3M9Im1lZGl1bS1pbnNlcnQtZW1iZWRzLW1ldGEiJmd0OyZsdDtzY3JpcHQgdHlwZT0idGV4dC9qc29uIiZndDt7InVybCI6Imh0dHBzOi8vdHdpdHRlci5jb20vUE9UVVMvc3RhdHVzLzE4NzEyMjY3NjM5Nzc2MDEzMzUiLCJ0eXBlIjoicmljaCIsInZlcnNpb24iOiIxLjAiLCJ0aXRsZSI6IlByZXNpZGVudCBCaWRlbiBvbiBUd2l0dGVyIC8gWCIsImF1dGhvciI6IlByZXNpZGVudCBCaWRlbiIsImF1dGhvcl91cmwiOiJodHRwczovL3R3aXR0ZXIuY29tL1BPVFVTIiwicHJvdmlkZXJfbmFtZSI6IlR3aXR0ZXIiLCJkZXNjcmlwdGlvbiI6IkkgYW0gY29tbXV0aW5nIHRoZSBzZW50ZW5jZXMgb2YgMzcgaW5kaXZpZHVhbHMgb24gZmVkZXJhbCBkZWF0aCByb3cgdG8gbGlmZSBzZW50ZW5jZXMgd2l0aG91dCB0aGUgcG9zc2liaWxpdHkgb2YgcGFyb2xlLlRoaXMgYWN0aW9uIGlzIGNvbnNpc3RlbnQgd2l0aCBteSBBZG1pbmlzdHJhdGlvbidzIG1vcmF0b3JpdW0gb24gZmVkZXJhbCBleGVjdXRpb25zLCBleGNlcHQgZm9yIGNhc2VzIGludm9sdmluZyB0ZXJyb3Jpc20gYW5kIGhhdGUtbW90aXZhdGVkIG1hc3MgbXVyZGVyLiBwaWMudHdpdHRlci5jb20vT2J4Znl0eHhiYuKAlCBQcmVzaWRlbnQgQmlkZW4gKEBQT1RVUykgRGVjZW1iZXIgMjMsIDIwMjRcblxuXG4iLCJ0aHVtYm5haWxfdXJsIjoiaHR0cHM6Ly9wYnMudHdpbWcuY29tL21lZGlhL0dmZnUweWVXc0FBZnNZOS5qcGc6bGFyZ2UiLCJ0aHVtYm5haWxfd2lkdGgiOjEwNjQsInRodW1ibmFpbF9oZWlnaHQiOjEzMTcsImNhY2hlX2FnZSI6ODY0MDAsIm9wdGlvbnMiOnsiX2hpZGVfbWVkaWEiOnsibGFiZWwiOiJIaWRlIHBob3RvcywgdmlkZW9zLCBhbmQgY2FyZHMiLCJ2YWx1ZSI6ZmFsc2V9LCJfdGhlbWUiOnsidmFsdWUiOiIiLCJ2YWx1ZXMiOnsiZGFyayI6IlVzZSBkYXJrIHRoZW1lIn19LCJfbWF4d2lkdGgiOnsidmFsdWUiOiIiLCJsYWJlbCI6IkFkanVzdCB3aWR0aCIsInBsYWNlaG9sZGVyIjoiMjIwLTU1MCwgaW4gcHgifX19Jmx0Oy9zY3JpcHQmZ3Q7Jmx0Oy9kaXYmZ3Q7\">\n                <a data-iframely-url=\"\" href=\"https:\/\/twitter.com\/POTUS\/status\/1871226763977601335\">https:\/\/twitter.com\/POTUS\/status\/1871226763977601335<\/a>\n              <\/div>\n<p>En el listado de los conmutados se encuentran personas en prisi\u00f3n domiciliaria durante la pandemia de covid-19, as\u00ed como 39 indultos para condenados por delitos no violentos. <b>Biden <\/b>tambi\u00e9n fue<b> el primer presidente en otorgar <a href=\"https:\/\/www.whitehouse.gov\/briefing-room\/presidential-actions\/2023\/12\/22\/a-proclamation-on-granting-pardon-for-the-offense-of-simple-possession-of-marijuana-attempted-simple-possession-of-marijuana-or-use-of-marijuana\/\" target=\"_blank\" rel=\"noopener\">indultos <\/a>a personas condenadas por el uso y posesi\u00f3n de marihuana<\/b>, y a<a href=\"https:\/\/www.whitehouse.gov\/briefing-room\/statements-releases\/2024\/06\/26\/statement-from-president-joe-biden-on-the-pardon-of-lgbtqi-service-members-wrongly-convicted\/\" target=\"_blank\" rel=\"noopener\"> <b>exmiembros de las Fuerzas Armadas<\/b><\/a><b\/> pertenecientes al colectivo LGBTQI+, <b>condenados por conducta privada debido a su orientaci\u00f3n sexual<\/b>.\u00a0<\/p>\n<p>Hace poco\u00a0<b>el presidente saliente caus\u00f3 gran revuelo al conceder el indulto a su hijo Hunter<\/b>, quien se enfrentaba a condenas en<b> dos casos penales por evasi\u00f3n fiscal y posesi\u00f3n ilegal de un arma de fuego<\/b>, despu\u00e9s de prometer que no lo perdonar\u00eda. La medida fue muy criticada en el pa\u00eds, especialmente por el partido republicano e incluso por algunos de sus colegas dem\u00f3cratas.<\/p>\n<h2>\u00abCon la conciencia tranquila\u00bb<\/h2>\n<p><b>\u00abQue nadie se equivoque: condeno a estos asesinos, lamento las v\u00edctimas de sus actos y me solidarizo con las familias que han sufrido p\u00e9rdidas irreparables\u00bb<\/b>, dijo <b>Biden<\/b>\u00a0este lunes, destacando que, guiado por su conciencia y experiencia como defensor p\u00fablico, est\u00e1 \u00abm\u00e1s convencido que nunca\u00bb de que la pena de muerte debe ser abolida a nivel federal. \u00abCon la conciencia tranquila, no puedo dar un paso atr\u00e1s y permitir que una nueva administraci\u00f3n reanude las ejecuciones que yo detuve\u00bb, concluy\u00f3 Biden.\u00a0<\/p>\n<p>Para muchos defensores de los derechos civiles, la decisi\u00f3n del mandatario dem\u00f3crata es un paso importante hacia la abolici\u00f3n de la pena de muerte. \u00abEl presidente Biden ha tomado la medida m\u00e1s significativa de cualquier presidente en nuestra historia para abordar los da\u00f1os inmorales e inconstitucionales de la pena capital\u00bb, dijo <b>Anthony Romero<\/b>, director ejecutivo de la Uni\u00f3n Estadounidense por las Libertades Civiles (ACLU), en un comunicado.\u00a0<b>Martin Luther King III<\/b>, hijo del ic\u00f3nico activista de derechos civiles <b>Martin Luther King Jr.<\/b>, tambi\u00e9n celebr\u00f3 la decisi\u00f3n como un <b>\u00abd\u00eda hist\u00f3rico\u00bb<\/b>.<\/p>\n<div class=\"iframely-embed medium-embedded-content\" data-html=\"Jmx0O2Jsb2NrcXVvdGUgY2xhc3M9InR3aXR0ZXItdHdlZXQiIGRhdGEtZG50PSJ0cnVlIiBhbGlnbj0iY2VudGVyIiZndDsmbHQ7cCBsYW5nPSJlbiIgZGlyPSJsdHIiJmd0O0kgYXBwbGF1ZCBQcmVzaWRlbnQgQmlkZW7igJlzIGNvdXJhZ2VvdXMgZGVjaXNpb24gdG8gY29tbXV0ZSAzNyBmZWRlcmFsIGRlYXRoIHJvdyBzZW50ZW5jZXMuIFRoaXMgaGlzdG9yaWMgc3RlcCBjb25mcm9udHMgdGhlIHJhY2lhbCBiaWFzIGFuZCBoYXJtIGNhdXNlZCBieSB0aGUgZGVhdGggcGVuYWx0eSBzeXN0ZW0gYW5kIGFuc3dlcnMgdGhlIGNhbGwgd2UgbWFkZSB0byBwcmlvcml0aXplIGp1c3RpY2UsIGRpZ25pdHksIGFuZCB0aGUgdmFsdWUgb2YgYWxsIGh1bWFuIGxpZmUuICZsdDthIGhyZWY9Imh0dHBzOi8vdC5jby9PN2lYdDZ6RG92IiZndDtodHRwczovL3QuY28vTzdpWHQ2ekRvdiZsdDsvYSZndDsmbHQ7L3AmZ3Q7JmFtcDttZGFzaDsgTWFydGluIEx1dGhlciBLaW5nIElJSSAoQE9mZmljaWFsTUxLMykgJmx0O2EgaHJlZj0iaHR0cHM6Ly90d2l0dGVyLmNvbS9PZmZpY2lhbE1MSzMvc3RhdHVzLzE4NzEyMzEyNjY1MDg3NTQ5NzU\/cmVmX3NyYz10d3NyYyU1RXRmdyImZ3Q7RGVjZW1iZXIgMjMsIDIwMjQmbHQ7L2EmZ3Q7Jmx0Oy9ibG9ja3F1b3RlJmd0OwombHQ7c2NyaXB0IGFzeW5jIHNyYz0iaHR0cHM6Ly9wbGF0Zm9ybS50d2l0dGVyLmNvbS93aWRnZXRzLmpzIiBjaGFyc2V0PSJ1dGYtOCImZ3Q7Jmx0Oy9zY3JpcHQmZ3Q7CgombHQ7ZGl2IGNsYXNzPSJtZWRpdW0taW5zZXJ0LWVtYmVkcy1tZXRhIiZndDsmbHQ7c2NyaXB0IHR5cGU9InRleHQvanNvbiImZ3Q7eyJ1cmwiOiJodHRwczovL3R3aXR0ZXIuY29tL09mZmljaWFsTUxLMy9zdGF0dXMvMTg3MTIzMTI2NjUwODc1NDk3NSIsInR5cGUiOiJyaWNoIiwidmVyc2lvbiI6IjEuMCIsInRpdGxlIjoiTWFydGluIEx1dGhlciBLaW5nIElJSSBvbiBUd2l0dGVyIC8gWCIsImF1dGhvciI6Ik1hcnRpbiBMdXRoZXIgS2luZyBJSUkiLCJhdXRob3JfdXJsIjoiaHR0cHM6Ly90d2l0dGVyLmNvbS9PZmZpY2lhbE1MSzMiLCJwcm92aWRlcl9uYW1lIjoiVHdpdHRlciIsImRlc2NyaXB0aW9uIjoiSSBhcHBsYXVkIFByZXNpZGVudCBCaWRlbuKAmXMgY291cmFnZW91cyBkZWNpc2lvbiB0byBjb21tdXRlIDM3IGZlZGVyYWwgZGVhdGggcm93IHNlbnRlbmNlcy4gVGhpcyBoaXN0b3JpYyBzdGVwIGNvbmZyb250cyB0aGUgcmFjaWFsIGJpYXMgYW5kIGhhcm0gY2F1c2VkIGJ5IHRoZSBkZWF0aCBwZW5hbHR5IHN5c3RlbSBhbmQgYW5zd2VycyB0aGUgY2FsbCB3ZSBtYWRlIHRvIHByaW9yaXRpemUganVzdGljZSwgZGlnbml0eSwgYW5kIHRoZSB2YWx1ZSBvZiBhbGwgaHVtYW4gbGlmZS4gaHR0cHM6Ly90LmNvL083aVh0NnpEb3bigJQgTWFydGluIEx1dGhlciBLaW5nIElJSSAoQE9mZmljaWFsTUxLMykgRGVjZW1iZXIgMjMsIDIwMjRcblxuXG4iLCJjYWNoZV9hZ2UiOjg2NDAwLCJvcHRpb25zIjp7Il9oaWRlX21lZGlhIjp7ImxhYmVsIjoiSGlkZSBwaG90b3MsIHZpZGVvcywgYW5kIGNhcmRzIiwidmFsdWUiOmZhbHNlfSwiX3RoZW1lIjp7InZhbHVlIjoiIiwidmFsdWVzIjp7ImRhcmsiOiJVc2UgZGFyayB0aGVtZSJ9fSwiX21heHdpZHRoIjp7InZhbHVlIjoiIiwibGFiZWwiOiJBZGp1c3Qgd2lkdGgiLCJwbGFjZWhvbGRlciI6IjIyMC01NTAsIGluIHB4In19fSZsdDsvc2NyaXB0Jmd0OyZsdDsvZGl2Jmd0Ow==\">\n                <a data-iframely-url=\"\" href=\"https:\/\/twitter.com\/OfficialMLK3\/status\/1871231266508754975\">https:\/\/twitter.com\/OfficialMLK3\/status\/1871231266508754975<\/a>\n              <\/div>\n<h2>Las excepciones al perd\u00f3n<\/h2>\n<p>Entre los beneficiarios del perd\u00f3n del mandatario dem\u00f3crata figuran varios condenados por asesinatos vinculados a narcotr\u00e1fico y ajustes de cuentas, pero hubo tres casos en los que no se extendi\u00f3 la conmutaci\u00f3n:\u00a0Dzhokhar Tsarnaev, uno de los responsables del atentado en la marat\u00f3n de Boston en 2013, que dej\u00f3 tres muertos y m\u00e1s de 260 heridos; Robert Bowers, quien asesin\u00f3 a 11 personas en una sinagoga de Pittsburgh en 2018; y Dylann Roof, condenado por el asesinato de nueve feligreses afroamericanos en Carolina del Sur en 2015.<\/p>\n<p>El mandatario enfrent\u00f3 duras cr\u00edticas por la decisi\u00f3n, particularmente por parte del gobernador de Pensilvania, el dem\u00f3crata Josh Shapiro, debido a la inclusi\u00f3n en las conmutaciones de un juez de Pensilvania condenado en 2011 por enviar ni\u00f1os a prisi\u00f3n a cambio de sobornos millonarios en el esquema conocido como \u00abCash for Kids\u00bb (Dinero por ni\u00f1os).<\/p>\n<p>El partido republicano tiene una postura distinta frente a la pena capital. Durante su campa\u00f1a electoral este a\u00f1o el presidente electo, Donald Trump, defendi\u00f3 el uso de la pena de muerte para castigar a migrantes que asesinen a ciudadanos estadounidenses y a traficantes de drogas y de personas.\u00a0<\/p>\n<p><b>En los \u00faltimos seis meses del primer mandato de Trump hubo 13 ejecuciones a nivel federal<\/b>, m\u00e1s que cualquier otro presidente estadounidense en 120 a\u00f1os. La \u00faltima se llev\u00f3 a cabo mediante inyecci\u00f3n letal en una prisi\u00f3n de Indiana, en enero de 2021,<b> cuatro d\u00edas antes de que Trump dejara la Casa Blanca<\/b>.<\/p>\n<p>Actualmente\u00a0<b>la pena de muerte est\u00e1 abolida en 23 de los 50 estados de Estados Unidos<\/b>, mientras que en otros seis estados (Arizona, California, Ohio, Oreg\u00f3n, Pensilvania y Tennessee) rige una moratoria. La medida de Biden, sin embargo, no afecta a los estados que mantienen la pena capital a nivel estatal.<\/p>\n<p><!-- Live Blog Post --><\/div>\n<p><script async src=\"\/\/platform.twitter.com\/widgets.js\" charset=\"utf-8\"><\/script><br \/><a href=\"https:\/\/www.pagina12.com.ar\/792524-joe-biden-conmuto-las-penas-de-37-condenados-a-muerte-en-ee-\">source<\/a><\/p>\n","protected":false},"excerpt":{"rendered":"<p>El presidente de los Estados Unidos, Joe Biden, anunci\u00f3 que conmutar\u00e1 37 de las 40&#8230;<\/p>\n","protected":false},"author":0,"featured_media":196776,"comment_status":"open","ping_status":"open","sticky":false,"template":"","format":"standard","meta":{"footnotes":""},"categories":[60],"tags":[],"class_list":["post-196775","post","type-post","status-publish","format-standard","has-post-thumbnail","hentry","category-internacional"],"featured_image_urls":{"full":["https:\/\/radiofenix.com.ar\/2023\/wp-content\/uploads\/wp-header-logo.png",0,0,false],"thumbnail":["https:\/\/radiofenix.com.ar\/2023\/wp-content\/uploads\/wp-header-logo.png",1,1,false],"medium":["https:\/\/radiofenix.com.ar\/2023\/wp-content\/uploads\/wp-header-logo.png",1,1,false],"medium_large":["https:\/\/radiofenix.com.ar\/2023\/wp-content\/uploads\/wp-header-logo.png",1,1,false],"large":["https:\/\/radiofenix.com.ar\/2023\/wp-content\/uploads\/wp-header-logo.png",1,1,false],"1536x1536":["https:\/\/radiofenix.com.ar\/2023\/wp-content\/uploads\/wp-header-logo.png",1,1,false],"2048x2048":["https:\/\/radiofenix.com.ar\/2023\/wp-content\/uploads\/wp-header-logo.png",1,1,false],"newsium-slider-full":["https:\/\/radiofenix.com.ar\/2023\/wp-content\/uploads\/wp-header-logo.png",1,1,false],"newsium-featured":["https:\/\/radiofenix.com.ar\/2023\/wp-content\/uploads\/wp-header-logo.png",1,1,false],"newsium-medium":["https:\/\/radiofenix.com.ar\/2023\/wp-content\/uploads\/wp-header-logo.png",1,1,false]},"author_info":{"info":[""]},"category_info":"<a href=\"https:\/\/radiofenix.com.ar\/2023\/category\/internacional\/\" rel=\"category tag\">Internacional<\/a>","tag_info":"Internacional","comment_count":"0","_links":{"self":[{"href":"https:\/\/radiofenix.com.ar\/2023\/wp-json\/wp\/v2\/posts\/196775","targetHints":{"allow":["GET"]}}],"collection":[{"href":"https:\/\/radiofenix.com.ar\/2023\/wp-json\/wp\/v2\/posts"}],"about":[{"href":"https:\/\/radiofenix.com.ar\/2023\/wp-json\/wp\/v2\/types\/post"}],"replies":[{"embeddable":true,"href":"https:\/\/radiofenix.com.ar\/2023\/wp-json\/wp\/v2\/comments?post=196775"}],"version-history":[{"count":0,"href":"https:\/\/radiofenix.com.ar\/2023\/wp-json\/wp\/v2\/posts\/196775\/revisions"}],"wp:featuredmedia":[{"embeddable":true,"href":"https:\/\/radiofenix.com.ar\/2023\/wp-json\/wp\/v2\/media\/196776"}],"wp:attachment":[{"href":"https:\/\/radiofenix.com.ar\/2023\/wp-json\/wp\/v2\/media?parent=196775"}],"wp:term":[{"taxonomy":"category","embeddable":true,"href":"https:\/\/radiofenix.com.ar\/2023\/wp-json\/wp\/v2\/categories?post=196775"},{"taxonomy":"post_tag","embeddable":true,"href":"https:\/\/radiofenix.com.ar\/2023\/wp-json\/wp\/v2\/tags?post=196775"}],"curies":[{"name":"wp","href":"https:\/\/api.w.org\/{rel}","templated":true}]}}