{"id":196781,"date":"2024-12-24T11:21:02","date_gmt":"2024-12-24T11:21:02","guid":{"rendered":"https:\/\/radiofenix.com.ar\/2023\/dolar-blue-dolar-hoy-a-cuanto-cotizan-el-lunes-23-de-diciembre\/"},"modified":"2024-12-24T11:21:02","modified_gmt":"2024-12-24T11:21:02","slug":"dolar-blue-dolar-hoy-a-cuanto-cotizan-el-lunes-23-de-diciembre","status":"publish","type":"post","link":"https:\/\/radiofenix.com.ar\/2023\/dolar-blue-dolar-hoy-a-cuanto-cotizan-el-lunes-23-de-diciembre\/","title":{"rendered":"D\u00f3lar blue, d\u00f3lar hoy: a cu\u00e1nto cotizan el lunes 23 de diciembre"},"content":{"rendered":"<div id=\"post-1620\">\n<div class=\"col 2-col\">\n<h2>Anticipan que la actividad econ\u00f3mica creci\u00f3 un 0,5% en noviembre<\/h2>\n<p>La actividad econ\u00f3mica habr\u00eda tenido un crecimiento en noviembre del 0,5% frente a octubre, mientras que en la comparaci\u00f3n interanual se estima que hubo un estancamiento al no presentar variaci\u00f3n (0% frente a noviembre de 2023), de acuerdo al anticipo del Estimador Mensual de Actividad Econ\u00f3mica (EMAE) elaborado por Equilibra.<\/p>\n<p>   El estudio de la consultora aport\u00f3 que al considerar los datos del und\u00e9cimo mes del a\u00f1o, el EMAE acumular\u00eda una ca\u00edda de 2,5% interanual en los primeros 11 meses del 2024.<\/p>\n<p>   Adem\u00e1s, los analistas recortaron la previsi\u00f3n de recesi\u00f3n indicando que \u00abtras mejores resultados que los esperados durante los \u00faltimos meses, corregimos nuestra proyecci\u00f3n del PIB para 2024 de -2,5% a -2,0% promedio anual\u00bb.<\/p>\n<\/div>\n<\/div>\n<div id=\"post-1530\">\n<div class=\"col 2-col\">\n<h2>A cu\u00e1nto cerr\u00f3 el d\u00f3lar<\/h2>\n<p>El d\u00f3lar cerr\u00f3\u00a0a $1008 para la compra y $1048 para la venta.<\/p>\n<\/div>\n<\/div>\n<div id=\"post-1453\">\n<div class=\"col 2-col\">\n<h2>Paolo Rocca se queda con la Uni\u00f3n Industrial en plena pelea con Milei<\/h2>\n<p>Por Leandro Renou<\/p>\n<p><b>Paolo Rocca, el due\u00f1o de Techint<\/b>, sabe que el 2025 ser\u00e1 un a\u00f1o complejo, de disputa con el Gobierno, m\u00e1s que nada por los resultados cada vez m\u00e1s visibles del r\u00e9gimen de apertura importadora que dispuso el Presidente Javier Milei. No lo mueve un inter\u00e9s general, pero s\u00ed la protecci\u00f3n de los negocios de una de las empresas m\u00e1s grandes del pa\u00eds. Ante un poder pol\u00edtico que decidi\u00f3 que la industria no es prioridad.<\/p>\n<h3><b><a href=\"https:\/\/www.pagina12.com.ar\/792175-paolo-rocca-2025\">Le\u00e9 la nota completa<\/a><\/b>\u00a0<\/h3>\n<\/div>\n<\/div>\n<div id=\"post-1345\">\n<div class=\"col 2-col\">\n<h2>La econom\u00eda de Milei y el fen\u00f3meno de los trabajadores pobres\u00a0<\/h2>\n<p>Un informe de la Universidad de Buenos Aires (UBA) revel\u00f3 que durante el \u00faltimo a\u00f1o <b>creci\u00f3 la tasa de informalidad laboral<\/b>. La cantidad de trabajadores sin empleo registrado trep\u00f3 al <b>36,7 por ciento del total de la poblaci\u00f3n econ\u00f3micamente activa<\/b> y la mayor\u00eda de ellos son j\u00f3venes. El porcentaje no s\u00f3lo creci\u00f3 respecto del a\u00f1o pasado sino que lleg\u00f3 a <b>un valor que no se hab\u00eda registrado en el pa\u00eds desde 2008<\/b>.<\/p>\n<h3><b><a href=\"https:\/\/www.pagina12.com.ar\/792434-la-economia-de-milei-y-el-fenomeno-de-los-trabajadores-pobre\">Le\u00e9 la nota completa<\/a><\/b><\/h3>\n<\/div>\n<\/div>\n<div id=\"post-1250\">\n<div class=\"col 2-col\">\n<h2>Chau Impuesto PAIS: qu\u00e9 pasa con Netflix, las plataformas de streaming y los viajes al exterior\u00a0<\/h2>\n<p>Desde este <b>lunes 23 de diciembre dej\u00f3 de cobrarse el Impuesto PAIS<\/b>. Esta baja impacta en las <strong>compras en el exterior y<\/strong> <b>tambi\u00e9n en los viajes y servicios internacionales.<\/b><\/p>\n<p><span>As\u00ed, muchos pagos, como los de plataformas de streaming como Netflix y Amazon, entre otras, experimentar\u00e1n una rebaja significativa.<\/span><\/p>\n<p>Cabe aclarar que, aunque desaparece el Impuesto PAIS, el Gobierno mantiene una percepci\u00f3n del 30% sobre ciertos consumos que se tomar\u00e1 como anticipo de Ganancias o Bienes Personales.<\/p>\n<h3><b><a href=\"https:\/\/www.pagina12.com.ar\/792415-chau-impuesto-pais-que-pasa-con-netflix-las-plataformas-de-s\">Le\u00e9 la nota completa<\/a><\/b><\/h3>\n<\/div>\n<\/div>\n<div id=\"post-1210\">\n<div class=\"col 2-col\">\n<h2>Despegar, vendida a Prosus<\/h2>\n<p>\u00a0La empresa de viajes online Despegar anunci\u00f3 hoy que celebr\u00f3 un acuerdo definitivo de fusi\u00f3n para ser adquirida por Prosus, un grupo de inversi\u00f3n europeo por US$1.700 millones, seg\u00fan inform\u00f3 la compa\u00f1\u00eda en un comunicado.<\/p>\n<p>   Tras la comunicaci\u00f3n la acci\u00f3n de la empresa mostr\u00f3 un fuerte incremento de 30% en Wall Street.<\/p>\n<p>   \u00abLos accionistas de Despegar recibir\u00e1n US$19,50 por acci\u00f3n en efectivo, lo que representa una prima de aproximadamente el 33% sobre su precio de cierre de US$14,65 al 20 de diciembre de 2024, y una prima de aproximadamente el 34% sobre su precio de cotizaci\u00f3n medio ponderado por volumen de 90 d\u00edas. La transacci\u00f3n valora Despegar en aproximadamente US$1.700 millones\u00bb, dijo Despegar en un comunicado de prensa.<\/p>\n<\/div>\n<\/div>\n<div id=\"post-1140\">\n<div class=\"col 2-col\">\n<h2>Noviembre marc\u00f3 una nueva baja interanual en la venta de combustibles\u00a0<\/h2>\n<p>\u00a0La venta de combustibles en noviembre en todo el pa\u00eds alcanz\u00f3 a 1.472.085 metros c\u00fabicos, entre nafta y gasoil, lo que signific\u00f3 una ca\u00edda intreranual de 10,5% y un aumento mensual de 0,6%.<\/p>\n<p>   Con este resultado, el despacho de combustibles suma doce meses consecutivos de baja interanual.<br \/>Los datos corresponden a un informe de la consultora Politik\u00f3n Chaco.<\/p>\n<p>   El 56% del total comercializado en noviembre correspondi\u00f3 a naftas y el 44% al gasoil. En referencia a sus desempe\u00f1os, la nafta exhibi\u00f3 una baja del 6,0% interanual (-3,3% la s\u00faper y -13,0% la premium) y el gasoil registr\u00f3 ca\u00edda del 15,6% (-20,0% el com\u00fan y -6,3% el premium).<\/p>\n<\/div>\n<\/div>\n<div id=\"post-1055\">\n<div class=\"col 2-col\">\n<h2>Precios sin tregua en Navidad\u00a0<\/h2>\n<p><a href=\"https:\/\/www.pagina12.com.ar\/autores\/494456-mara-pedrazzoli\">Por Mara Pedrazzoli<\/a><\/p>\n<p>La <b>cena navide\u00f1a viene con aumentos del 144 por ciento<\/b>, indica la consultora Focus Market. En diciembre del a\u00f1o pasado, preparar una cena de nivel intermedio cost\u00f3 58.154 pesos y esa misma mesa a diciembre de 2024 cuesta 141.770 pesos. Casi el doble contra un registro que ya acusaba altos valores, debido a la devaluaci\u00f3n con la que Javier Milei inici\u00f3 su mandato.<\/p>\n<h3><b><a href=\"https:\/\/www.pagina12.com.ar\/791923-precios-sin-tregua-en-navidad\">Le\u00e9 la nota completa\u00a0<\/a><\/b><\/h3>\n<\/div>\n<\/div>\n<div id=\"post-1020\">\n<div class=\"col 2-col\">\n<h2>La cotizaci\u00f3n de apertura del d\u00f3lar<\/h2>\n<p>El d\u00f3lar abri\u00f3 $1,004,50 para la compra y $1,044,50 para la venta<\/p>\n<\/div>\n<\/div>\n<div id=\"post-0940\">\n<div class=\"col 2-col\">\n<h2>Por qu\u00e9 subi\u00f3 y qu\u00e9 pasar\u00e1 con el d\u00f3lar en 2025\u00a0<\/h2>\n<p>Por Alfredo Zaiat<\/p>\n<p>Se movieron un poco los d\u00f3lares financieros y la estanter\u00eda liberal libertaria empez\u00f3 a temblar. Es probable pero no seguro que el mercado cambiario recupere cierta estabilidad en las pr\u00f3ximas semanas, en especial por la <b>intervenci\u00f3n del Banco Central liquidando d\u00f3lares para tranquilizar la plaza del d\u00f3lar MEP.<\/b><\/p>\n<h3><b><a href=\"https:\/\/www.pagina12.com.ar\/792189-por-que-subio-y-que-pasara-con-el-dolar-en-el-2025\">Le\u00e9 la nota completa<\/a><\/b><\/h3>\n<\/div>\n<\/div>\n<p><a href=\"https:\/\/www.pagina12.com.ar\/792392-dolar-blue-dolar-hoy-a-cuanto-cotizan-el-lunes-23-de-diciemb\">source<\/a><\/p>\n","protected":false},"excerpt":{"rendered":"<p>Anticipan que la actividad econ\u00f3mica creci\u00f3 un 0,5% en noviembre La actividad econ\u00f3mica habr\u00eda tenido&#8230;<\/p>\n","protected":false},"author":0,"featured_media":196782,"comment_status":"open","ping_status":"open","sticky":false,"template":"","format":"standard","meta":{"footnotes":""},"categories":[5],"tags":[],"class_list":["post-196781","post","type-post","status-publish","format-standard","has-post-thumbnail","hentry","category-economia"],"featured_image_urls":{"full":["https:\/\/radiofenix.com.ar\/2023\/wp-content\/uploads\/wp-header-logo.png",0,0,false],"thumbnail":["https:\/\/radiofenix.com.ar\/2023\/wp-content\/uploads\/wp-header-logo.png",1,1,false],"medium":["https:\/\/radiofenix.com.ar\/2023\/wp-content\/uploads\/wp-header-logo.png",1,1,false],"medium_large":["https:\/\/radiofenix.com.ar\/2023\/wp-content\/uploads\/wp-header-logo.png",1,1,false],"large":["https:\/\/radiofenix.com.ar\/2023\/wp-content\/uploads\/wp-header-logo.png",1,1,false],"1536x1536":["https:\/\/radiofenix.com.ar\/2023\/wp-content\/uploads\/wp-header-logo.png",1,1,false],"2048x2048":["https:\/\/radiofenix.com.ar\/2023\/wp-content\/uploads\/wp-header-logo.png",1,1,false],"newsium-slider-full":["https:\/\/radiofenix.com.ar\/2023\/wp-content\/uploads\/wp-header-logo.png",1,1,false],"newsium-featured":["https:\/\/radiofenix.com.ar\/2023\/wp-content\/uploads\/wp-header-logo.png",1,1,false],"newsium-medium":["https:\/\/radiofenix.com.ar\/2023\/wp-content\/uploads\/wp-header-logo.png",1,1,false]},"author_info":{"info":[""]},"category_info":"<a href=\"https:\/\/radiofenix.com.ar\/2023\/category\/economia\/\" rel=\"category tag\">Economia<\/a>","tag_info":"Economia","comment_count":"0","_links":{"self":[{"href":"https:\/\/radiofenix.com.ar\/2023\/wp-json\/wp\/v2\/posts\/196781","targetHints":{"allow":["GET"]}}],"collection":[{"href":"https:\/\/radiofenix.com.ar\/2023\/wp-json\/wp\/v2\/posts"}],"about":[{"href":"https:\/\/radiofenix.com.ar\/2023\/wp-json\/wp\/v2\/types\/post"}],"replies":[{"embeddable":true,"href":"https:\/\/radiofenix.com.ar\/2023\/wp-json\/wp\/v2\/comments?post=196781"}],"version-history":[{"count":0,"href":"https:\/\/radiofenix.com.ar\/2023\/wp-json\/wp\/v2\/posts\/196781\/revisions"}],"wp:featuredmedia":[{"embeddable":true,"href":"https:\/\/radiofenix.com.ar\/2023\/wp-json\/wp\/v2\/media\/196782"}],"wp:attachment":[{"href":"https:\/\/radiofenix.com.ar\/2023\/wp-json\/wp\/v2\/media?parent=196781"}],"wp:term":[{"taxonomy":"category","embeddable":true,"href":"https:\/\/radiofenix.com.ar\/2023\/wp-json\/wp\/v2\/categories?post=196781"},{"taxonomy":"post_tag","embeddable":true,"href":"https:\/\/radiofenix.com.ar\/2023\/wp-json\/wp\/v2\/tags?post=196781"}],"curies":[{"name":"wp","href":"https:\/\/api.w.org\/{rel}","templated":true}]}}