{"id":196789,"date":"2024-12-24T11:21:07","date_gmt":"2024-12-24T11:21:07","guid":{"rendered":"https:\/\/radiofenix.com.ar\/2023\/leo-genovese-anticipa-los-show-del-trio-sin-tiempo\/"},"modified":"2024-12-24T11:21:07","modified_gmt":"2024-12-24T11:21:07","slug":"leo-genovese-anticipa-los-show-del-trio-sin-tiempo","status":"publish","type":"post","link":"https:\/\/radiofenix.com.ar\/2023\/leo-genovese-anticipa-los-show-del-trio-sin-tiempo\/","title":{"rendered":"Leo Genovese anticipa los show del Tr\u00edo Sin Tiempo"},"content":{"rendered":"<div><!-- Body --><\/p>\n<p> Entre la variada gama de proyectos que tienen en vilo las vidas musicales de <b>Leo Genovese, Mariano Otero y Sergio Verdinelli<\/b>, tres figuras sobresalientes del jazz argentino contempor\u00e1neo, hay una que las une. Se llama <b>Tr\u00edo Sin Tiempo<\/b>. Llevan a la fecha dos discos grabados. Uno, el debut, justamente llamado <i>Sin tiempo<\/i>, pero proveniente del 2020. Otro, concebido un a\u00f1o despu\u00e9s bajo el nombre de <i>Ritmos de agua<\/i>. Y un tercero -m\u00e1s un cuarto- por llegar que viene al caso traer porque va a ser parte del repertorio inminente del tr\u00edo. El que expondr\u00e1 durante tres fechas (<b>jueves 26, viernes 27 y s\u00e1bado 28<\/b>) a dos salidas por noche (20 y 22.30) en una de las fechas postreras de 2024 en <b>BeBop (Uriarte 1658)<\/b>. \u201cSeguro tocaremos temas de los discos que ya est\u00e1n, y tambi\u00e9n de los que est\u00e1n por venir. Pero, como siempre estamos escribiendo m\u00fasica nueva, habr\u00e1 algo de eso. Habr\u00e1 de todo, en verdad\u201d, informa Genovese, connotado <b>pianista nacido en Venado Tuerto, con residencia actual en Nueva York<\/b>.<\/p>\n<p> Habr\u00e1 que esperan entonces que el tr\u00edo caliente ambiente a trav\u00e9s de piezas propias siempre dispuestas a ser versionadas, tal el caso de la cal\u00f3rica y abismal \u201cLos p\u00e1jaros\u201d, la sosegada \u201cBety\u201d, la enrevesada \u201cBattle of Adwa\u201d o \u201cMolay Bedra\u201d, gema del disco <i>Ritmos de agua<\/i>. Lo que no habr\u00e1 que esperar es la presencia de Verdinelli \u201cel baterista que todos quieren en su grupo\u201d, seg\u00fan Leo. El exbaterista del \u00faltimo Spinetta tuvo un accidente con la bicicleta y qued\u00f3 al margen de la bater\u00eda por un tiempo. En su lugar, se sentar\u00e1 <b>Carlos \u201cCarto\u201d Brand\u00e1n<\/b>, otro gran referente del palo.<\/p>\n<p><iframe style=\"border: 0px; position: absolute; top: 0px; left: 0px; height: 100%;\" allowfullscreen=\"\" frameborder=\"0\" src=\"https:\/\/www.youtube.com\/embed\/GQIqsLRjxMU\"><\/iframe><\/p>\n<p><strong>-Al menos en la previa de los seis shows en BeBop, prometen un repertorio \u00edntegramente compuesto por temas propios. \u00bfPor qu\u00e9 el acento ah\u00ed, en un g\u00e9nero que en general navega c\u00f3modo en los standards?<\/strong><\/p>\n<p>-Es que tocamos standars y nos gusta hacerlo. Pero la verdad es que lo hacemos por separado con otros grupos porque, al componer m\u00fasica los tres, usamos la banda como trampol\u00edn para composiciones originales. Adem\u00e1s, si no tocamos nuestros propios temas, nadie lo har\u00e1 por nosotros (risas). Por otro lado, para nosotros las canciones son un veh\u00edculo de expresi\u00f3n, una historia, un sue\u00f1o o una memoria. Por esto, creo que lo que mejor define al tr\u00edo es el sonido de las almas que lo componen.<\/p>\n<p><b> -Otra vez en Buenos Aires. \u00bfCon qu\u00e9 te encontraste ahora?<\/b><strong><b> <\/b><\/strong><\/p>\n<p><b> &#8211;<\/b>Con que acabo de llegar y no soy un extra\u00f1o (<i>risas<\/i>). No s\u00e9, estoy todav\u00eda viendo qu\u00e9 onda. Lo primero que hago cada vez que vengo a Buenos Aires es salir a escuchar m\u00fasica, porque ac\u00e1 \u00e9sta viva y crece muy creativa, original. Aprendo mucho saliendo y escuchando, me gusta saber de las bandas nuevas. Me divierte mucho y siempre me voy inspirado de las visitas a la Argentina. <\/p>\n<p> El pianista <b>santafesino <\/b>renueva sus votos de amor por la m\u00fasica argentina cada vez que vuelve, porque su lugar ya no est\u00e1 aqu\u00ed sino en Nueva York. All\u00ed donde lleg\u00f3 durante los albores del siglo para estudiar en la escuela Berklee. All\u00ed donde public\u00f3 sus primeros <b>discos como solista<\/b> (<i>Haiku II, Unlocked  <\/i>y <i>Seeds<\/i>). All\u00ed donde arm\u00f3 el <b>d\u00fao <\/b>con la cantante y bajista de Portland <b>Esperanza Spalding<\/b>. Y all\u00ed donde lig\u00f3 un Grammy en 2003 al mejor solo de jazz improvisado, por el que hizo en \u201cEndangered Specie\u201d, tema de Wayne Shorter. \u201cSigo viviendo all\u00ed, s\u00ed, pero la verdad es que paso muy poco tiempo. Paso la mayor parte del a\u00f1o de gira entre los grupos de <b>Residente <\/b>(ex Calle 13), <b>The Mars Volta<\/b> o con Esperanza Spalding, junto a quien sigo tocando. La actividad es mucha porque el jazz siempre est\u00e1 en ascenso ac\u00e1 y all\u00e1, y en el mas all\u00e1\u201d, r\u00ede Genovese, que agrega a su imparable hacer, un disco a d\u00fao con Otero, que se publicar\u00e1 durante febrero en Estados Unidos. \u201cCada vez veo m\u00e1s clubes, m\u00e1s festivales, y m\u00e1s gente joven interesada en estudiar jazz. Se nota mucho que hubo un <i>subid\u00f3n<\/i> post pandemia remarcable y eso es muy bueno\u201d, concluye. <\/p>\n<p><!-- Live Blog Post --><\/div>\n<p><a href=\"https:\/\/www.pagina12.com.ar\/792457-leo-genovese-anticipa-los-show-del-trio-sin-tiempo\">source<\/a><\/p>\n","protected":false},"excerpt":{"rendered":"<p>Entre la variada gama de proyectos que tienen en vilo las vidas musicales de Leo&#8230;<\/p>\n","protected":false},"author":0,"featured_media":196790,"comment_status":"open","ping_status":"open","sticky":false,"template":"","format":"standard","meta":{"footnotes":""},"categories":[4],"tags":[],"class_list":["post-196789","post","type-post","status-publish","format-standard","has-post-thumbnail","hentry","category-espectaculos"],"featured_image_urls":{"full":["https:\/\/radiofenix.com.ar\/2023\/wp-content\/uploads\/wp-header-logo.png",0,0,false],"thumbnail":["https:\/\/radiofenix.com.ar\/2023\/wp-content\/uploads\/wp-header-logo.png",1,1,false],"medium":["https:\/\/radiofenix.com.ar\/2023\/wp-content\/uploads\/wp-header-logo.png",1,1,false],"medium_large":["https:\/\/radiofenix.com.ar\/2023\/wp-content\/uploads\/wp-header-logo.png",1,1,false],"large":["https:\/\/radiofenix.com.ar\/2023\/wp-content\/uploads\/wp-header-logo.png",1,1,false],"1536x1536":["https:\/\/radiofenix.com.ar\/2023\/wp-content\/uploads\/wp-header-logo.png",1,1,false],"2048x2048":["https:\/\/radiofenix.com.ar\/2023\/wp-content\/uploads\/wp-header-logo.png",1,1,false],"newsium-slider-full":["https:\/\/radiofenix.com.ar\/2023\/wp-content\/uploads\/wp-header-logo.png",1,1,false],"newsium-featured":["https:\/\/radiofenix.com.ar\/2023\/wp-content\/uploads\/wp-header-logo.png",1,1,false],"newsium-medium":["https:\/\/radiofenix.com.ar\/2023\/wp-content\/uploads\/wp-header-logo.png",1,1,false]},"author_info":{"info":[""]},"category_info":"<a href=\"https:\/\/radiofenix.com.ar\/2023\/category\/espectaculos\/\" rel=\"category tag\">Espectaculos<\/a>","tag_info":"Espectaculos","comment_count":"0","_links":{"self":[{"href":"https:\/\/radiofenix.com.ar\/2023\/wp-json\/wp\/v2\/posts\/196789","targetHints":{"allow":["GET"]}}],"collection":[{"href":"https:\/\/radiofenix.com.ar\/2023\/wp-json\/wp\/v2\/posts"}],"about":[{"href":"https:\/\/radiofenix.com.ar\/2023\/wp-json\/wp\/v2\/types\/post"}],"replies":[{"embeddable":true,"href":"https:\/\/radiofenix.com.ar\/2023\/wp-json\/wp\/v2\/comments?post=196789"}],"version-history":[{"count":0,"href":"https:\/\/radiofenix.com.ar\/2023\/wp-json\/wp\/v2\/posts\/196789\/revisions"}],"wp:featuredmedia":[{"embeddable":true,"href":"https:\/\/radiofenix.com.ar\/2023\/wp-json\/wp\/v2\/media\/196790"}],"wp:attachment":[{"href":"https:\/\/radiofenix.com.ar\/2023\/wp-json\/wp\/v2\/media?parent=196789"}],"wp:term":[{"taxonomy":"category","embeddable":true,"href":"https:\/\/radiofenix.com.ar\/2023\/wp-json\/wp\/v2\/categories?post=196789"},{"taxonomy":"post_tag","embeddable":true,"href":"https:\/\/radiofenix.com.ar\/2023\/wp-json\/wp\/v2\/tags?post=196789"}],"curies":[{"name":"wp","href":"https:\/\/api.w.org\/{rel}","templated":true}]}}