{"id":196819,"date":"2024-12-26T08:57:48","date_gmt":"2024-12-26T08:57:48","guid":{"rendered":"https:\/\/radiofenix.com.ar\/2023\/javier-milei-le-marca-la-cancha-a-mauricio-macri-si-con-el-pro-no-vamos-juntos-en-todo\/"},"modified":"2024-12-26T08:57:48","modified_gmt":"2024-12-26T08:57:48","slug":"javier-milei-le-marca-la-cancha-a-mauricio-macri-si-con-el-pro-no-vamos-juntos-en-todo","status":"publish","type":"post","link":"https:\/\/radiofenix.com.ar\/2023\/javier-milei-le-marca-la-cancha-a-mauricio-macri-si-con-el-pro-no-vamos-juntos-en-todo\/","title":{"rendered":"Javier Milei le marca la cancha a Mauricio Macri: &quot;Si con el PRO no vamos juntos en todo&#8230;&quot;"},"content":{"rendered":"<div id=\"\">\n<p>De esa manera el Presidente condicion\u00f3 un eventual acuerdo electoral con el PRO a una alianza electoral a nivel nacional. El mandatario consider\u00f3 que si eso no llegara a pasar ser\u00eda<strong> \u201cenga\u00f1ar<\/strong> al electorado\u201d, lo que dej\u00f3 en claro que<strong> no permitir\u00e1,<\/strong> en declaraciones a <em>Forbes Argentina.<\/em><\/p>\n<p>Para el mandatario, las elecciones ser\u00e1n \u201cextremadamente importantes para marcar la velocidad de las reformas\u201d, y responsabiliz\u00f3 a \u00abla pol\u00edtica\u00bb de \u00abempastar todo\u00bb, lo que -expuso- increment\u00f3 el impacto en la sociedad de los cambios implementados. <strong>\u201cPodr\u00edamos haberlo hecho much\u00edsimo m\u00e1s r\u00e1pido\u201d,<\/strong> asegur\u00f3.<\/p>\n<p>Consultado sobre la chance de trazas alianzas electorales por distritos, el mandatario plante\u00f3: <strong>\u201cNo hago ese c\u00e1lculo. Me niego rotundamente. Eso es hacerle trampa al electorado\u201d. <\/strong><\/p>\n<p><span class=\"saysCMSEmphasis\" id=\"saysCMSEmphasisk9n24mahxl\"> \u201cO vamos juntos en todo o vamos separados. Trampas al electorado, no. Los que estamos del lado de las ideas de la libertad, nos ponemos de este lado. Del otro lado no me interesa porque yo no estoy, no tengo nada que hablar con los kukas\u201d<\/span>, sentenci\u00f3. <\/p>\n<div contenteditable=\"false\" class=\"embed_cont type_freetext\" rel=\"freetext\" id=\"embed5945_wrap\" data-provider=\"YouTube\">\n<p>Embed &#8211; Con el PRO: \u00bfjuntos o separados?<span onclick=\"parent.parent.TinyMCETdcuerpo.preview_embed('embed5945')\" class=\"embed_colapse less\" id=\"embed5945_colapse\"\/><span onclick=\"parent.parent.TinyMCETdcuerpo.delete_embed('embed5945')\" class=\"embed_delete less\" id=\"embed5945_delete\"\/><\/p>\n<\/p><\/div>\n<h2\/>\n<h2>Javier Milei y su motosierra profunda<\/h2>\n<p><strong>Milei sostuvo que en 2025 ir\u00e1 por una reforma \u00abm\u00e1s profunda\u00bb <\/strong>que no solo incluya desregulaci\u00f3n sino una reforma m\u00e1s profunda del Estado para \u00abachicarlo m\u00e1s todav\u00eda\u00bb. El Presidente tambi\u00e9n habl\u00f3 de una <strong>posible reforma laboral y una previsional <\/strong>y dicen que hasta ahora s\u00f3lo aplic\u00f3 \u00abun cuarto de las reformas\u00bb que tiene planificadas.<\/p>\n<div contenteditable=\"false\" class=\"embed_cont type_freetext\" rel=\"freetext\" id=\"embed5983_wrap\" data-provider=\"YouTube\">\n<p>Embed &#8211; Plan 2025: La motosierra profunda<span onclick=\"parent.parent.TinyMCETdcuerpo.preview_embed('embed5983')\" class=\"embed_colapse less\" id=\"embed5983_colapse\"\/><span onclick=\"parent.parent.TinyMCETdcuerpo.delete_embed('embed5983')\" class=\"embed_delete less\" id=\"embed5983_delete\"\/><\/p>\n<\/p><\/div>\n<div contenteditable=\"false\" class=\"embed_cont type_freetext\" rel=\"freetext\" id=\"embed86_wrap\">\n<p> Embed <span onclick=\"parent.parent.TinyMCETdcuerpo.preview_embed('embed86')\" class=\"embed_colapse less\" id=\"embed86_colapse\"\/> <span onclick=\"parent.parent.TinyMCETdcuerpo.delete_embed('embed86')\" class=\"embed_delete less\" id=\"embed86_delete\"\/><\/p>\n<div id=\"embed86_content\" class=\"embed_content\">\n<div id=\"embed86_embed\">\n<figure class=\"figure\"><a href=\"https:\/\/t.me\/minutounocom\" target=\"_blank\" rel=\"noopener\"><img decoding=\"async\" src=\"https:\/\/media.minutouno.com\/adjuntos\/150\/banners\/039\/099\/0039099175.jpg\" class=\"figure-img img-fluid\" style=\"width:100%;height:auto;\"\/><\/a><\/figure>\n<\/div>\n<\/div><\/div>\n<\/p><\/div>\n<p><a href=\"https:\/\/www.minutouno.com\/politica\/javier-milei-le-marca-la-cancha-mauricio-macri-si-el-pro-no-vamos-juntos-todo-n6095762\">source<\/a><\/p>\n","protected":false},"excerpt":{"rendered":"<p>De esa manera el Presidente condicion\u00f3 un eventual acuerdo electoral con el PRO a una&#8230;<\/p>\n","protected":false},"author":0,"featured_media":196820,"comment_status":"open","ping_status":"open","sticky":false,"template":"","format":"standard","meta":{"footnotes":""},"categories":[2],"tags":[],"class_list":["post-196819","post","type-post","status-publish","format-standard","has-post-thumbnail","hentry","category-politica"],"featured_image_urls":{"full":["https:\/\/radiofenix.com.ar\/2023\/wp-content\/uploads\/wp-header-logo.png",0,0,false],"thumbnail":["https:\/\/radiofenix.com.ar\/2023\/wp-content\/uploads\/wp-header-logo.png",1,1,false],"medium":["https:\/\/radiofenix.com.ar\/2023\/wp-content\/uploads\/wp-header-logo.png",1,1,false],"medium_large":["https:\/\/radiofenix.com.ar\/2023\/wp-content\/uploads\/wp-header-logo.png",1,1,false],"large":["https:\/\/radiofenix.com.ar\/2023\/wp-content\/uploads\/wp-header-logo.png",1,1,false],"1536x1536":["https:\/\/radiofenix.com.ar\/2023\/wp-content\/uploads\/wp-header-logo.png",1,1,false],"2048x2048":["https:\/\/radiofenix.com.ar\/2023\/wp-content\/uploads\/wp-header-logo.png",1,1,false],"newsium-slider-full":["https:\/\/radiofenix.com.ar\/2023\/wp-content\/uploads\/wp-header-logo.png",1,1,false],"newsium-featured":["https:\/\/radiofenix.com.ar\/2023\/wp-content\/uploads\/wp-header-logo.png",1,1,false],"newsium-medium":["https:\/\/radiofenix.com.ar\/2023\/wp-content\/uploads\/wp-header-logo.png",1,1,false]},"author_info":{"info":[""]},"category_info":"<a href=\"https:\/\/radiofenix.com.ar\/2023\/category\/politica\/\" rel=\"category tag\">Pol\u00edtica<\/a>","tag_info":"Pol\u00edtica","comment_count":"0","_links":{"self":[{"href":"https:\/\/radiofenix.com.ar\/2023\/wp-json\/wp\/v2\/posts\/196819","targetHints":{"allow":["GET"]}}],"collection":[{"href":"https:\/\/radiofenix.com.ar\/2023\/wp-json\/wp\/v2\/posts"}],"about":[{"href":"https:\/\/radiofenix.com.ar\/2023\/wp-json\/wp\/v2\/types\/post"}],"replies":[{"embeddable":true,"href":"https:\/\/radiofenix.com.ar\/2023\/wp-json\/wp\/v2\/comments?post=196819"}],"version-history":[{"count":0,"href":"https:\/\/radiofenix.com.ar\/2023\/wp-json\/wp\/v2\/posts\/196819\/revisions"}],"wp:featuredmedia":[{"embeddable":true,"href":"https:\/\/radiofenix.com.ar\/2023\/wp-json\/wp\/v2\/media\/196820"}],"wp:attachment":[{"href":"https:\/\/radiofenix.com.ar\/2023\/wp-json\/wp\/v2\/media?parent=196819"}],"wp:term":[{"taxonomy":"category","embeddable":true,"href":"https:\/\/radiofenix.com.ar\/2023\/wp-json\/wp\/v2\/categories?post=196819"},{"taxonomy":"post_tag","embeddable":true,"href":"https:\/\/radiofenix.com.ar\/2023\/wp-json\/wp\/v2\/tags?post=196819"}],"curies":[{"name":"wp","href":"https:\/\/api.w.org\/{rel}","templated":true}]}}