{"id":196823,"date":"2024-12-26T18:53:35","date_gmt":"2024-12-26T18:53:35","guid":{"rendered":"https:\/\/radiofenix.com.ar\/2023\/asi-pasara-la-nochebuena-javier-milei-sin-yuyito-gonzalez\/"},"modified":"2024-12-26T18:53:35","modified_gmt":"2024-12-26T18:53:35","slug":"asi-pasara-la-nochebuena-javier-milei-sin-yuyito-gonzalez","status":"publish","type":"post","link":"https:\/\/radiofenix.com.ar\/2023\/asi-pasara-la-nochebuena-javier-milei-sin-yuyito-gonzalez\/","title":{"rendered":"As\u00ed pasar\u00e1 la Nochebuena Javier Milei: \u00bfsin Yuyito Gonz\u00e1lez?"},"content":{"rendered":"<div id=\"\">\n<p>La prueba de que Milei y Yuyito han compartido un almuerzo pre-navide\u00f1o juntos fue la publicaci\u00f3n que realiz\u00f3 la exvedette en su Instagram, donde se los puede ver muy pegados uno al otro, mientras suena \u00abAll I want for Christmas is you\u00bb de Mariah Carey.<\/p>\n<div contenteditable=\"false\" class=\"embed_cont type_imagen\" id=\"8021495-Libre-1231306580_wrap\">\n<p> posteo javier milei navidad yuyito.jpg <span onclick=\"parent.parent.TinyMCETdcuerpo.preview_embed('8021495-Libre-1231306580')\" class=\"embed_colapse less\" id=\"8021495-Libre-1231306580_colapse\"\/>  <span onclick=\"parent.parent.TinyMCETdcuerpo.delete_embed('8021495-Libre-1231306580')\" class=\"embed_delete less\" id=\"8021495-Libre-1231306580_delete\"\/><\/p>\n<div id=\"8021495-Libre-1231306580_content\" class=\"embed_content\"><img decoding=\"async\" src=\"https:\/\/media.minutouno.com\/p\/e68be4f48ee07b721c36c8cb4834ad58\/adjuntos\/150\/imagenes\/042\/066\/0042066332\/610x0\/smart\/posteo-javier-milei-navidad-yuyitojpg.jpg\" alt=\"\" title=\"\" width=\"610\" height=\"undefined\" id=\"8021495-Libre-1231306580_embed\"\/><\/div>\n<\/p><\/div>\n<p>Con un \u00abte amo\u00bb de la conductora en la historia compartida, ambos dejaron en claro que siguen juntos, aunque llama la atenci\u00f3n que no pasen unidos la Nochebuena. Cabe destacar que, al igual que el a\u00f1o pasado, no est\u00e1 planeado que el Presidente brinde un mensaje al pa\u00eds por las fiestas.<\/p>\n<h2>La agenda de Javier Milei para el inicio del 2025<\/h2>\n<p>Como ya se anticip\u00f3,<strong> el jefe de Estado no se tomar\u00e1 vacaciones durante el verano de 2025<\/strong>, pese a que sus allegados le insistieron en descansar al menos unos d\u00edas. Sumado a esto, el primer mandatario pidi\u00f3 a sus ministros que eviten viajes ostentosos o fotos que pudieran contradecir el discurso austero del Gobierno.<\/p>\n<p><strong>Javier Milei iniciar\u00e1 el 2025 con algunos viajes<\/strong>, que se suman a la gira realizada en este 2024. Como es de p\u00fablico conocimiento, <strong>el 20 de enero asumir\u00e1 la presidencia de los Estados Unidos el republicano Donald Trump<\/strong>, por lo que Milei viajar\u00e1 a Washington para estar presente en dicho acontecimiento.<\/p>\n<div contenteditable=\"false\" class=\"embed_cont type_imagen\" id=\"8013694-Libre-1564214909_wrap\">\n<p> trump milei <span onclick=\"parent.parent.TinyMCETdcuerpo.preview_embed('8013694-Libre-1564214909')\" class=\"embed_colapse less\" id=\"8013694-Libre-1564214909_colapse\"\/>  <span onclick=\"parent.parent.TinyMCETdcuerpo.delete_embed('8013694-Libre-1564214909')\" class=\"embed_delete less\" id=\"8013694-Libre-1564214909_delete\"\/><\/p>\n<div id=\"8013694-Libre-1564214909_content\" class=\"embed_content\"><img loading=\"lazy\" decoding=\"async\" src=\"https:\/\/media.minutouno.com\/p\/5635d06198fc53fd0e19ba38f21fe44a\/adjuntos\/150\/imagenes\/042\/014\/0042014091\/trump-milei.jpg\" alt=\"\" title=\"\" width=\"610\" height=\"457\" id=\"8013694-Libre-1564214909_embed\"\/><\/div>\n<\/p><\/div>\n<p>Posterior a ello, <strong>viajar\u00e1 al Foro de Davos y luego a Israel<\/strong>, seg\u00fan revelaron fuentes diplom\u00e1ticas.<\/p>\n<div contenteditable=\"false\" class=\"embed_cont type_freetext\" rel=\"freetext\" id=\"embed3_wrap\">\n<p> Embed <span onclick=\"parent.parent.TinyMCETdcuerpo.preview_embed('embed3')\" class=\"embed_colapse less\" id=\"embed3_colapse\"\/>  <span onclick=\"parent.parent.TinyMCETdcuerpo.delete_embed('embed3')\" class=\"embed_delete less\" id=\"embed3_delete\"\/><\/p>\n<div id=\"embed3_content\" class=\"embed_content\">\n<div id=\"embed3_embed\">\n<figure class=\"figure\"><a href=\"https:\/\/t.me\/minutounocom\" target=\"_blank\" rel=\"noopener\"><img decoding=\"async\" src=\"https:\/\/media.minutouno.com\/adjuntos\/150\/banners\/039\/099\/0039099175.jpg\" class=\"figure-img img-fluid\" style=\"width:100%;height:auto;\"\/><\/a><\/figure>\n<\/div>\n<\/div><\/div>\n<\/div>\n<p><a href=\"https:\/\/www.minutouno.com\/politica\/asi-pasara-la-nochebuena-javier-milei-sin-yuyito-gonzalez-n6096478\">source<\/a><\/p>\n","protected":false},"excerpt":{"rendered":"<p>La prueba de que Milei y Yuyito han compartido un almuerzo pre-navide\u00f1o juntos fue la&#8230;<\/p>\n","protected":false},"author":0,"featured_media":196824,"comment_status":"open","ping_status":"open","sticky":false,"template":"","format":"standard","meta":{"footnotes":""},"categories":[2],"tags":[],"class_list":["post-196823","post","type-post","status-publish","format-standard","has-post-thumbnail","hentry","category-politica"],"featured_image_urls":{"full":["https:\/\/radiofenix.com.ar\/2023\/wp-content\/uploads\/wp-header-logo.png",0,0,false],"thumbnail":["https:\/\/radiofenix.com.ar\/2023\/wp-content\/uploads\/wp-header-logo.png",1,1,false],"medium":["https:\/\/radiofenix.com.ar\/2023\/wp-content\/uploads\/wp-header-logo.png",1,1,false],"medium_large":["https:\/\/radiofenix.com.ar\/2023\/wp-content\/uploads\/wp-header-logo.png",1,1,false],"large":["https:\/\/radiofenix.com.ar\/2023\/wp-content\/uploads\/wp-header-logo.png",1,1,false],"1536x1536":["https:\/\/radiofenix.com.ar\/2023\/wp-content\/uploads\/wp-header-logo.png",1,1,false],"2048x2048":["https:\/\/radiofenix.com.ar\/2023\/wp-content\/uploads\/wp-header-logo.png",1,1,false],"newsium-slider-full":["https:\/\/radiofenix.com.ar\/2023\/wp-content\/uploads\/wp-header-logo.png",1,1,false],"newsium-featured":["https:\/\/radiofenix.com.ar\/2023\/wp-content\/uploads\/wp-header-logo.png",1,1,false],"newsium-medium":["https:\/\/radiofenix.com.ar\/2023\/wp-content\/uploads\/wp-header-logo.png",1,1,false]},"author_info":{"info":[""]},"category_info":"<a href=\"https:\/\/radiofenix.com.ar\/2023\/category\/politica\/\" rel=\"category tag\">Pol\u00edtica<\/a>","tag_info":"Pol\u00edtica","comment_count":"0","_links":{"self":[{"href":"https:\/\/radiofenix.com.ar\/2023\/wp-json\/wp\/v2\/posts\/196823","targetHints":{"allow":["GET"]}}],"collection":[{"href":"https:\/\/radiofenix.com.ar\/2023\/wp-json\/wp\/v2\/posts"}],"about":[{"href":"https:\/\/radiofenix.com.ar\/2023\/wp-json\/wp\/v2\/types\/post"}],"replies":[{"embeddable":true,"href":"https:\/\/radiofenix.com.ar\/2023\/wp-json\/wp\/v2\/comments?post=196823"}],"version-history":[{"count":0,"href":"https:\/\/radiofenix.com.ar\/2023\/wp-json\/wp\/v2\/posts\/196823\/revisions"}],"wp:featuredmedia":[{"embeddable":true,"href":"https:\/\/radiofenix.com.ar\/2023\/wp-json\/wp\/v2\/media\/196824"}],"wp:attachment":[{"href":"https:\/\/radiofenix.com.ar\/2023\/wp-json\/wp\/v2\/media?parent=196823"}],"wp:term":[{"taxonomy":"category","embeddable":true,"href":"https:\/\/radiofenix.com.ar\/2023\/wp-json\/wp\/v2\/categories?post=196823"},{"taxonomy":"post_tag","embeddable":true,"href":"https:\/\/radiofenix.com.ar\/2023\/wp-json\/wp\/v2\/tags?post=196823"}],"curies":[{"name":"wp","href":"https:\/\/api.w.org\/{rel}","templated":true}]}}