{"id":196835,"date":"2024-12-27T05:01:39","date_gmt":"2024-12-27T05:01:39","guid":{"rendered":"https:\/\/radiofenix.com.ar\/2023\/escandalo-con-diplomaticos-rusos-denunciaron-penalmente-al-area-de-transito-portena\/"},"modified":"2024-12-27T05:01:39","modified_gmt":"2024-12-27T05:01:39","slug":"escandalo-con-diplomaticos-rusos-denunciaron-penalmente-al-area-de-transito-portena","status":"publish","type":"post","link":"https:\/\/radiofenix.com.ar\/2023\/escandalo-con-diplomaticos-rusos-denunciaron-penalmente-al-area-de-transito-portena\/","title":{"rendered":"Esc\u00e1ndalo con diplom\u00e1ticos rusos: denunciaron penalmente al \u00e1rea de Tr\u00e1nsito porte\u00f1a"},"content":{"rendered":"<div id=\"\">\n<p>Tambi\u00e9n ingres\u00f3 a los tribunales otra denuncia realizada por el abogado <strong>Javier Ba\u00f1os <\/strong>por los supuestos delitos de <span class=\"saysCMSEmphasis\" id=\"saysCMSEmphasisaoow1i536od\">\u201cabuso de autoridad, privaci\u00f3n ilegal de la libertad coactiva agravada dos ciudadanos rusos<\/span>, omisi\u00f3n de dar cumplimiento a los deberes de funcionario p\u00fablico que emanaban de tratados internacionales a los que ha adherido nuestra Rep\u00fablica\u201d<\/p>\n<p>De acuerdo con la presentaci\u00f3n de Tiscornia \u00ablas ilicitudes posiblemente perpetradas por dicho personal policial local consistir\u00edan \u2013 eventualmente- en abuso de autoridad y violaci\u00f3n de los deberes inherentes al ejercicio funcional (arts. 248 a 253 C\u00f3digo Penal\u201d.<\/p>\n<p>En todas las denuncias <span class=\"saysCMSEmphasis\" id=\"saysCMSEmphasisdxlac9k75dm\">se pide deslindar las eventuales responsabilidades del \u00e1rea de Tr\u00e1nsito de la Polic\u00eda porte\u00f1a.<\/span><\/p>\n<p><span class=\"saysCMSEmphasis\" id=\"saysCMSEmphasisupsoxoxeh1n\"> Se invoca \u201cla probable comisi\u00f3n de una actividad delictiva perpetrada contra la Constituci\u00f3n Nacional<\/span> en tanto y en cuanto la Convenci\u00f3n Internacional de Viena sobre Relaciones Diplom\u00e1ticas y Consulares ha sido, oportunamente, ratificada por el Estado Argentino\u201d.<\/p>\n<p>El conflicto se origin\u00f3 a partir de un<span class=\"saysCMSEmphasis\" id=\"saysCMSEmphasisb6nr75sm6ic\"> control de alcoholemia de rutina realizado en el barrio porte\u00f1o de Recoleta en horas de la ma\u00f1ana del d\u00eda 25 de diciembre.<\/span><\/p>\n<p>Los dos diplom\u00e1ticos de nacionalidad rusa <strong>Sergei Baldin <\/strong>y <strong>Cardmath Salomatin<\/strong> <span class=\"saysCMSEmphasis\" id=\"saysCMSEmphasisv26wj7noyym\">fueron demorados a bordo de sus veh\u00edculos con chapa patente diplom\u00e1tica, pero se negaron a realizarse el test.<\/span><\/p>\n<p>Al respecto,<span class=\"saysCMSEmphasis\" id=\"saysCMSEmphasisa9w6010jnm\"> la Embajada de Rusia consider\u00f3 \u201cuna grave violaci\u00f3n de derecho internacional\u201d el control de alcoholemia a sus diplom\u00e1ticos en Recoleta.<\/span><\/p>\n<p>Por su parte,<span class=\"saysCMSEmphasis\" id=\"saysCMSEmphasisbeth06dbr6h\"> la diputada Pagano pidi\u00f3 investigar el operativo, que se esclarezca si la actuaci\u00f3n de los agentes fue planificada de manera leg\u00edtima \u201co si por el contrario respondieron a un intento deliberado de generar un conflicto diplom\u00e1tico<\/span>\u201d, entre la Argentina y la Federaci\u00f3n de Rusia.<\/p>\n<p>En ese marco<span class=\"saysCMSEmphasis\" id=\"saysCMSEmphasisq6r8dzejf4\"> Pagano remarc\u00f3 que la inmunidad diplom\u00e1tica es una prerrogativa reconocida por la Convenci\u00f3n de Viena de 1961 y la Convenci\u00f3n de Viena sobre Relaciones Consulares de 1963, <\/span>ambas incorporadas al derecho argentino.<\/p>\n<p>Y que la insistencia de los agentes de tr\u00e1nsito y la falta de directrices claras por parte de las autoridades denunciadas constituyen una \u201cflagrante violaci\u00f3n a estas normas\u201d<\/p>\n<p>Por su parte <strong>Pablo Bereciartua<\/strong>, cabeza del Ministerio de Infraestructura de la Ciudad Aut\u00f3noma de Buenos Aires advirti\u00f3 en su cuenta de X que <span class=\"saysCMSEmphasis\" id=\"saysCMSEmphasiszby3ihqoht\"> \u201cTodos los ciudadanos est\u00e1n obligados a cumplir las normas y leyes de tr\u00e1nsito. Esto incluye al Cuerpo Diplom\u00e1tico <\/span>de acuerdo al art\u00edculo N\u00b0 41 de la Convenci\u00f3n de Viena sobre relaciones diplom\u00e1ticas. En el caso de p\u00fablico conocimiento se respet\u00f3 la inmunidad diplom\u00e1tica\u201d.<\/p>\n<p><span class=\"saysCMSEmphasis\" id=\"saysCMSEmphasisyinsqiimnfd\">Varios abogados especialistas en derecho internacional se inclinaron por esta posici\u00f3n al explicar que la inmunidad no es absoluta<\/span>.<\/p>\n<div contenteditable=\"false\" class=\"embed_cont type_freetext\" rel=\"freetext\" id=\"embed20_wrap\">\n<p>Embed <span onclick=\"parent.parent.TinyMCETdcuerpo.preview_embed('embed20')\" class=\"embed_colapse less\" id=\"embed20_colapse\"\/>  <span onclick=\"parent.parent.TinyMCETdcuerpo.delete_embed('embed20')\" class=\"embed_delete less\" id=\"embed20_delete\"\/><\/p>\n<div id=\"embed20_content\" class=\"embed_content\">\n<div id=\"embed20_embed\">\n<figure class=\"figure\"><a href=\"https:\/\/t.me\/minutounocom\" target=\"_blank\" rel=\"noopener\"><img decoding=\"async\" src=\"https:\/\/media.minutouno.com\/adjuntos\/150\/banners\/039\/099\/0039099175.jpg\" class=\"figure-img img-fluid\" style=\"width:100%;height:auto;\"\/><\/a><\/figure>\n<\/div>\n<\/div><\/div>\n<\/p><\/div>\n<p><a href=\"https:\/\/www.minutouno.com\/politica\/escandalo-diplomaticos-rusos-denunciaron-penalmente-al-area-transito-portena-n6096756\">source<\/a><\/p>\n","protected":false},"excerpt":{"rendered":"<p>Tambi\u00e9n ingres\u00f3 a los tribunales otra denuncia realizada por el abogado Javier Ba\u00f1os por los&#8230;<\/p>\n","protected":false},"author":0,"featured_media":196836,"comment_status":"open","ping_status":"open","sticky":false,"template":"","format":"standard","meta":{"footnotes":""},"categories":[2],"tags":[],"class_list":["post-196835","post","type-post","status-publish","format-standard","has-post-thumbnail","hentry","category-politica"],"featured_image_urls":{"full":["https:\/\/radiofenix.com.ar\/2023\/wp-content\/uploads\/wp-header-logo.png",0,0,false],"thumbnail":["https:\/\/radiofenix.com.ar\/2023\/wp-content\/uploads\/wp-header-logo.png",1,1,false],"medium":["https:\/\/radiofenix.com.ar\/2023\/wp-content\/uploads\/wp-header-logo.png",1,1,false],"medium_large":["https:\/\/radiofenix.com.ar\/2023\/wp-content\/uploads\/wp-header-logo.png",1,1,false],"large":["https:\/\/radiofenix.com.ar\/2023\/wp-content\/uploads\/wp-header-logo.png",1,1,false],"1536x1536":["https:\/\/radiofenix.com.ar\/2023\/wp-content\/uploads\/wp-header-logo.png",1,1,false],"2048x2048":["https:\/\/radiofenix.com.ar\/2023\/wp-content\/uploads\/wp-header-logo.png",1,1,false],"newsium-slider-full":["https:\/\/radiofenix.com.ar\/2023\/wp-content\/uploads\/wp-header-logo.png",1,1,false],"newsium-featured":["https:\/\/radiofenix.com.ar\/2023\/wp-content\/uploads\/wp-header-logo.png",1,1,false],"newsium-medium":["https:\/\/radiofenix.com.ar\/2023\/wp-content\/uploads\/wp-header-logo.png",1,1,false]},"author_info":{"info":[""]},"category_info":"<a href=\"https:\/\/radiofenix.com.ar\/2023\/category\/politica\/\" rel=\"category tag\">Pol\u00edtica<\/a>","tag_info":"Pol\u00edtica","comment_count":"0","_links":{"self":[{"href":"https:\/\/radiofenix.com.ar\/2023\/wp-json\/wp\/v2\/posts\/196835","targetHints":{"allow":["GET"]}}],"collection":[{"href":"https:\/\/radiofenix.com.ar\/2023\/wp-json\/wp\/v2\/posts"}],"about":[{"href":"https:\/\/radiofenix.com.ar\/2023\/wp-json\/wp\/v2\/types\/post"}],"replies":[{"embeddable":true,"href":"https:\/\/radiofenix.com.ar\/2023\/wp-json\/wp\/v2\/comments?post=196835"}],"version-history":[{"count":0,"href":"https:\/\/radiofenix.com.ar\/2023\/wp-json\/wp\/v2\/posts\/196835\/revisions"}],"wp:featuredmedia":[{"embeddable":true,"href":"https:\/\/radiofenix.com.ar\/2023\/wp-json\/wp\/v2\/media\/196836"}],"wp:attachment":[{"href":"https:\/\/radiofenix.com.ar\/2023\/wp-json\/wp\/v2\/media?parent=196835"}],"wp:term":[{"taxonomy":"category","embeddable":true,"href":"https:\/\/radiofenix.com.ar\/2023\/wp-json\/wp\/v2\/categories?post=196835"},{"taxonomy":"post_tag","embeddable":true,"href":"https:\/\/radiofenix.com.ar\/2023\/wp-json\/wp\/v2\/tags?post=196835"}],"curies":[{"name":"wp","href":"https:\/\/api.w.org\/{rel}","templated":true}]}}