{"id":196839,"date":"2024-12-27T08:57:42","date_gmt":"2024-12-27T08:57:42","guid":{"rendered":"https:\/\/radiofenix.com.ar\/2023\/leve-aumento-de-la-inflacion-en-diciembre\/"},"modified":"2024-12-27T08:57:42","modified_gmt":"2024-12-27T08:57:42","slug":"leve-aumento-de-la-inflacion-en-diciembre","status":"publish","type":"post","link":"https:\/\/radiofenix.com.ar\/2023\/leve-aumento-de-la-inflacion-en-diciembre\/","title":{"rendered":"Leve aumento de la inflaci\u00f3n en diciembre"},"content":{"rendered":"<div><!-- Body --><\/p>\n<p>La inflaci\u00f3n en alimentos y bebidas desaceler\u00f3 en la \u00faltima semana de diciembre, seg\u00fan mediciones privadas, no obstante marcar\u00eda un aumento en la comparaci\u00f3n contra noviembre. El repunte en los d\u00f3lares financieros y el ilegal pudo haber incidido sobre los precios dom\u00e9sticos. El \u00edndice general de precios, en tanto, se ubicar\u00eda levemente por arriba del 2,4 por ciento que lanz\u00f3 la \u00faltima medici\u00f3n oficial. En tanto, la expectativa de inflaci\u00f3n para los pr\u00f3ximos doce meses baj\u00f3 al 45 por ciento, el menor nivel desde 2021.<\/p>\n<p>De acuerdo al informe de LCG consultora, en la cuarta semana de diciembre la inflaci\u00f3n en alimentos y bebidas fue de 0 por ciento, lo cual represent\u00f3 una desaceleraci\u00f3n de 0,3 puntos porcentuales respecto de la semana anterior. El aumento en carnes de 0,3 por ciento fue parcialmente compensado por la suba en l\u00e1cteos, que hab\u00edan registrado un fuerte incremento la semana pasada, informaron desde LCG. Tambi\u00e9n sobresalieron las subas en verduras, az\u00facar y dulces, condimentos y otros productos alimenticios.<\/p>\n<p>Adem\u00e1s dentro del rubro se alcanz\u00f3 la m\u00e1xima estabilidad de precios desde marzo de 2023. Seg\u00fan se\u00f1al\u00f3 la consultora, el 86 por ciento de los art\u00edculos no registr\u00f3 variaciones.<\/p>\n<p>En tanto, la suba promedio mensual en el rubro se ubic\u00f3 en 1,9 por ciento mensual para esta consultora, lo cual implica un salto respecto a los registros oficiales de noviembre, que marcaron una inflaci\u00f3n de 0,9 por ciento en alimentos y bebidas no alcoh\u00f3licas. Desde LCG destacaron que la marca rompi\u00f3 la barrera del 2 por ciento mensual que le es usual.<\/p>\n<p>En tanto, desde Equilibra se\u00f1alaron, junto con los datos correspondientes a la tercera semana del mes, que diciembre cerrar\u00eda con una inflaci\u00f3n del 2,7 por ciento en promedio en el nivel general. Es decir, levemente superior al registro de noviembre de 2,4 por ciento, seg\u00fan cifras oficiales. Puntualmente respecto de la inflaci\u00f3n n\u00facleo -es decir aquella que excluye precios estacionales o regulados- indicaron que se mantendr\u00e1 en 3 por ciento, esto es 0,3 puntos porcentuales por arriba del \u00faltimo dato de Indec de noviembre. <\/p>\n<p>El \u00cdndice de Precios al Consumidor (IPC) de diciembre se conocer\u00e1 a mediados de enero y dejar\u00eda al IPC anual cerca del 120 por ciento, es decir, por debajo del registro de 211,4 por ciento del a\u00f1o anterior.<\/p>\n<p>Por \u00faltimo, la inflaci\u00f3n esperada por la poblaci\u00f3n para los pr\u00f3ximos doce meses registr\u00f3 una ca\u00edda de 5,2 puntos porcentuales, y pas\u00f3 desde 50,2 por ciento en noviembre a 45 por ciento este mes, seg\u00fan el sondeo realizado por el Centro de Investigaci\u00f3n en Finanzas (CIF) de la Escuela de Negocios de la Universidad Torcuato Di Tella, que present\u00f3 los resultados de la Encuesta de Expectativas de Inflaci\u00f3n (EI) de diciembre. En t\u00e9rminos comparativos se trata del valor m\u00e1s bajo desde enero de 2021, indicaron desde el CIF.\u00a0<\/p>\n<p><!-- Live Blog Post --><\/div>\n<p><a href=\"https:\/\/www.pagina12.com.ar\/793053-leve-aumento-de-la-inflacion-en-diciembre\">source<\/a><\/p>\n","protected":false},"excerpt":{"rendered":"<p>La inflaci\u00f3n en alimentos y bebidas desaceler\u00f3 en la \u00faltima semana de diciembre, seg\u00fan mediciones&#8230;<\/p>\n","protected":false},"author":0,"featured_media":196840,"comment_status":"open","ping_status":"open","sticky":false,"template":"","format":"standard","meta":{"footnotes":""},"categories":[5],"tags":[],"class_list":["post-196839","post","type-post","status-publish","format-standard","has-post-thumbnail","hentry","category-economia"],"featured_image_urls":{"full":["https:\/\/radiofenix.com.ar\/2023\/wp-content\/uploads\/wp-header-logo.png",0,0,false],"thumbnail":["https:\/\/radiofenix.com.ar\/2023\/wp-content\/uploads\/wp-header-logo.png",1,1,false],"medium":["https:\/\/radiofenix.com.ar\/2023\/wp-content\/uploads\/wp-header-logo.png",1,1,false],"medium_large":["https:\/\/radiofenix.com.ar\/2023\/wp-content\/uploads\/wp-header-logo.png",1,1,false],"large":["https:\/\/radiofenix.com.ar\/2023\/wp-content\/uploads\/wp-header-logo.png",1,1,false],"1536x1536":["https:\/\/radiofenix.com.ar\/2023\/wp-content\/uploads\/wp-header-logo.png",1,1,false],"2048x2048":["https:\/\/radiofenix.com.ar\/2023\/wp-content\/uploads\/wp-header-logo.png",1,1,false],"newsium-slider-full":["https:\/\/radiofenix.com.ar\/2023\/wp-content\/uploads\/wp-header-logo.png",1,1,false],"newsium-featured":["https:\/\/radiofenix.com.ar\/2023\/wp-content\/uploads\/wp-header-logo.png",1,1,false],"newsium-medium":["https:\/\/radiofenix.com.ar\/2023\/wp-content\/uploads\/wp-header-logo.png",1,1,false]},"author_info":{"info":[""]},"category_info":"<a href=\"https:\/\/radiofenix.com.ar\/2023\/category\/economia\/\" rel=\"category tag\">Economia<\/a>","tag_info":"Economia","comment_count":"0","_links":{"self":[{"href":"https:\/\/radiofenix.com.ar\/2023\/wp-json\/wp\/v2\/posts\/196839","targetHints":{"allow":["GET"]}}],"collection":[{"href":"https:\/\/radiofenix.com.ar\/2023\/wp-json\/wp\/v2\/posts"}],"about":[{"href":"https:\/\/radiofenix.com.ar\/2023\/wp-json\/wp\/v2\/types\/post"}],"replies":[{"embeddable":true,"href":"https:\/\/radiofenix.com.ar\/2023\/wp-json\/wp\/v2\/comments?post=196839"}],"version-history":[{"count":0,"href":"https:\/\/radiofenix.com.ar\/2023\/wp-json\/wp\/v2\/posts\/196839\/revisions"}],"wp:featuredmedia":[{"embeddable":true,"href":"https:\/\/radiofenix.com.ar\/2023\/wp-json\/wp\/v2\/media\/196840"}],"wp:attachment":[{"href":"https:\/\/radiofenix.com.ar\/2023\/wp-json\/wp\/v2\/media?parent=196839"}],"wp:term":[{"taxonomy":"category","embeddable":true,"href":"https:\/\/radiofenix.com.ar\/2023\/wp-json\/wp\/v2\/categories?post=196839"},{"taxonomy":"post_tag","embeddable":true,"href":"https:\/\/radiofenix.com.ar\/2023\/wp-json\/wp\/v2\/tags?post=196839"}],"curies":[{"name":"wp","href":"https:\/\/api.w.org\/{rel}","templated":true}]}}