{"id":196851,"date":"2024-12-28T03:49:30","date_gmt":"2024-12-28T03:49:30","guid":{"rendered":"https:\/\/radiofenix.com.ar\/2023\/un-soldado-norcoreano-murio-en-ucrania\/"},"modified":"2024-12-28T03:49:30","modified_gmt":"2024-12-28T03:49:30","slug":"un-soldado-norcoreano-murio-en-ucrania","status":"publish","type":"post","link":"https:\/\/radiofenix.com.ar\/2023\/un-soldado-norcoreano-murio-en-ucrania\/","title":{"rendered":"Un soldado norcoreano muri\u00f3 en Ucrania"},"content":{"rendered":"<div><!-- Body --><\/p>\n<p><b>El soldado norcoreano herido en la <a href=\"https:\/\/www.pagina12.com.ar\/793040-la-otan-incapaz-de-parar-el-avance-ruso-ni-los-danos-al-sect\">guerra de Ucrania<\/a> y que fue capturado por el <a href=\"https:\/\/www.pagina12.com.ar\/792788-rusia-y-ucrania-cada-vez-mas-lejos-de-la-paz\">gobierno de Kiev<\/a> falleci\u00f3 a causa de un empeoramiento de sus lesiones<\/b>, confirm\u00f3 este viernes la agencia de espionaje de Corea del Sur, citando informaci\u00f3n de inteligencia de un \u00abpa\u00eds amigo\u00bb.<\/p>\n<p>\u00abConfirmamos a trav\u00e9s de la organizaci\u00f3n de inteligencia de una naci\u00f3n amiga que un soldado norcoreano, capturado vivo el 26 de diciembre, muri\u00f3 hace poco tiempo debido a que sus heridas empeoraron\u00bb, dijo el Servicio Nacional de Inteligencia (NIS), seg\u00fan la agencia surcoreana <i>Yonhap<\/i>.<\/p>\n<p>La confirmaci\u00f3n de la muerte del soldado se produjo horas despu\u00e9s de que el NIS confirmara la <b>captura por parte de Ucrania del militar herido, en el primer caso de este tipo del que se tiene constancia<\/b>. El medio de comunicaci\u00f3n ucraniano especializado en cuestiones militares <i>Militarnyi<\/i> inform\u00f3 el jueves que las fuerzas ucranianas capturaron al soldado durante operaciones en la regi\u00f3n rusa de Kursk, en la l\u00ednea del frente occidental de Rusia, sin especificar cu\u00e1ndo ocurri\u00f3 el incidente. Una foto del soldado norcoreano capturado, que parec\u00eda haber sufrido heridas, circul\u00f3 en la red Telegram, sin aportar m\u00e1s detalles sobre su estado o situaci\u00f3n.<\/p>\n<h2>La presencia norcoreana<\/h2>\n<p>El presidente ucraniano, <b>Volod\u00edmir Zelenski<\/b>, asegur\u00f3 a principios de esta semana que <b>el n\u00famero de militares norcoreanos muertos y heridos en la regi\u00f3n rusa de Kursk, afectada por los ataques de Kiev, super\u00f3 los 3.000<\/b>, seg\u00fan datos preliminares.<\/p>\n<p>El portavoz del Consejo de Seguridad Nacional de la Casa Blanca<b>, John Kirby<\/b>, dijo en una rueda de prensa telef\u00f3nica que los soldados norcoreanos que apoyan a Rusia est\u00e1n lanzando grandes ataques contra las fuerzas ucranianas pero son menos eficaces de lo previsto. La inteligencia estadounidense tambi\u00e9n cuenta con informes de que hay <b>soldados norcoreanos que se quitan la vida para no ser capturados por las fuerzas ucranianas, probablemente por miedo a represalias contra sus familias en Corea del Norte<\/b>, dijo Kirby.<\/p>\n<p><!-- Live Blog Post --><\/div>\n<p><a href=\"https:\/\/www.pagina12.com.ar\/793323-murio-un-soldado-norcoreano-capturado-por-ucrania\">source<\/a><\/p>\n","protected":false},"excerpt":{"rendered":"<p>El soldado norcoreano herido en la guerra de Ucrania y que fue capturado por el&#8230;<\/p>\n","protected":false},"author":0,"featured_media":196852,"comment_status":"open","ping_status":"open","sticky":false,"template":"","format":"standard","meta":{"footnotes":""},"categories":[60],"tags":[],"class_list":["post-196851","post","type-post","status-publish","format-standard","has-post-thumbnail","hentry","category-internacional"],"featured_image_urls":{"full":["https:\/\/radiofenix.com.ar\/2023\/wp-content\/uploads\/wp-header-logo.png",0,0,false],"thumbnail":["https:\/\/radiofenix.com.ar\/2023\/wp-content\/uploads\/wp-header-logo.png",1,1,false],"medium":["https:\/\/radiofenix.com.ar\/2023\/wp-content\/uploads\/wp-header-logo.png",1,1,false],"medium_large":["https:\/\/radiofenix.com.ar\/2023\/wp-content\/uploads\/wp-header-logo.png",1,1,false],"large":["https:\/\/radiofenix.com.ar\/2023\/wp-content\/uploads\/wp-header-logo.png",1,1,false],"1536x1536":["https:\/\/radiofenix.com.ar\/2023\/wp-content\/uploads\/wp-header-logo.png",1,1,false],"2048x2048":["https:\/\/radiofenix.com.ar\/2023\/wp-content\/uploads\/wp-header-logo.png",1,1,false],"newsium-slider-full":["https:\/\/radiofenix.com.ar\/2023\/wp-content\/uploads\/wp-header-logo.png",1,1,false],"newsium-featured":["https:\/\/radiofenix.com.ar\/2023\/wp-content\/uploads\/wp-header-logo.png",1,1,false],"newsium-medium":["https:\/\/radiofenix.com.ar\/2023\/wp-content\/uploads\/wp-header-logo.png",1,1,false]},"author_info":{"info":[""]},"category_info":"<a href=\"https:\/\/radiofenix.com.ar\/2023\/category\/internacional\/\" rel=\"category tag\">Internacional<\/a>","tag_info":"Internacional","comment_count":"0","_links":{"self":[{"href":"https:\/\/radiofenix.com.ar\/2023\/wp-json\/wp\/v2\/posts\/196851","targetHints":{"allow":["GET"]}}],"collection":[{"href":"https:\/\/radiofenix.com.ar\/2023\/wp-json\/wp\/v2\/posts"}],"about":[{"href":"https:\/\/radiofenix.com.ar\/2023\/wp-json\/wp\/v2\/types\/post"}],"replies":[{"embeddable":true,"href":"https:\/\/radiofenix.com.ar\/2023\/wp-json\/wp\/v2\/comments?post=196851"}],"version-history":[{"count":0,"href":"https:\/\/radiofenix.com.ar\/2023\/wp-json\/wp\/v2\/posts\/196851\/revisions"}],"wp:featuredmedia":[{"embeddable":true,"href":"https:\/\/radiofenix.com.ar\/2023\/wp-json\/wp\/v2\/media\/196852"}],"wp:attachment":[{"href":"https:\/\/radiofenix.com.ar\/2023\/wp-json\/wp\/v2\/media?parent=196851"}],"wp:term":[{"taxonomy":"category","embeddable":true,"href":"https:\/\/radiofenix.com.ar\/2023\/wp-json\/wp\/v2\/categories?post=196851"},{"taxonomy":"post_tag","embeddable":true,"href":"https:\/\/radiofenix.com.ar\/2023\/wp-json\/wp\/v2\/tags?post=196851"}],"curies":[{"name":"wp","href":"https:\/\/api.w.org\/{rel}","templated":true}]}}