{"id":196853,"date":"2024-12-28T03:49:33","date_gmt":"2024-12-28T03:49:33","guid":{"rendered":"https:\/\/radiofenix.com.ar\/2023\/duro-comunicado-de-lla-por-el-desdoblamiento-de-las-elecciones-en-la-ciudad-desconfianza\/"},"modified":"2024-12-28T03:49:33","modified_gmt":"2024-12-28T03:49:33","slug":"duro-comunicado-de-lla-por-el-desdoblamiento-de-las-elecciones-en-la-ciudad-desconfianza","status":"publish","type":"post","link":"https:\/\/radiofenix.com.ar\/2023\/duro-comunicado-de-lla-por-el-desdoblamiento-de-las-elecciones-en-la-ciudad-desconfianza\/","title":{"rendered":"Duro comunicado de LLA por el desdoblamiento de las elecciones en la Ciudad: &quot;Desconfianza&quot;"},"content":{"rendered":"<div id=\"\">\n<p>El partido manifest\u00f3 que se trat\u00f3 de una <strong>\u201cmaniobra inconsulta con el resto de las fuerzas pol\u00edticas\u201d <\/strong>anunciada \u201cen medio de nuestras festividades\u201d lo que les da indicios de que \u201c<strong>el Gobierno de la Ciudad tiene una gesti\u00f3n centrada en sus propios intereses<\/strong>, no es capaz de comprender las demandas de los porte\u00f1os y se pone a la altura del manoseo institucional de feudos como Formosa y Santiago del Estero\u201d.<\/p>\n<p>\u201cLos argentinos de bien que vivimos en la ciudad no queremos anuncios vac\u00edos, <strong>queremos menos gasto, menos privilegios para la pol\u00edtica, y servicios de calidad <\/strong>que hoy no se reflejan en los excesivos impuestos que estamos obligados a pagar\u201d, afirma el comunicado.<\/p>\n<p>En ese sentido, desde La Libertad Avanza CABA sostienen que \u201c<span class=\"saysCMSEmphasis\" id=\"saysCMSEmphasisj6j2k8zcls\">un desdoblamiento implica gastar 38 millones de d\u00f3lares que salen de nuestros impuestos<\/span>. Con esa plata &#8211; en una ciudad donde se escapan los presos &#8211; el Gobierno de la Ciudad podr\u00eda financiar, por ejemplo, una c\u00e1rcel para m\u00e1s de 500 delincuentes para darle mayor seguridad a los vecinos\u201d.<\/p>\n<div contenteditable=\"false\" class=\"embed_cont type_imagen\" id=\"8022309-Libre-440424620_wrap\">\n<p>pilar ramirez.png <span onclick=\"parent.parent.TinyMCETdcuerpo.preview_embed('8022309-Libre-440424620')\" class=\"embed_colapse less\" id=\"8022309-Libre-440424620_colapse\"\/>  <span onclick=\"parent.parent.TinyMCETdcuerpo.delete_embed('8022309-Libre-440424620')\" class=\"embed_delete less\" id=\"8022309-Libre-440424620_delete\"\/><\/p>\n<div id=\"8022309-Libre-440424620_content\" class=\"embed_content\"><img decoding=\"async\" src=\"https:\/\/media.minutouno.com\/p\/067765258610efb1530a2cf6693765c3\/adjuntos\/150\/imagenes\/042\/072\/0042072527\/610x0\/smart\/pilar-ramirez-diputada-y-presidente-del-bloque-la-libertad-avanza-la-legislatura-portena-.png\" alt=\"Pilar Ram\u00edrez, diputada y presidente del bloque de La Libertad Avanza en la Legislatura porte\u00f1a  \" title=\"Pilar Ram\u00edrez, diputada y presidente del bloque de La Libertad Avanza en la Legislatura porte\u00f1a  \" width=\"610\" height=\"undefined\" id=\"8022309-Libre-440424620_embed\"\/><\/div>\n<div id=\"8022309-Libre-440424620_epigrafe\" class=\"embed_epigrafe\">\n<p> Pilar Ram\u00edrez, diputada y presidente del bloque de La Libertad Avanza en la Legislatura porte\u00f1a<\/p>\n<\/div><\/div>\n<h3>Jorge Macri propone eliminar las PASO en la Ciudad<\/h3>\n<p>Al respecto, desde La Libertad Avanza consideraron que \u201c<span class=\"saysCMSEmphasis\" id=\"saysCMSEmphasisodthgef8ru\">las PASO nunca sirvieron, estamos de acuerdo. Por eso proponemos eliminarlas<\/span>. Y no deja de llamarnos la atenci\u00f3n lo tarde que se han acordado de esto, presentando un parche, cuando tuvieron todo este a\u00f1o para poder analizar sugerencias, discutirlas e impulsar una verdadera reforma, tal como lo viene haciendo el Gobierno Nacional\u201d.<\/p>\n<p>En otro fragmento, lanzaron un dura cr\u00edtica: \u201cEl Gobierno de la Ciudad no entiende las prioridades de los porte\u00f1os. Tal vez porque muchos de ellos, incluido el Jefe de Gobierno, no lo son\u201d.<\/p>\n<p>\u201cSe equivocan si creen que con este \u2018ventajeo electoral\u2019 perjudican a nuestro partido, solo logran poner en evidencia al oficialismo porte\u00f1o subestimando y cansando a los votantes. Aunque algunos no quieran\u00bb, cerr\u00f3 el comunicado del bloque de La Libertad Avanza en la Ciudad de Buenos Aires.<\/p>\n<div contenteditable=\"false\" class=\"embed_cont type_freetext\" rel=\"freetext\" id=\"embed26_wrap\">\n<p>Embed <span onclick=\"parent.parent.TinyMCETdcuerpo.preview_embed('embed26')\" class=\"embed_colapse less\" id=\"embed26_colapse\"\/>  <span onclick=\"parent.parent.TinyMCETdcuerpo.delete_embed('embed26')\" class=\"embed_delete less\" id=\"embed26_delete\"\/><\/p>\n<div id=\"embed26_content\" class=\"embed_content\">\n<div id=\"embed26_embed\">\n<figure class=\"figure\"><a href=\"https:\/\/t.me\/minutounocom\" target=\"_blank\" rel=\"noopener\"><img decoding=\"async\" src=\"https:\/\/media.minutouno.com\/adjuntos\/150\/banners\/039\/099\/0039099175.jpg\" class=\"figure-img img-fluid\" style=\"width:100%;height:auto;\"\/><\/a><\/figure>\n<\/div>\n<\/div><\/div>\n<\/p><\/div>\n<p><a href=\"https:\/\/www.minutouno.com\/politica\/duro-comunicado-lla-el-desdoblamiento-las-elecciones-la-ciudad-desconfianza-n6097273\">source<\/a><\/p>\n","protected":false},"excerpt":{"rendered":"<p>El partido manifest\u00f3 que se trat\u00f3 de una \u201cmaniobra inconsulta con el resto de las&#8230;<\/p>\n","protected":false},"author":0,"featured_media":196854,"comment_status":"open","ping_status":"open","sticky":false,"template":"","format":"standard","meta":{"footnotes":""},"categories":[2],"tags":[],"class_list":["post-196853","post","type-post","status-publish","format-standard","has-post-thumbnail","hentry","category-politica"],"featured_image_urls":{"full":["https:\/\/radiofenix.com.ar\/2023\/wp-content\/uploads\/wp-header-logo.png",0,0,false],"thumbnail":["https:\/\/radiofenix.com.ar\/2023\/wp-content\/uploads\/wp-header-logo.png",1,1,false],"medium":["https:\/\/radiofenix.com.ar\/2023\/wp-content\/uploads\/wp-header-logo.png",1,1,false],"medium_large":["https:\/\/radiofenix.com.ar\/2023\/wp-content\/uploads\/wp-header-logo.png",1,1,false],"large":["https:\/\/radiofenix.com.ar\/2023\/wp-content\/uploads\/wp-header-logo.png",1,1,false],"1536x1536":["https:\/\/radiofenix.com.ar\/2023\/wp-content\/uploads\/wp-header-logo.png",1,1,false],"2048x2048":["https:\/\/radiofenix.com.ar\/2023\/wp-content\/uploads\/wp-header-logo.png",1,1,false],"newsium-slider-full":["https:\/\/radiofenix.com.ar\/2023\/wp-content\/uploads\/wp-header-logo.png",1,1,false],"newsium-featured":["https:\/\/radiofenix.com.ar\/2023\/wp-content\/uploads\/wp-header-logo.png",1,1,false],"newsium-medium":["https:\/\/radiofenix.com.ar\/2023\/wp-content\/uploads\/wp-header-logo.png",1,1,false]},"author_info":{"info":[""]},"category_info":"<a href=\"https:\/\/radiofenix.com.ar\/2023\/category\/politica\/\" rel=\"category tag\">Pol\u00edtica<\/a>","tag_info":"Pol\u00edtica","comment_count":"0","_links":{"self":[{"href":"https:\/\/radiofenix.com.ar\/2023\/wp-json\/wp\/v2\/posts\/196853","targetHints":{"allow":["GET"]}}],"collection":[{"href":"https:\/\/radiofenix.com.ar\/2023\/wp-json\/wp\/v2\/posts"}],"about":[{"href":"https:\/\/radiofenix.com.ar\/2023\/wp-json\/wp\/v2\/types\/post"}],"replies":[{"embeddable":true,"href":"https:\/\/radiofenix.com.ar\/2023\/wp-json\/wp\/v2\/comments?post=196853"}],"version-history":[{"count":0,"href":"https:\/\/radiofenix.com.ar\/2023\/wp-json\/wp\/v2\/posts\/196853\/revisions"}],"wp:featuredmedia":[{"embeddable":true,"href":"https:\/\/radiofenix.com.ar\/2023\/wp-json\/wp\/v2\/media\/196854"}],"wp:attachment":[{"href":"https:\/\/radiofenix.com.ar\/2023\/wp-json\/wp\/v2\/media?parent=196853"}],"wp:term":[{"taxonomy":"category","embeddable":true,"href":"https:\/\/radiofenix.com.ar\/2023\/wp-json\/wp\/v2\/categories?post=196853"},{"taxonomy":"post_tag","embeddable":true,"href":"https:\/\/radiofenix.com.ar\/2023\/wp-json\/wp\/v2\/tags?post=196853"}],"curies":[{"name":"wp","href":"https:\/\/api.w.org\/{rel}","templated":true}]}}