{"id":196861,"date":"2024-12-28T08:57:07","date_gmt":"2024-12-28T08:57:07","guid":{"rendered":"https:\/\/radiofenix.com.ar\/2023\/cristian-medina-se-va-de-boca-un-grupo-empresario-pago-su-clausula-y-lo-prestaria-a-estudiantes\/"},"modified":"2024-12-28T08:57:07","modified_gmt":"2024-12-28T08:57:07","slug":"cristian-medina-se-va-de-boca-un-grupo-empresario-pago-su-clausula-y-lo-prestaria-a-estudiantes","status":"publish","type":"post","link":"https:\/\/radiofenix.com.ar\/2023\/cristian-medina-se-va-de-boca-un-grupo-empresario-pago-su-clausula-y-lo-prestaria-a-estudiantes\/","title":{"rendered":"Cristian Medina se va de Boca: un grupo empresario pag\u00f3 su cl\u00e1usula y lo prestar\u00eda a Estudiantes"},"content":{"rendered":"<div><!-- Body --><\/p>\n<p>El volante <b>Cristian Medina pasar\u00e1 de Boca a Estudiantes de La Plata<\/b> en los pr\u00f3ximos d\u00edas, una operaci\u00f3n que trascendi\u00f3 este viernes y que est\u00e1 dando mucho que hablar porque en el medio est\u00e1 el promocionado <b>grupo empresario del estadounidense Foster Gillett<\/b> y su acuerdo, por ahora de palabra, con el elenco pincha.<\/p>\n<p>La novedad est\u00e1\u00a0<b>edulcorada por toda la operatoria pro Sociedades An\u00f3nimas Deportivas (SAD)<\/b>, avanzada oficialista que no descansa ni a fin de a\u00f1o. Pero en realidad, la cosa no pasa de una habitual operatoria entre grupos empresarios, clubes y la siempre sospechosa\u00a0<b>triangulaci\u00f3n con otro equipo<\/b>. De manual.<\/p>\n<p>Los n\u00fameros de la transferencia son los siguientes. <b>Medina ejecut\u00f3 su cl\u00e1usula de salida de Boca a cambio de 15 millones de d\u00f3lares y firmar\u00eda con Estudiantes a pr\u00e9stamo por seis meses. Claro que lo de \u00abejecut\u00f3\u00bb es un mero decir<\/b>: el que compr\u00f3 el pase del futbolista es el grupo empresario en cuesti\u00f3n, que primero deber\u00e1 inscribirlo en un club de su propiedad -ser\u00eda Rampla Juniors, recientemente privatizado, ya que el acuerdo con Estudiantes por ahora no fue aprobado- y luego lo mandar\u00e1 a pr\u00e9stamo a La Plata antes de ubicarlo en el f\u00fatbol europeo. <b>Medina no juega en la primera de Boca desde octubre,<\/b> cuando pidi\u00f3 que se definiera su situaci\u00f3n antes del compromiso que ten\u00eda Boca ante Gimnasia por la Copa Argentina. Desde ese momento, el entrenador Fernando<b> Gago ya no lo tuvo en cuenta porque consider\u00f3 que el volante no estaba comprometido con el club.<\/b><\/p>\n<p>As\u00ed las cosas, Boca se llevar\u00e1 una moneda muy considerable por el futbolista de 22 a\u00f1os, 160 partidos y 9 goles en el club, que ven\u00eda sin jugar y ten\u00eda al Fenerbahce turco como principal interesado, mientras que <b>Estudiantes gozar\u00e1 de sus servicios a cambio de servir de vidriera<\/b> para que el grupo de Gillett intente aumentar la cotizaci\u00f3n de su nueva inversi\u00f3n. Aunque no faltan quienes se\u00f1alan que <b>su breve paso por La Plata ser\u00eda apenas un favor a los altos mandos nacionales y su avanzada SAD<\/b>.<\/p>\n<p>Queda por ver <b>si la entidad presidida por Juan Sebasti\u00e1n Ver\u00f3n negocia alg\u00fan porcentaje<\/b> de la ficha para no hacer meramente de vidriera, mientras los millones pasan por delante suyo. Por lo pronto, nada nuevo bajo el sol.<\/p>\n<p>Vale recordar que hace poco m\u00e1s de un mes, <b>el presidente pincha anunci\u00f3 que firmar\u00eda un preacuerdo con el cuestionado empresario estadounidense <\/b>-tuvo un paso por el Liverpool de Inglaterra repleto de promesas incumplidas- que le permitir\u00e1 al club recibir una inversi\u00f3n inicial de alrededor de <b>150 millones de d\u00f3lares<\/b>, generando una sociedad mixta que no violar\u00eda el estatuto de la AFA. Como suele suceder en estos casos, no est\u00e1 claro qu\u00e9 se lleva el grupo empresario a cambio de su inversi\u00f3n.<\/p>\n<p>   El preacuerdo que ser\u00e1 firmado por Gillett (representado en Argentina por el empresario Guillermo Tofoni), establece un <b>compromiso de reinversi\u00f3n durante m\u00e1s de 15 a\u00f1os<\/b> que abarcar\u00eda el f\u00fatbol profesional, las divisiones inferiores, otras disciplinas e infraestructura edilicia, como el techo del estadio Uno y un centro de entrenamiento.<\/p>\n<p>   En los pr\u00f3ximos meses, abogados y contadores de ambas partes afinar\u00e1n los detalles para someter el contrato definitivo a la<b> aprobaci\u00f3n de los socios <\/b>en una Asamblea Extraordinaria.<\/p>\n<p><!-- Live Blog Post --><\/div>\n<p><a href=\"https:\/\/www.pagina12.com.ar\/793249-cristian-medina-se-va-de-boca-un-grupo-empresario-pago-su-cl\">source<\/a><\/p>\n","protected":false},"excerpt":{"rendered":"<p>El volante Cristian Medina pasar\u00e1 de Boca a Estudiantes de La Plata en los pr\u00f3ximos&#8230;<\/p>\n","protected":false},"author":0,"featured_media":196862,"comment_status":"open","ping_status":"open","sticky":false,"template":"","format":"standard","meta":{"footnotes":""},"categories":[3],"tags":[],"class_list":["post-196861","post","type-post","status-publish","format-standard","has-post-thumbnail","hentry","category-deportes"],"featured_image_urls":{"full":["https:\/\/radiofenix.com.ar\/2023\/wp-content\/uploads\/wp-header-logo.png",0,0,false],"thumbnail":["https:\/\/radiofenix.com.ar\/2023\/wp-content\/uploads\/wp-header-logo.png",1,1,false],"medium":["https:\/\/radiofenix.com.ar\/2023\/wp-content\/uploads\/wp-header-logo.png",1,1,false],"medium_large":["https:\/\/radiofenix.com.ar\/2023\/wp-content\/uploads\/wp-header-logo.png",1,1,false],"large":["https:\/\/radiofenix.com.ar\/2023\/wp-content\/uploads\/wp-header-logo.png",1,1,false],"1536x1536":["https:\/\/radiofenix.com.ar\/2023\/wp-content\/uploads\/wp-header-logo.png",1,1,false],"2048x2048":["https:\/\/radiofenix.com.ar\/2023\/wp-content\/uploads\/wp-header-logo.png",1,1,false],"newsium-slider-full":["https:\/\/radiofenix.com.ar\/2023\/wp-content\/uploads\/wp-header-logo.png",1,1,false],"newsium-featured":["https:\/\/radiofenix.com.ar\/2023\/wp-content\/uploads\/wp-header-logo.png",1,1,false],"newsium-medium":["https:\/\/radiofenix.com.ar\/2023\/wp-content\/uploads\/wp-header-logo.png",1,1,false]},"author_info":{"info":[""]},"category_info":"<a href=\"https:\/\/radiofenix.com.ar\/2023\/category\/deportes\/\" rel=\"category tag\">Deportes<\/a>","tag_info":"Deportes","comment_count":"0","_links":{"self":[{"href":"https:\/\/radiofenix.com.ar\/2023\/wp-json\/wp\/v2\/posts\/196861","targetHints":{"allow":["GET"]}}],"collection":[{"href":"https:\/\/radiofenix.com.ar\/2023\/wp-json\/wp\/v2\/posts"}],"about":[{"href":"https:\/\/radiofenix.com.ar\/2023\/wp-json\/wp\/v2\/types\/post"}],"replies":[{"embeddable":true,"href":"https:\/\/radiofenix.com.ar\/2023\/wp-json\/wp\/v2\/comments?post=196861"}],"version-history":[{"count":0,"href":"https:\/\/radiofenix.com.ar\/2023\/wp-json\/wp\/v2\/posts\/196861\/revisions"}],"wp:featuredmedia":[{"embeddable":true,"href":"https:\/\/radiofenix.com.ar\/2023\/wp-json\/wp\/v2\/media\/196862"}],"wp:attachment":[{"href":"https:\/\/radiofenix.com.ar\/2023\/wp-json\/wp\/v2\/media?parent=196861"}],"wp:term":[{"taxonomy":"category","embeddable":true,"href":"https:\/\/radiofenix.com.ar\/2023\/wp-json\/wp\/v2\/categories?post=196861"},{"taxonomy":"post_tag","embeddable":true,"href":"https:\/\/radiofenix.com.ar\/2023\/wp-json\/wp\/v2\/tags?post=196861"}],"curies":[{"name":"wp","href":"https:\/\/api.w.org\/{rel}","templated":true}]}}