{"id":196863,"date":"2024-12-28T08:57:08","date_gmt":"2024-12-28T08:57:08","guid":{"rendered":"https:\/\/radiofenix.com.ar\/2023\/estados-unidos-el-zar-de-la-frontera-promete-restituir-la-detencion-de-familias-migrantes\/"},"modified":"2024-12-28T08:57:08","modified_gmt":"2024-12-28T08:57:08","slug":"estados-unidos-el-zar-de-la-frontera-promete-restituir-la-detencion-de-familias-migrantes","status":"publish","type":"post","link":"https:\/\/radiofenix.com.ar\/2023\/estados-unidos-el-zar-de-la-frontera-promete-restituir-la-detencion-de-familias-migrantes\/","title":{"rendered":"Estados Unidos: el &quot;zar de la frontera&quot; promete restituir la detenci\u00f3n de familias migrantes"},"content":{"rendered":"<p>El gobierno de Joe Biden cerr\u00f3 en 2021 los centros de detenci\u00f3n para familias migrantes que operaban en EE.UU. y que fueron abiertos por el gobierno de Barack Obama.<br \/><a href=\"https:\/\/www.pagina12.com.ar\/793072-ee-uu-el-zar-de-la-frontera-promete-restituir-la-detencion-d\">source<\/a><\/p>\n","protected":false},"excerpt":{"rendered":"<p>El gobierno de Joe Biden cerr\u00f3 en 2021 los centros de detenci\u00f3n para familias migrantes&#8230;<\/p>\n","protected":false},"author":0,"featured_media":196864,"comment_status":"open","ping_status":"open","sticky":false,"template":"","format":"standard","meta":{"footnotes":""},"categories":[60],"tags":[],"class_list":["post-196863","post","type-post","status-publish","format-standard","has-post-thumbnail","hentry","category-internacional"],"featured_image_urls":{"full":["https:\/\/radiofenix.com.ar\/2023\/wp-content\/uploads\/wp-header-logo.png",0,0,false],"thumbnail":["https:\/\/radiofenix.com.ar\/2023\/wp-content\/uploads\/wp-header-logo.png",1,1,false],"medium":["https:\/\/radiofenix.com.ar\/2023\/wp-content\/uploads\/wp-header-logo.png",1,1,false],"medium_large":["https:\/\/radiofenix.com.ar\/2023\/wp-content\/uploads\/wp-header-logo.png",1,1,false],"large":["https:\/\/radiofenix.com.ar\/2023\/wp-content\/uploads\/wp-header-logo.png",1,1,false],"1536x1536":["https:\/\/radiofenix.com.ar\/2023\/wp-content\/uploads\/wp-header-logo.png",1,1,false],"2048x2048":["https:\/\/radiofenix.com.ar\/2023\/wp-content\/uploads\/wp-header-logo.png",1,1,false],"newsium-slider-full":["https:\/\/radiofenix.com.ar\/2023\/wp-content\/uploads\/wp-header-logo.png",1,1,false],"newsium-featured":["https:\/\/radiofenix.com.ar\/2023\/wp-content\/uploads\/wp-header-logo.png",1,1,false],"newsium-medium":["https:\/\/radiofenix.com.ar\/2023\/wp-content\/uploads\/wp-header-logo.png",1,1,false]},"author_info":{"info":[""]},"category_info":"<a href=\"https:\/\/radiofenix.com.ar\/2023\/category\/internacional\/\" rel=\"category tag\">Internacional<\/a>","tag_info":"Internacional","comment_count":"0","_links":{"self":[{"href":"https:\/\/radiofenix.com.ar\/2023\/wp-json\/wp\/v2\/posts\/196863","targetHints":{"allow":["GET"]}}],"collection":[{"href":"https:\/\/radiofenix.com.ar\/2023\/wp-json\/wp\/v2\/posts"}],"about":[{"href":"https:\/\/radiofenix.com.ar\/2023\/wp-json\/wp\/v2\/types\/post"}],"replies":[{"embeddable":true,"href":"https:\/\/radiofenix.com.ar\/2023\/wp-json\/wp\/v2\/comments?post=196863"}],"version-history":[{"count":0,"href":"https:\/\/radiofenix.com.ar\/2023\/wp-json\/wp\/v2\/posts\/196863\/revisions"}],"wp:featuredmedia":[{"embeddable":true,"href":"https:\/\/radiofenix.com.ar\/2023\/wp-json\/wp\/v2\/media\/196864"}],"wp:attachment":[{"href":"https:\/\/radiofenix.com.ar\/2023\/wp-json\/wp\/v2\/media?parent=196863"}],"wp:term":[{"taxonomy":"category","embeddable":true,"href":"https:\/\/radiofenix.com.ar\/2023\/wp-json\/wp\/v2\/categories?post=196863"},{"taxonomy":"post_tag","embeddable":true,"href":"https:\/\/radiofenix.com.ar\/2023\/wp-json\/wp\/v2\/tags?post=196863"}],"curies":[{"name":"wp","href":"https:\/\/api.w.org\/{rel}","templated":true}]}}