{"id":196865,"date":"2024-12-28T08:57:11","date_gmt":"2024-12-28T08:57:11","guid":{"rendered":"https:\/\/radiofenix.com.ar\/2023\/cancilleria-envio-sus-condolencias-tras-la-tragedia-aerea-en-kazajistan\/"},"modified":"2024-12-28T08:57:11","modified_gmt":"2024-12-28T08:57:11","slug":"cancilleria-envio-sus-condolencias-tras-la-tragedia-aerea-en-kazajistan","status":"publish","type":"post","link":"https:\/\/radiofenix.com.ar\/2023\/cancilleria-envio-sus-condolencias-tras-la-tragedia-aerea-en-kazajistan\/","title":{"rendered":"Canciller\u00eda envi\u00f3 sus condolencias tras la tragedia a\u00e9rea en Kazajist\u00e1n"},"content":{"rendered":"<div id=\"\">\n<p>\u201cLa Rep\u00fablica Argentina expresa sus m\u00e1s sentidas condolencias ante la tragedia a\u00e9rea ocurrida el d\u00eda de ayer, en la cual <strong>un avi\u00f3n de la aerol\u00ednea Azerbaijan Airlines tuvo que realizar un aterrizaje de emergencia, causando hasta el momento al menos 38 v\u00edctimas fatales<\/strong>\u201d, expresa la declaraci\u00f3n.<\/p>\n<p><strong>\u201cEl gobierno y pueblo argentino se solidarizan con los familiares de las v\u00edctimas\u201d<\/strong>, concluye el comunicado publicado en redes sociales por el Ministerio de Relaciones Exteriores, Comercio Internacional y Culto, encabezado por Gerardo Werthein.<\/p>\n<div contenteditable=\"false\" class=\"embed_cont type_imagen\" id=\"8022063-Libre-576797799_wrap\">\n<p>tuit cancilleria avion azerbaiyan.jpg <span onclick=\"parent.parent.TinyMCETdcuerpo.preview_embed('8022063-Libre-576797799')\" class=\"embed_colapse less\" id=\"8022063-Libre-576797799_colapse\"\/>  <span onclick=\"parent.parent.TinyMCETdcuerpo.delete_embed('8022063-Libre-576797799')\" class=\"embed_delete less\" id=\"8022063-Libre-576797799_delete\"\/><\/p>\n<div id=\"8022063-Libre-576797799_content\" class=\"embed_content\"><img decoding=\"async\" src=\"https:\/\/media.minutouno.com\/p\/7910e4e053cdfd1f4f79bab328b9b457\/adjuntos\/150\/imagenes\/042\/071\/0042071208\/610x0\/smart\/tuit-cancilleria-avion-azerbaiyanjpg.jpg\" alt=\"\" title=\"\" width=\"610\" height=\"undefined\" id=\"8022063-Libre-576797799_embed\"\/><\/div>\n<\/p><\/div>\n<h2>\u00bfFallas t\u00e9cnicas, humanas o un misil tierra-aire?<\/h2>\n<p>Como se inform\u00f3, a aeronave con n\u00famero J2-8243 <strong><a href=\"https:\/\/www.minutouno.com\/mundo\/imagenes-impactantes-el-video-del-momento-exacto-que-se-estrella-el-avion-kazajistan-n6096634\" target=\"_blank\" rel=\"follow noopener\">cay\u00f3 en cercan\u00edas del aeropuerto de Aktau, en Kazajist\u00e1n, luego de realizar extra\u00f1as maniobras en el aire<\/a><\/strong>, seg\u00fan puede observarse en videos captados por testigos.<\/p>\n<p>En ellas se puede ver <strong>c\u00f3mo el vuelo J2-8243 de Azerbaijan Airlines realiza extra\u00f1as maniobras, como ascender, descender, volver a ascender y luego descender bruscamente hasta estrellarse<\/strong> contra el suelo, explotando tras el terrible impacto.<\/p>\n<p>En un principio, se indic\u00f3 que la nave <strong>no pudo obtener permiso para aterrizar en Grozny debido a la niebla, por lo que tuvo que ser desviado a Makhachkala y posteriormente a Aktau<\/strong>, donde ocurri\u00f3 el siniestro.<\/p>\n<div contenteditable=\"false\" class=\"embed_cont type_video\" id=\"8021636-907708658_wrap\">\n<p>avion kazajist\u00e1n ca\u00edda.mp4 <span onclick=\"parent.parent.TinyMCETdcuerpo.preview_embed('8021636-907708658')\" class=\"embed_colapse less\" id=\"8021636-907708658_colapse\"\/>  <span onclick=\"parent.parent.TinyMCETdcuerpo.delete_embed('8021636-907708658')\" class=\"embed_delete less\" id=\"8021636-907708658_delete\"\/><\/p>\n<\/p><\/div>\n<p>Pero nuevas versiones sugieren que la aeronave que se dirig\u00eda de Bak\u00fa a Grozny <strong>habr\u00eda modificado su ruta debido al cierre de aeropuertos en Rusia por nuevos ataques de drones<\/strong>, en el marco de la guerra que ese pa\u00eds mantiene con Ucrania.<\/p>\n<p>Incluso fuentes oficiales se\u00f1alaron que pudo haber sido <strong><a href=\"https:\/\/www.minutouno.com\/mundo\/azerbaiyan-denuncio-que-un-misil-derribo-al-avion-kazajistan-n6096846\" target=\"_blank\" rel=\"follow noopener\">blanco de un misil tierra-aire disparado cuando sobrevolaba Grozny, lanzado por las autoridades militares rusas<\/a><\/strong> durante el ataque con drones sobre Grozny, capital de Chechenia.<\/p>\n<p>En concreto, de las 67 personas que iban en la aeronave, incluidos 62 pasajeros y cinco tripulantes, el Ministerio de Situaciones de Emergencia kazajo <strong>report\u00f3 hasta el momento 38 personas fallecidas y 28 supervivientes<\/strong>, mientras se contin\u00faa con los operativos de rescate.<\/p>\n<div contenteditable=\"false\" class=\"embed_cont type_freetext\" rel=\"freetext\" id=\"embed72_wrap\">\n<p> Embed <span onclick=\"parent.parent.TinyMCETdcuerpo.preview_embed('embed72')\" class=\"embed_colapse less\" id=\"embed72_colapse\"\/>  <span onclick=\"parent.parent.TinyMCETdcuerpo.delete_embed('embed72')\" class=\"embed_delete less\" id=\"embed72_delete\"\/><\/p>\n<div id=\"embed72_content\" class=\"embed_content\">\n<div id=\"embed72_embed\">\n<figure class=\"figure\"><a href=\"https:\/\/t.me\/minutounocom\" target=\"_blank\" rel=\"noopener\"><img decoding=\"async\" src=\"https:\/\/media.minutouno.com\/adjuntos\/150\/banners\/039\/099\/0039099175.jpg\" class=\"figure-img img-fluid\" style=\"width:100%;height:auto;\"\/><\/a><\/figure>\n<\/div>\n<\/div><\/div>\n<\/div>\n<p><a href=\"https:\/\/www.minutouno.com\/mundo\/cancilleria-envio-sus-condolencias-la-tragedia-aerea-kazajistan-n6097010\">source<\/a><\/p>\n","protected":false},"excerpt":{"rendered":"<p>\u201cLa Rep\u00fablica Argentina expresa sus m\u00e1s sentidas condolencias ante la tragedia a\u00e9rea ocurrida el d\u00eda&#8230;<\/p>\n","protected":false},"author":0,"featured_media":196866,"comment_status":"open","ping_status":"open","sticky":false,"template":"","format":"standard","meta":{"footnotes":""},"categories":[2],"tags":[],"class_list":["post-196865","post","type-post","status-publish","format-standard","has-post-thumbnail","hentry","category-politica"],"featured_image_urls":{"full":["https:\/\/radiofenix.com.ar\/2023\/wp-content\/uploads\/wp-header-logo.png",0,0,false],"thumbnail":["https:\/\/radiofenix.com.ar\/2023\/wp-content\/uploads\/wp-header-logo.png",1,1,false],"medium":["https:\/\/radiofenix.com.ar\/2023\/wp-content\/uploads\/wp-header-logo.png",1,1,false],"medium_large":["https:\/\/radiofenix.com.ar\/2023\/wp-content\/uploads\/wp-header-logo.png",1,1,false],"large":["https:\/\/radiofenix.com.ar\/2023\/wp-content\/uploads\/wp-header-logo.png",1,1,false],"1536x1536":["https:\/\/radiofenix.com.ar\/2023\/wp-content\/uploads\/wp-header-logo.png",1,1,false],"2048x2048":["https:\/\/radiofenix.com.ar\/2023\/wp-content\/uploads\/wp-header-logo.png",1,1,false],"newsium-slider-full":["https:\/\/radiofenix.com.ar\/2023\/wp-content\/uploads\/wp-header-logo.png",1,1,false],"newsium-featured":["https:\/\/radiofenix.com.ar\/2023\/wp-content\/uploads\/wp-header-logo.png",1,1,false],"newsium-medium":["https:\/\/radiofenix.com.ar\/2023\/wp-content\/uploads\/wp-header-logo.png",1,1,false]},"author_info":{"info":[""]},"category_info":"<a href=\"https:\/\/radiofenix.com.ar\/2023\/category\/politica\/\" rel=\"category tag\">Pol\u00edtica<\/a>","tag_info":"Pol\u00edtica","comment_count":"0","_links":{"self":[{"href":"https:\/\/radiofenix.com.ar\/2023\/wp-json\/wp\/v2\/posts\/196865","targetHints":{"allow":["GET"]}}],"collection":[{"href":"https:\/\/radiofenix.com.ar\/2023\/wp-json\/wp\/v2\/posts"}],"about":[{"href":"https:\/\/radiofenix.com.ar\/2023\/wp-json\/wp\/v2\/types\/post"}],"replies":[{"embeddable":true,"href":"https:\/\/radiofenix.com.ar\/2023\/wp-json\/wp\/v2\/comments?post=196865"}],"version-history":[{"count":0,"href":"https:\/\/radiofenix.com.ar\/2023\/wp-json\/wp\/v2\/posts\/196865\/revisions"}],"wp:featuredmedia":[{"embeddable":true,"href":"https:\/\/radiofenix.com.ar\/2023\/wp-json\/wp\/v2\/media\/196866"}],"wp:attachment":[{"href":"https:\/\/radiofenix.com.ar\/2023\/wp-json\/wp\/v2\/media?parent=196865"}],"wp:term":[{"taxonomy":"category","embeddable":true,"href":"https:\/\/radiofenix.com.ar\/2023\/wp-json\/wp\/v2\/categories?post=196865"},{"taxonomy":"post_tag","embeddable":true,"href":"https:\/\/radiofenix.com.ar\/2023\/wp-json\/wp\/v2\/tags?post=196865"}],"curies":[{"name":"wp","href":"https:\/\/api.w.org\/{rel}","templated":true}]}}