{"id":196869,"date":"2024-12-29T08:57:12","date_gmt":"2024-12-29T08:57:12","guid":{"rendered":"https:\/\/radiofenix.com.ar\/2023\/efemerides-de-hoy-que-paso-un-28-de-diciembre\/"},"modified":"2024-12-29T08:57:12","modified_gmt":"2024-12-29T08:57:12","slug":"efemerides-de-hoy-que-paso-un-28-de-diciembre","status":"publish","type":"post","link":"https:\/\/radiofenix.com.ar\/2023\/efemerides-de-hoy-que-paso-un-28-de-diciembre\/","title":{"rendered":"Efem\u00e9rides de hoy: qu\u00e9 pas\u00f3 un 28 de diciembre\u00a0"},"content":{"rendered":"<div><!-- Body --><\/p>\n<p>En las <b>efem\u00e9rides del 28 de diciembre <\/b>sobresalen estos hechos que ocurrieron un d\u00eda como hoy en la Argentina y el mundo:<\/p>\n<h2>1895. Los Lumi\u00e8re presentan la primera<br \/>\npel\u00edcula<\/h2>\n<p><b>Nace el cine<\/b>. Los hermanos Louis y Auguste Lumi\u00e8re presentan el cinemat\u00f3grafo, que hab\u00edan patentado en febrero. <b>Filman la que se considera la primera pel\u00edcula de la historia: <i>Salida de los obreros de la f\u00e1brica Lumi\u00e8re en Lyon Monplaisir<\/i><\/b>,<i> <\/i>que <a href=\"https:\/\/www.pagina12.com.ar\/diario\/suplementos\/turismo\/9-2097-2011-06-19.html\">es presentada de manera comercial en un s\u00f3tano en Par\u00eds<\/a>, junto a otros dos cortos de su autor\u00eda: <i>Llegada de un tren a la estaci\u00f3n de la Ciotat<\/i> y <i>El regador regado<\/i>.<\/p>\n<p><iframe style=\"border: 0px; position: absolute; top: 0px; left: 0px; height: 100%;\" allowfullscreen=\"\" frameborder=\"0\" src=\"https:\/\/www.youtube.com\/embed\/j9PKwtyEh5g\"><\/iframe><\/p>\n<h2>1932. Nace Manuel Puig<\/h2>\n<p><a href=\"https:\/\/www.pagina12.com.ar\/236583-la-voz-de-puig\">Nace Manuel Puig en General Villegas<\/a>. Public\u00f3 su primera novela, <i>La traici\u00f3n de Rita Hayworth<\/i>, en 1968. Un a\u00f1o despu\u00e9s apareci\u00f3 <i>Boquitas pintadas<\/i>. El \u00e9xito de su segunda novela fue inmediato. <b>Puig se destac\u00f3 por su estilo folletinesco y su mezcla de diversas t\u00e9cnicas narrativas<\/b>. March\u00f3 al exilio tras la publicaci\u00f3n de <i>The Buenos Aires Affair<\/i>. <b>En 1976 se public\u00f3 su obra m\u00e1s famosa: <i>El beso de la mujer ara\u00f1a<\/i><\/b>, que derivar\u00eda en una pel\u00edcula y un musical. M\u00e1s tarde llegar\u00edan <i>Pubis angelical<\/i>, <i>Maldici\u00f3n eterna a quien lea estas p\u00e1ginas<\/i>, <i>Sangre de amor correspondido<\/i> y <i>Cae la noche tropical<\/i>. <a href=\"https:\/\/www.pagina12.com.ar\/278989-treinta-anos-de-la-muerte-de-manuel-puig\">Falleci\u00f3 en Cuernavaca, M\u00e9xico, el 22 de julio de 1990<\/a>, despu\u00e9s de una operaci\u00f3n ves\u00edcula. Ten\u00eda 57 a\u00f1os. <b>Est\u00e1 considerado uno de los novelistas m\u00e1s importantes de la Argentina en el siglo XX<\/b>.<\/p>\n<p><iframe style=\"border: 0px; position: absolute; top: 0px; left: 0px; height: 100%;\" allowfullscreen=\"\" frameborder=\"0\" src=\"https:\/\/www.youtube.com\/embed\/scHySBl7BnE\"><\/iframe><\/p>\n<h2>1937. Fallece Maurice Ravel<\/h2>\n<p><b>En Par\u00eds muere <\/b><a href=\"https:\/\/www.pagina12.com.ar\/diario\/contratapa\/13-140731-2010-02-21.html\">Maurice Ravel<\/a>. El compositor franc\u00e9s ten\u00eda 62 a\u00f1os y fue un exponente del impresionismo, con obras como <i>Tzigane<\/i>, <i>Pavana para una infanta difunta<\/i>, el <i>Concierto para Piano para la Mano Izquierda<\/i> y el c\u00e9lebre <i>Bolero<\/i>.<\/p>\n<p><iframe style=\"border: 0px; position: absolute; top: 0px; left: 0px; height: 100%;\" allowfullscreen=\"\" frameborder=\"0\" src=\"https:\/\/www.youtube.com\/embed\/NRTWLQ4nI6Q\"><\/iframe><\/p>\n<h2>1963. Muere Paul Hindemith<\/h2>\n<p>El compositor alem\u00e1n <a href=\"https:\/\/www.pagina12.com.ar\/diario\/suplementos\/radar\/9-1655-2004-09-05.html\">Paul Hindemith <\/a>fallece en Fr\u00e1ncfort a los 68. Uno de los innovadores de la m\u00fasica del siglo XX, <b>debi\u00f3 exiliarse por su oposici\u00f3n al nazismo<\/b>. En su producci\u00f3n destacan las \u00f3peras <i>Cardillac <\/i>y<b> <i>Mat\u00edas el pintor<\/i><\/b>. La segunda deriv\u00f3 en una sinfon\u00eda del mismo nombre, que se convirti\u00f3 en su obra m\u00e1s conocida. Tambi\u00e9n destacan<i> Metamorfosis sinf\u00f3nica sobre temas de Carl Mar\u00eda von Weber<\/i>, <i>M\u00fasica f\u00fanebre<\/i> y su concierto para viol\u00edn.<\/p>\n<p><iframe style=\"border: 0px; position: absolute; top: 0px; left: 0px; height: 100%;\" allowfullscreen=\"\" frameborder=\"0\" src=\"https:\/\/www.youtube.com\/embed\/Tm_TUObulig\"><\/iframe><\/p>\n<h2>1984. Adi\u00f3s a Sam Peckinpah<\/h2>\n<p><b>En Inglewood, California, muere Sam Peckinpah<\/b>. El director que redefini\u00f3 la violencia en el cine de Hollywood ten\u00eda 59 a\u00f1os. <i>La pandilla salvaje<\/i>, en 1969, le dio fama. Le siguieron t\u00edtulos como <i>Perros de paja<\/i>, <i>La fuga<\/i>, <a href=\"https:\/\/www.pagina12.com.ar\/diario\/suplementos\/radar\/17-2892-2006-03-19.html\"><i>Pat Garrett y Billy The Kid<\/i><\/a>, <i>Tr\u00e1iganme la<\/i> <i>cabeza de Alfredo Garc\u00eda<\/i> y <i>La cruz de hierro<\/i>.<\/p>\n<p><iframe style=\"border: 0px; position: absolute; top: 0px; left: 0px; height: 100%;\" allowfullscreen=\"\" frameborder=\"0\" src=\"https:\/\/www.youtube.com\/embed\/wvWUNdXkoRc\"><\/iframe><\/p>\n<h2>1990. Menem indulta a los comandantes y a<br \/>\nFirmenich<\/h2>\n<p><b>Carlos Menem <\/b><a href=\"https:\/\/www.pagina12.com.ar\/especiales\/15aniversario\/9.htm\">firma los indultos que dejan en libertad a los comandantes <\/a><b>condenados en el hist\u00f3rico juicio a las Juntas<\/b>. As\u00ed, Jorge Rafael Videla y Emilio Eduardo Massera quedan en libres. La medida alcanza a otros represores, como Ram\u00f3n Camps y Carlos Su\u00e1rez Mason. <b>El Presidente beneficia adem\u00e1s al exl\u00edder montonero Mario Firmenich<\/b>. Como con la tanda de indultos de 1989, <b>Menem alega que quiere pacificar el pa\u00eds<\/b>.<\/p>\n<p><iframe style=\"border: 0px; position: absolute; top: 0px; left: 0px; height: 100%;\" allowfullscreen=\"\" frameborder=\"0\" src=\"https:\/\/www.youtube.com\/embed\/Uhoo3nksDhs\"><\/iframe><\/p>\n<h2>2004. La muerte de Susan Sontag<\/h2>\n<p><a href=\"https:\/\/www.pagina12.com.ar\/diario\/cultura\/7-45341-2004-12-29.html\">Fallece en Nueva York Susan Sontag<\/a>, una de las principales intelectuales estadounidenses. Hab\u00eda cumplido 71 a\u00f1os. <b>En su ensay\u00edstica destacan <i>Sobre la<\/i> <i>fotograf\u00eda <\/i>y <i>Ante el dolor de los dem\u00e1s<\/i><\/b>. Tambi\u00e9n public\u00f3 cuatro novelas, entre ellas, <i>En Am\u00e9rica<\/i>.<\/p>\n<p><iframe style=\"border: 0px; position: absolute; top: 0px; left: 0px; height: 100%;\" allowfullscreen=\"\" frameborder=\"0\" src=\"https:\/\/www.youtube.com\/embed\/A2Gb3ZkKXag\"><\/iframe><\/p>\n<h2>2014. Fallece Leopoldo Federico<\/h2>\n<p>A los 87 a\u00f1os muere uno de los m\u00e1s eximios bandoneonistas: <a href=\"https:\/\/www.pagina12.com.ar\/diario\/suplementos\/espectaculos\/3-34373-2014-12-29.html\">Leopoldo Federico<\/a>. Integr\u00f3 el revolucionario Octeto Buenos Aires de Astor Piazzolla en los 50 y <b>acompa\u00f1\u00f3 a Julio Sosa<\/b>.<\/p>\n<p><iframe style=\"border: 0px; position: absolute; top: 0px; left: 0px; height: 100%;\" allowfullscreen=\"\" frameborder=\"0\" src=\"https:\/\/www.youtube.com\/embed\/0tZFeHIWBh8\"><\/iframe><\/p>\n<h2>2020. Adi\u00f3s a Manzanero<\/h2>\n<p><a href=\"https:\/\/www.pagina12.com.ar\/314064-armando-manzanero-en-boca-del-pueblo-cada-vez-que-se-enamora\">Armando Manzanero fallece en M\u00e9xico a los 85 a\u00f1os<\/a>. El coronavirus acaba con la vida de uno de los mayores compositores de la m\u00fasica popular. Autor de cl\u00e1sicos como \u00abSomos novios\u00bb, \u00abEsta tarde vi llover\u00bb, \u00abNo s\u00e9 t\u00fa\u00bb, \u00abPor debajo de la mesa\u00bb y \u00abContigo aprend\u00ed\u00bb, fue pianista, cantante y productor discogr\u00e1fico<b>. Se lo conoci\u00f3 como \u00abRey del Romanticismo\u00bb<\/b> y produjo discos de Luis Miguel, entre otros.<\/p>\n<p><iframe style=\"border: 0px; position: absolute; top: 0px; left: 0px; height: 100%;\" allowfullscreen=\"\" frameborder=\"0\" src=\"https:\/\/www.youtube.com\/embed\/MYGryUXl2is\"><\/iframe><\/p>\n<p>Adem\u00e1s, es el <b>D\u00eda de los Inocentes<\/b>.<\/p>\n<p><!-- Live Blog Post --><\/div>\n<p><a href=\"https:\/\/www.pagina12.com.ar\/793312-efemerides-de-hoy-que-paso-un-28-de-diciembre\">source<\/a><\/p>\n","protected":false},"excerpt":{"rendered":"<p>En las efem\u00e9rides del 28 de diciembre sobresalen estos hechos que ocurrieron un d\u00eda como&#8230;<\/p>\n","protected":false},"author":0,"featured_media":196870,"comment_status":"open","ping_status":"open","sticky":false,"template":"","format":"standard","meta":{"footnotes":""},"categories":[7],"tags":[],"class_list":["post-196869","post","type-post","status-publish","format-standard","has-post-thumbnail","hentry","category-sociedad"],"featured_image_urls":{"full":["https:\/\/radiofenix.com.ar\/2023\/wp-content\/uploads\/wp-header-logo.png",0,0,false],"thumbnail":["https:\/\/radiofenix.com.ar\/2023\/wp-content\/uploads\/wp-header-logo.png",1,1,false],"medium":["https:\/\/radiofenix.com.ar\/2023\/wp-content\/uploads\/wp-header-logo.png",1,1,false],"medium_large":["https:\/\/radiofenix.com.ar\/2023\/wp-content\/uploads\/wp-header-logo.png",1,1,false],"large":["https:\/\/radiofenix.com.ar\/2023\/wp-content\/uploads\/wp-header-logo.png",1,1,false],"1536x1536":["https:\/\/radiofenix.com.ar\/2023\/wp-content\/uploads\/wp-header-logo.png",1,1,false],"2048x2048":["https:\/\/radiofenix.com.ar\/2023\/wp-content\/uploads\/wp-header-logo.png",1,1,false],"newsium-slider-full":["https:\/\/radiofenix.com.ar\/2023\/wp-content\/uploads\/wp-header-logo.png",1,1,false],"newsium-featured":["https:\/\/radiofenix.com.ar\/2023\/wp-content\/uploads\/wp-header-logo.png",1,1,false],"newsium-medium":["https:\/\/radiofenix.com.ar\/2023\/wp-content\/uploads\/wp-header-logo.png",1,1,false]},"author_info":{"info":[""]},"category_info":"<a href=\"https:\/\/radiofenix.com.ar\/2023\/category\/sociedad\/\" rel=\"category tag\">Sociedad<\/a>","tag_info":"Sociedad","comment_count":"0","_links":{"self":[{"href":"https:\/\/radiofenix.com.ar\/2023\/wp-json\/wp\/v2\/posts\/196869","targetHints":{"allow":["GET"]}}],"collection":[{"href":"https:\/\/radiofenix.com.ar\/2023\/wp-json\/wp\/v2\/posts"}],"about":[{"href":"https:\/\/radiofenix.com.ar\/2023\/wp-json\/wp\/v2\/types\/post"}],"replies":[{"embeddable":true,"href":"https:\/\/radiofenix.com.ar\/2023\/wp-json\/wp\/v2\/comments?post=196869"}],"version-history":[{"count":0,"href":"https:\/\/radiofenix.com.ar\/2023\/wp-json\/wp\/v2\/posts\/196869\/revisions"}],"wp:featuredmedia":[{"embeddable":true,"href":"https:\/\/radiofenix.com.ar\/2023\/wp-json\/wp\/v2\/media\/196870"}],"wp:attachment":[{"href":"https:\/\/radiofenix.com.ar\/2023\/wp-json\/wp\/v2\/media?parent=196869"}],"wp:term":[{"taxonomy":"category","embeddable":true,"href":"https:\/\/radiofenix.com.ar\/2023\/wp-json\/wp\/v2\/categories?post=196869"},{"taxonomy":"post_tag","embeddable":true,"href":"https:\/\/radiofenix.com.ar\/2023\/wp-json\/wp\/v2\/tags?post=196869"}],"curies":[{"name":"wp","href":"https:\/\/api.w.org\/{rel}","templated":true}]}}