{"id":196875,"date":"2024-12-29T08:57:18","date_gmt":"2024-12-29T08:57:18","guid":{"rendered":"https:\/\/radiofenix.com.ar\/2023\/patricia-bullrich-volvio-a-apuntar-contra-el-exembajador-en-venezuela-regimen-chavista\/"},"modified":"2024-12-29T08:57:18","modified_gmt":"2024-12-29T08:57:18","slug":"patricia-bullrich-volvio-a-apuntar-contra-el-exembajador-en-venezuela-regimen-chavista","status":"publish","type":"post","link":"https:\/\/radiofenix.com.ar\/2023\/patricia-bullrich-volvio-a-apuntar-contra-el-exembajador-en-venezuela-regimen-chavista\/","title":{"rendered":"Patricia Bullrich volvi\u00f3 a apuntar contra el exembajador en Venezuela: &quot;R\u00e9gimen chavista&quot;"},"content":{"rendered":"<div id=\"\">\n<p>Frente a esta incapacidad el gobierno libertario busca ahora desviar la atenci\u00f3n y apunta contra el ex embajador argentino en Caracas que facilit\u00f3 que le llegara a Gallo una carta de su madre.<\/p>\n<div contenteditable=\"false\" class=\"embed_cont type_video\" id=\"8022432-384850399_wrap\">\n<p>madre del gendarme conferencia de prensa <span onclick=\"parent.parent.TinyMCETdcuerpo.preview_embed('8022432-384850399')\" class=\"embed_colapse less\" id=\"8022432-384850399_colapse\"\/>  <span onclick=\"parent.parent.TinyMCETdcuerpo.delete_embed('8022432-384850399')\" class=\"embed_delete less\" id=\"8022432-384850399_delete\"\/><\/p>\n<\/p><\/div>\n<p>En conferencia de prensa la ministra de Seguridad Patricia Bullrich confirm\u00f3 la denuncia penal por \u00abtraici\u00f3n a la patria\u00bb contra Oscar Laborde. \u00abTrabaja para el r\u00e9gimen chavista\u00bb, denunci\u00f3 Bullrich.<\/p>\n<p>\u00abMientras la Canciller\u00eda intenta lograr la liberaci\u00f3n de Nahuel Agust\u00edn Gallo por v\u00eda diplom\u00e1tica a trav\u00e9s de las misiones internacionales pertinentes, el exembajador de la Rep\u00fablica Argentina ante la Rep\u00fablica Bolivariana de Venezuela Oscar Alberto Laborde<span class=\"saysCMSEmphasis\" id=\"saysCMSEmphasisabukmfsnar\"> inici\u00f3 sin ning\u00fan tipo de autorizaci\u00f3n oficial, gestiones internacionales contactando a la familia del Gendarme en Argentina, a fin de entregarle &#8216;una carta&#8217;, con la colaboraci\u00f3n del Gobierno de Venezuela\u201d<\/span>, se\u00f1alaba el comunicado difundido por el Ministerio de Seguridad.<\/p>\n<div contenteditable=\"false\" class=\"embed_cont type_imagen\" id=\"8017878-Libre-1184821354_wrap\">\n<p>nahuel gallo gendarme <span onclick=\"parent.parent.TinyMCETdcuerpo.preview_embed('8017878-Libre-1184821354')\" class=\"embed_colapse less\" id=\"8017878-Libre-1184821354_colapse\"\/>  <span onclick=\"parent.parent.TinyMCETdcuerpo.delete_embed('8017878-Libre-1184821354')\" class=\"embed_delete less\" id=\"8017878-Libre-1184821354_delete\"\/><\/p>\n<div id=\"8017878-Libre-1184821354_content\" class=\"embed_content\"><img loading=\"lazy\" decoding=\"async\" src=\"https:\/\/media.minutouno.com\/p\/a379b5ea5c0552d71159a957df6f22c2\/adjuntos\/150\/imagenes\/042\/063\/0042063058\/nahuel-gallo-gendarme.jpg\" alt=\"\" title=\"\" width=\"610\" height=\"406\" id=\"8017878-Libre-1184821354_embed\"\/><\/div>\n<\/p><\/div>\n<p>Mientras tanto, este viernes en conferencia de prensa Bullrich y el canciller <strong>Gerardo Werthein,<\/strong> confirmaron que la acusaci\u00f3n ya fue presentada. \u00abLe toc\u00f3 al juez Rafecas y el har\u00e1 lo que tenga que hacer&#8230; Nosotros ya hicimos lo que ten\u00edamos que hacer\u00bb, asegur\u00f3 Bullrich.<\/p>\n<p>\u00abLaborde ayud\u00f3 a que hoy se plasme este comunicado. Todas las cosas que dijo Laborde est\u00e1n plasmadas en este comunicado.<span class=\"saysCMSEmphasis\" id=\"saysCMSEmphasis2yupf865ihf\"> \u00c9l dijo que no hab\u00eda ido con los papeles en correcta forma, mentira total y absoluta\u00bb, asegur\u00f3 Bullrich<\/span>, luego de sostener que el exembajador \u00abayud\u00f3 a generar esta falsa acusaci\u00f3n contra Nahuel\u00bb.<\/p>\n<p>\u00abPor otro lado,<span class=\"saysCMSEmphasis\" id=\"saysCMSEmphasisrdjxzbxad7f\"> comenz\u00f3 a plantear y meterse respecto a situaciones, diciendo que &#8216;el camino elegido&#8217;, &#8216;por donde hab\u00eda estado&#8217;, y que adem\u00e1s era parte de una conspiraci\u00f3n\u00bb, agreg\u00f3.<\/span><\/p>\n<div contenteditable=\"false\" class=\"embed_cont type_imagen\" id=\"7984982-Libre-1193986015_wrap\">\n<p> nicol\u00e1s maduro.jpg <span onclick=\"parent.parent.TinyMCETdcuerpo.preview_embed('7984982-Libre-1193986015')\" class=\"embed_colapse less\" id=\"7984982-Libre-1193986015_colapse\"\/> <span onclick=\"parent.parent.TinyMCETdcuerpo.delete_embed('7984982-Libre-1193986015')\" class=\"embed_delete less\" id=\"7984982-Libre-1193986015_delete\"\/><\/p>\n<div id=\"7984982-Libre-1193986015_content\" class=\"embed_content\"><img loading=\"lazy\" decoding=\"async\" src=\"https:\/\/media.minutouno.com\/p\/7f40b7ebe1866b7b1f0990ab1f1c5ad0\/adjuntos\/150\/imagenes\/041\/836\/0041836119\/nicolas-madurojpg.jpg\" alt=\"Nicol\u00e1s Maduro.\" title=\"Nicol\u00e1s Maduro.\" width=\"610\" height=\"404\" id=\"7984982-Libre-1193986015_embed\"\/><\/div>\n<\/p><\/div>\n<p>En ese sentido,<span class=\"saysCMSEmphasis\" id=\"saysCMSEmphasiswbffi5tl0lq\"> la ministra asegur\u00f3 que \u00abel se\u00f1or Laborde trabaja para el r\u00e9gimen chavista y nosotros trabajamos para los argentinos <\/span>y para defender a un ciudadano argentino, que adem\u00e1s es gendarme\u00bb. \u00abNosotros como pa\u00eds que cumple con el Estado de Derecho<span class=\"saysCMSEmphasis\" id=\"saysCMSEmphasis7kalwuye6fw\"> no vamos a permitir que un se\u00f1or, que fue embajador, sea parte de las mentiras del r\u00e9gimen y le d\u00e9 argumentos al r\u00e9gimen en contra de Nahuel. Por eso es que nosotros llevamos adelante esa acusaci\u00f3n\u00bb, detall\u00f3.<\/span><\/p>\n<h2>La respuesta de Laborde<\/h2>\n<p>El exembajador argentino en Venezuela, Oscar Laborde, sali\u00f3 al cruce de Bullrich, luego ser denunciado por \u201ctraici\u00f3n a la patria\u201d por su presunta intervenci\u00f3n en el conflicto diplom\u00e1tico que tiene Argentina con Venezuela por la detenci\u00f3n del gendarme Nahuel Agust\u00edn Gallo.<\/p>\n<p><span class=\"saysCMSEmphasis\" id=\"saysCMSEmphasisas8vnvo05hu\">\u201cEn vez de solucionar lo que tienen que solucionar el Gobierno y la Gendarmer\u00eda, se les ocurri\u00f3 denostarme a m\u00ed con ep\u00edtetos antiguos. Tratan de ocultar, cambiar el eje la discusi\u00f3n y proyectar sobre m\u00ed,<\/span> con el tema de un agente de otro pa\u00eds, algunas cuestiones personales de Patricia Bullrich\u201d, apunt\u00f3 en una entrevista radial.<\/p>\n<div contenteditable=\"false\" class=\"embed_cont type_imagen\" id=\"8017877-Libre-132952808_wrap\">\n<p>nahuel gallo gendarme <span onclick=\"parent.parent.TinyMCETdcuerpo.preview_embed('8017877-Libre-132952808')\" class=\"embed_colapse less\" id=\"8017877-Libre-132952808_colapse\"\/>  <span onclick=\"parent.parent.TinyMCETdcuerpo.delete_embed('8017877-Libre-132952808')\" class=\"embed_delete less\" id=\"8017877-Libre-132952808_delete\"\/><\/p>\n<div id=\"8017877-Libre-132952808_content\" class=\"embed_content\"><img loading=\"lazy\" decoding=\"async\" src=\"https:\/\/media.minutouno.com\/p\/5d0671abfc4f0431338aac9e5de3d748\/adjuntos\/150\/imagenes\/042\/063\/0042063057\/nahuel-gallo-gendarme.jpg\" alt=\"\" title=\"\" width=\"610\" height=\"406\" id=\"8017877-Libre-132952808_embed\"\/><\/div>\n<\/p><\/div>\n<p>\u00ab<span class=\"saysCMSEmphasis\" id=\"saysCMSEmphasisxgbv1k5v3uo\">La madre del gendarme me pidi\u00f3 si le pod\u00eda hacer llegar en la fecha de Navidad una carta. Me trajo (Juan) Grabois el tema. Y se le acerc\u00f3 la carta de la madre al hijo. Muy agradecida de que hayamos tenido esa acci\u00f3n\u201d, cont\u00f3<\/span>.<\/p>\n<p>\u201c<span class=\"saysCMSEmphasis\" id=\"saysCMSEmphasisod8ftagcwb\">Lamento que se haya interpretado como tratar de humanizar al r\u00e9gimen. Argentina no hab\u00eda hecho nada sobre el tema. Todav\u00eda no tenemos un abogado para que atienda el caso del gendarme<\/span>. Reci\u00e9n ayer parece que Brasil se enter\u00f3 del tema. Yo no me met\u00ed en el tema. Yo le hice llegar una carta de la madre al gendarme\u201d, agreg\u00f3.<\/p>\n<p>\u201cYo no quiero intermediar entre los gobiernos. Yo fui embajador hasta hace un a\u00f1o y <span class=\"saysCMSEmphasis\" id=\"saysCMSEmphasisxbno4fr3yu8\">lo que hice fue que, con los contactos que me quedaron de aquella gesti\u00f3n, hacerle llegar una carta\u201d, sentenci\u00f3.<\/span><\/p>\n<p>En ese punto, se refiri\u00f3 a las internas en el Gobierno y la gesti\u00f3n en el caso: \u201c<span class=\"saysCMSEmphasis\" id=\"saysCMSEmphasis9qxr6s4klf8\">Bullrich estuvo muy molesta con la vicepresidenta, cuando dijo que en ning\u00fan caso habr\u00eda habilitado el viaje. Villarruel cree que eso hizo que lo arrestaran\u201d.<\/span><\/p>\n<div contenteditable=\"false\" class=\"embed_cont type_freetext\" rel=\"freetext\" id=\"embed40_wrap\">\n<p> Embed <span onclick=\"parent.parent.TinyMCETdcuerpo.preview_embed('embed40')\" class=\"embed_colapse less\" id=\"embed40_colapse\"\/> <span onclick=\"parent.parent.TinyMCETdcuerpo.delete_embed('embed40')\" class=\"embed_delete less\" id=\"embed40_delete\"\/><\/p>\n<div id=\"embed40_content\" class=\"embed_content\">\n<div id=\"embed40_embed\">\n<figure class=\"figure\"><a href=\"https:\/\/t.me\/minutounocom\" target=\"_blank\" rel=\"noopener\"><img decoding=\"async\" src=\"https:\/\/media.minutouno.com\/adjuntos\/150\/banners\/039\/099\/0039099175.jpg\" class=\"figure-img img-fluid\" style=\"width:100%;height:auto;\"\/><\/a><\/figure>\n<\/div>\n<\/div><\/div>\n<\/p><\/div>\n<p><a href=\"https:\/\/www.minutouno.com\/politica\/patricia-bullrich-volvio-apuntar-contra-el-exembajador-venezuela-regimen-chavista-n6097429\">source<\/a><\/p>\n","protected":false},"excerpt":{"rendered":"<p>Frente a esta incapacidad el gobierno libertario busca ahora desviar la atenci\u00f3n y apunta contra&#8230;<\/p>\n","protected":false},"author":0,"featured_media":196876,"comment_status":"open","ping_status":"open","sticky":false,"template":"","format":"standard","meta":{"footnotes":""},"categories":[2],"tags":[],"class_list":["post-196875","post","type-post","status-publish","format-standard","has-post-thumbnail","hentry","category-politica"],"featured_image_urls":{"full":["https:\/\/radiofenix.com.ar\/2023\/wp-content\/uploads\/wp-header-logo.png",0,0,false],"thumbnail":["https:\/\/radiofenix.com.ar\/2023\/wp-content\/uploads\/wp-header-logo.png",1,1,false],"medium":["https:\/\/radiofenix.com.ar\/2023\/wp-content\/uploads\/wp-header-logo.png",1,1,false],"medium_large":["https:\/\/radiofenix.com.ar\/2023\/wp-content\/uploads\/wp-header-logo.png",1,1,false],"large":["https:\/\/radiofenix.com.ar\/2023\/wp-content\/uploads\/wp-header-logo.png",1,1,false],"1536x1536":["https:\/\/radiofenix.com.ar\/2023\/wp-content\/uploads\/wp-header-logo.png",1,1,false],"2048x2048":["https:\/\/radiofenix.com.ar\/2023\/wp-content\/uploads\/wp-header-logo.png",1,1,false],"newsium-slider-full":["https:\/\/radiofenix.com.ar\/2023\/wp-content\/uploads\/wp-header-logo.png",1,1,false],"newsium-featured":["https:\/\/radiofenix.com.ar\/2023\/wp-content\/uploads\/wp-header-logo.png",1,1,false],"newsium-medium":["https:\/\/radiofenix.com.ar\/2023\/wp-content\/uploads\/wp-header-logo.png",1,1,false]},"author_info":{"info":[""]},"category_info":"<a href=\"https:\/\/radiofenix.com.ar\/2023\/category\/politica\/\" rel=\"category tag\">Pol\u00edtica<\/a>","tag_info":"Pol\u00edtica","comment_count":"0","_links":{"self":[{"href":"https:\/\/radiofenix.com.ar\/2023\/wp-json\/wp\/v2\/posts\/196875","targetHints":{"allow":["GET"]}}],"collection":[{"href":"https:\/\/radiofenix.com.ar\/2023\/wp-json\/wp\/v2\/posts"}],"about":[{"href":"https:\/\/radiofenix.com.ar\/2023\/wp-json\/wp\/v2\/types\/post"}],"replies":[{"embeddable":true,"href":"https:\/\/radiofenix.com.ar\/2023\/wp-json\/wp\/v2\/comments?post=196875"}],"version-history":[{"count":0,"href":"https:\/\/radiofenix.com.ar\/2023\/wp-json\/wp\/v2\/posts\/196875\/revisions"}],"wp:featuredmedia":[{"embeddable":true,"href":"https:\/\/radiofenix.com.ar\/2023\/wp-json\/wp\/v2\/media\/196876"}],"wp:attachment":[{"href":"https:\/\/radiofenix.com.ar\/2023\/wp-json\/wp\/v2\/media?parent=196875"}],"wp:term":[{"taxonomy":"category","embeddable":true,"href":"https:\/\/radiofenix.com.ar\/2023\/wp-json\/wp\/v2\/categories?post=196875"},{"taxonomy":"post_tag","embeddable":true,"href":"https:\/\/radiofenix.com.ar\/2023\/wp-json\/wp\/v2\/tags?post=196875"}],"curies":[{"name":"wp","href":"https:\/\/api.w.org\/{rel}","templated":true}]}}