{"id":196891,"date":"2024-12-31T08:57:45","date_gmt":"2024-12-31T08:57:45","guid":{"rendered":"https:\/\/radiofenix.com.ar\/2023\/del-encanto-del-ajuste-a-sentirse-ajustados\/"},"modified":"2024-12-31T08:57:45","modified_gmt":"2024-12-31T08:57:45","slug":"del-encanto-del-ajuste-a-sentirse-ajustados","status":"publish","type":"post","link":"https:\/\/radiofenix.com.ar\/2023\/del-encanto-del-ajuste-a-sentirse-ajustados\/","title":{"rendered":"Del encanto del ajuste a sentirse ajustados"},"content":{"rendered":"<div><!-- Body --><\/p>\n<p>La ca\u00edda de los precios internacionales de la soja, la s\u00faper apreciaci\u00f3n del tipo de cambio real y la continuidad de las retenciones gener\u00f3 una crisis incipiente entre las empresas del sector agropecuario. A diferencia de lo que ocurr\u00eda en a\u00f1os anteriores, el campo no lanz\u00f3 una acci\u00f3n directa contra el gobierno. El campo defiende discursivamente las pol\u00edticas del ultra ajuste fiscal, el esquema de emisi\u00f3n cero y la tablita cambiaria. Pero enfrenta una fuerte contradicci\u00f3n con este relato por el impacto que est\u00e1n registrando esas pol\u00edticas en sus negocios. Algunos referentes sectoriales aseguran que los productores est\u00e1n comenzando a tener \u201criesgos de quiebra\u201d. La semana pasada se prendieron las alarmas con un primer default de deudas de algunas empresas de los Grobo que amenaza con r\u00e9plicas y efecto domin\u00f3.\u00a0<\/p>\n<p>El complejo agropecuario, m\u00e1s all\u00e1 de mostrarse seducido por las consignas de pol\u00edtica conservadora del Gobierno, empieza a resultar perjudicado por el esquema de la macroeconom\u00eda. El tipo de cambio real cerr\u00f3 este a\u00f1o en uno de los niveles m\u00e1s bajos de la \u00faltima d\u00e9cada y el equipo econ\u00f3mico busca mantener todo lo posible esta ancla contra la inflaci\u00f3n.\u00a0<\/p>\n<p>Esto impacta directamente en las cuentas de los exportadores de soja, que en los \u00faltimos meses recibieron un doble shock. A la mega apreciaci\u00f3n cambiaria se sum\u00f3 una ca\u00edda extraordinaria del precio internacional de la soja. En uno de los \u00faltimos informes de la consultora 1816 se muestra que la tonelada de esta materia prima perdi\u00f3 una porci\u00f3n significativa de su valor en los \u00faltimos 12 meses, para pasar de 500 a alrededor de 350 d\u00f3lares.<\/p>\n<p>La situaci\u00f3n provoca una sensaci\u00f3n de cortocircuito entre los referentes del campo. Se sienten c\u00f3modos con las propuestas del Gobierno de ajustar el gasto p\u00fablico, de desarmar el Estado y de organizar la econom\u00eda en base a las aspiraciones, deseos y tambi\u00e9n caprichos del sector privado. Pero brota un fuerte malestar por la p\u00e9rdida de rentabilidad y un escenario de crisis en puerta que gener\u00f3 los primeros coletazos financieros con el grupo de los Grobo.<\/p>\n<p>Las entidades que agrupan a los empresarios del agro empezaron a endurecer el discurso, aseguran que el campo enfrenta meses complejos y buscan que el equipo econ\u00f3mico acompa\u00f1e con medidas para poder mejorar los n\u00fameros del sector. Sin embargo, el Gobierno no parece tener en carpeta girar el esquema cambiario o modificar las retenciones.\u00a0<\/p>\n<p>Una de las primeras se\u00f1ales de alerta apareci\u00f3 en los \u00faltimos d\u00edas con el default de deuda de Grobo Agropecuaria y Agrofina, junto con el impago de la empresa Surcos. Si bien por el momento los montos defaulteados fueron peque\u00f1os (y se especula que hay cerca de 10 millones de d\u00f3lares que no podr\u00edan cumplirse pr\u00f3ximamente) el miedo es al efecto domin\u00f3. Es decir, que por los impagos de estas empresas haya otras que no puedan financiarse, renovar sus vencimientos y caigan tambi\u00e9n en incumplimiento. Grobocopatel asegur\u00f3 que no maneja directamente las empresas que defaultearon y que el 90 por ciento de las acciones son de socios extranjeros.<\/p>\n<p>Desde las entidades que agrupan a productores del campo aparecen mensajes cada vez m\u00e1s punzantes. El titular de Coninagro, Lucas Magnano, dijo que \u201clos productores est\u00e1n empezando a correr riesgos (de entrar en situaciones de quiebra)\u201d. Al mismo tiempo, le reclam\u00f3 al gobierno que revise la situaci\u00f3n de las retenciones y los altos impuestos al sector.<\/p>\n<p>\u201cLos n\u00fameros son muy apretados y los precios cayeron. Venimos de tres a\u00f1os de sequ\u00eda muy importante. Y las empresas del campo no son ajenas. Afecta directamente en los n\u00fameros del negocio\u201d, consider\u00f3. Para agregar que \u201calgunos se\u00f1alan que el tipo de cambio est\u00e1 atrasado. Pero tambi\u00e9n est\u00e1n muy adelantados los impuestos (las retenciones). Es una situaci\u00f3n muy desventajosa. Es un muy mal impuesto. Hay gente que est\u00e1 alejada de los puertos y que tanta carga impositiva la deja afuera\u201d, resumi\u00f3.<\/p>\n<p>Los analistas sectoriales consideran que las tensiones entre el sector agropecuario y el gobierno ir\u00e1n en aumento en los pr\u00f3ximos meses. Existe una dicotom\u00eda que parece dif\u00edcil de salvar. El programa macroecon\u00f3mico genera intereses encontrados para el campo. \u201cEl mundo del agro le dice al equipo econ\u00f3mico que si no quiere devaluar, por lo menos le saque las retenciones para compensarlo. Pero el Gobierno no quiere sacarlas por dos motivos. El primero es no tener saltos de precios. El segundo es que representan m\u00e1s de 4 puntos de la recaudaci\u00f3n\u201d, dijo el analista Javier Preciado Pati\u00f1o.<\/p>\n<p>El consultor sectorial agreg\u00f3 que \u201cel gobierno sabe que el agro es uno de los aleados fuertes de las pol\u00edticas liberales. Pero lo m\u00e1s problema es que no tome definiciones a favor del sector en el corto y mediano plazo. El eje esta en bajar la inflaci\u00f3n y el super\u00e1vit fiscal. No parece que se defina algo que pueda complicar alguna de estas dos cosas. Adem\u00e1s, el gobierno supone que los d\u00f3lares, m\u00e1s all\u00e1 del campo, van a empezar a llegar e la miner\u00eda y la energ\u00eda\u201d.<\/p>\n<p><!-- Live Blog Post --><\/div>\n<p><a href=\"https:\/\/www.pagina12.com.ar\/793862-del-encanto-del-ajuste-a-sentirse-ajustados\">source<\/a><\/p>\n","protected":false},"excerpt":{"rendered":"<p>La ca\u00edda de los precios internacionales de la soja, la s\u00faper apreciaci\u00f3n del tipo de&#8230;<\/p>\n","protected":false},"author":0,"featured_media":196892,"comment_status":"open","ping_status":"open","sticky":false,"template":"","format":"standard","meta":{"footnotes":""},"categories":[5],"tags":[],"class_list":["post-196891","post","type-post","status-publish","format-standard","has-post-thumbnail","hentry","category-economia"],"featured_image_urls":{"full":["https:\/\/radiofenix.com.ar\/2023\/wp-content\/uploads\/wp-header-logo.png",0,0,false],"thumbnail":["https:\/\/radiofenix.com.ar\/2023\/wp-content\/uploads\/wp-header-logo.png",1,1,false],"medium":["https:\/\/radiofenix.com.ar\/2023\/wp-content\/uploads\/wp-header-logo.png",1,1,false],"medium_large":["https:\/\/radiofenix.com.ar\/2023\/wp-content\/uploads\/wp-header-logo.png",1,1,false],"large":["https:\/\/radiofenix.com.ar\/2023\/wp-content\/uploads\/wp-header-logo.png",1,1,false],"1536x1536":["https:\/\/radiofenix.com.ar\/2023\/wp-content\/uploads\/wp-header-logo.png",1,1,false],"2048x2048":["https:\/\/radiofenix.com.ar\/2023\/wp-content\/uploads\/wp-header-logo.png",1,1,false],"newsium-slider-full":["https:\/\/radiofenix.com.ar\/2023\/wp-content\/uploads\/wp-header-logo.png",1,1,false],"newsium-featured":["https:\/\/radiofenix.com.ar\/2023\/wp-content\/uploads\/wp-header-logo.png",1,1,false],"newsium-medium":["https:\/\/radiofenix.com.ar\/2023\/wp-content\/uploads\/wp-header-logo.png",1,1,false]},"author_info":{"info":[""]},"category_info":"<a href=\"https:\/\/radiofenix.com.ar\/2023\/category\/economia\/\" rel=\"category tag\">Economia<\/a>","tag_info":"Economia","comment_count":"0","_links":{"self":[{"href":"https:\/\/radiofenix.com.ar\/2023\/wp-json\/wp\/v2\/posts\/196891","targetHints":{"allow":["GET"]}}],"collection":[{"href":"https:\/\/radiofenix.com.ar\/2023\/wp-json\/wp\/v2\/posts"}],"about":[{"href":"https:\/\/radiofenix.com.ar\/2023\/wp-json\/wp\/v2\/types\/post"}],"replies":[{"embeddable":true,"href":"https:\/\/radiofenix.com.ar\/2023\/wp-json\/wp\/v2\/comments?post=196891"}],"version-history":[{"count":0,"href":"https:\/\/radiofenix.com.ar\/2023\/wp-json\/wp\/v2\/posts\/196891\/revisions"}],"wp:featuredmedia":[{"embeddable":true,"href":"https:\/\/radiofenix.com.ar\/2023\/wp-json\/wp\/v2\/media\/196892"}],"wp:attachment":[{"href":"https:\/\/radiofenix.com.ar\/2023\/wp-json\/wp\/v2\/media?parent=196891"}],"wp:term":[{"taxonomy":"category","embeddable":true,"href":"https:\/\/radiofenix.com.ar\/2023\/wp-json\/wp\/v2\/categories?post=196891"},{"taxonomy":"post_tag","embeddable":true,"href":"https:\/\/radiofenix.com.ar\/2023\/wp-json\/wp\/v2\/tags?post=196891"}],"curies":[{"name":"wp","href":"https:\/\/api.w.org\/{rel}","templated":true}]}}