{"id":196901,"date":"2024-12-31T08:57:56","date_gmt":"2024-12-31T08:57:56","guid":{"rendered":"https:\/\/radiofenix.com.ar\/2023\/balance-2024-de-musica-clasica-el-ano-en-el-que-se-siguio-respirando\/"},"modified":"2024-12-31T08:57:56","modified_gmt":"2024-12-31T08:57:56","slug":"balance-2024-de-musica-clasica-el-ano-en-el-que-se-siguio-respirando","status":"publish","type":"post","link":"https:\/\/radiofenix.com.ar\/2023\/balance-2024-de-musica-clasica-el-ano-en-el-que-se-siguio-respirando\/","title":{"rendered":"Balance 2024 de m\u00fasica cl\u00e1sica: el a\u00f1o en el que se sigui\u00f3 respirando"},"content":{"rendered":"<div><!-- Body --><\/p>\n<p>Entre la fragmentaci\u00f3n de p\u00fablicos y los espacios que se reducen, adem\u00e1s de un clima de \u00e9poca que entre el ejercicio de la torpeza elevada a virtud y la celebraci\u00f3n de la superficialidad atiende otras sensibilidades, <b>la m\u00fasica cl\u00e1sica va dejando de ser cl\u00e1sica<\/b>. Esta podr\u00eda ser la primera conclusi\u00f3n de un balance en torno a la actividad desarrollada en su nombre.  <\/p>\n<p>De todas maneras, m\u00e1s o menos cl\u00e1sica, la <b>pr\u00e1ctica musical acad\u00e9mica<\/b> se sostiene en su <b>vigorosa tradici\u00f3n<\/b>, todav\u00eda capaz de se\u00f1alar, aunque con l\u00edmites difusos, un adentro y un afuera de ese n\u00facleo que contiene lo que va quedando de las continuas raspaduras de su contorno conceptual. El <b>Teatro Col\u00f3n <\/b>y su maquinaria, y los <b>organismos estables<\/b> que dependen de la Naci\u00f3n, fueron, una vez m\u00e1s, las instituciones que, entre <b>gruesos recortes presupuestarios<\/b>, configuraron ese n\u00facleo en torno al que giraron algunos sat\u00e9lites. As\u00ed fue c\u00f3mo una temporada que se anunciaba austera y se present\u00eda m\u00e1s bien pobre, dej\u00f3 sin embargo <b>cosas para rescatar<\/b>, m\u00e1s all\u00e1 de la dial\u00e9ctica del vaso medio lleno o medio vac\u00edo. <\/p>\n<h2>Lo que fue y lo que pudo ser<\/h2>\n<p>Entre lo que sucedi\u00f3, los <b>pianistas Yuja Wang y Daniil Trifonov<\/b> ofrecieron recitales impresionantes en el ciclo \u201cConciertos extraordinarios\u201d del Col\u00f3n. En marzo, la china dej\u00f3 versiones notables de baladas de Chopin, entre otras cosas. En julio, el ruso articul\u00f3 un programa con obras de Mozart, Rachmaninov, Rameau y Beethoven, que bien podr\u00eda recordarse entre lo mejor del a\u00f1o. De la temporada del Mozarteum fueron parte otros notables pianistas: <b>Stefan Stroissnig<\/b>, en mayo, y <b>Alexandra Dovgan<\/b>, que en agosto toc\u00f3 por primera vez en Buenos Aires. Para su p\u00fablico de gusto tradicional, el ciclo del Mozarteum sostuvo una temporada de \u00f3ptimo nivel art\u00edstico, que tuvo sus puntas en el extraordinario violonchelista <b>Pieter Wiespelwey<\/b>, que junto al pianista <b>Paolo Giacometti<\/b>, en octubre, ofreci\u00f3 un programa con m\u00fasica de Schubert, Brahms, Ravel y Kodaly, y en el <i>El Mes\u00edas<\/i> de H\u00e4ndel, con <b>Hans-Christoph Rademann al frente de la Academia Bach de Stuttgart<\/b>.<\/p>\n<p>Entre lo que no sucedi\u00f3, el mayor impacto lo produjo la <b>cancelaci\u00f3n del Festival de Martha Argerich<\/b>, programado para agosto. \u201cFuerza mayor\u201d, fue la lerda y lac\u00f3nica explicaci\u00f3n de la gesti\u00f3n de Jorge Telerman que, en retirada, tuvo tiempo para discontinuar un cl\u00e1sico. Tambi\u00e9n qued\u00f3 en la nada la interpretaci\u00f3n de los monumentales <i>Gurrelieder<\/i>, con <b>Alejo P\u00e9rez<\/b> al frente de la Filarm\u00f3nica y coros, para celebrar los 150 a\u00f1os del nacimiento de Arnold Schoenberg. En su lugar se program\u00f3 la tambi\u00e9n nutrida \u201cOctava\u201d de Mahler, que,  salvando el declarado afecto de Schoenberg por el sufrido bohemio, poco tienen que ver.<\/p>\n<h2>Sustituci\u00f3n de importaciones<\/h2>\n<p>La Filarm\u00f3nica hab\u00eda podido celebrar a Schoenberg en abril, en el primer concierto de la temporada, que con la direcci\u00f3n de la griega <b>Zoe Zeniodi<\/b> \u2013hoy directora principal del organismo\u2013, incluy\u00f3 el poema sinf\u00f3nico <i>P\u00e9lleas y M\u00e9lisande Op. 5<\/i>. Otros momentos interesantes se dieron en agosto, cuando <b>Javier Perianes<\/b> toc\u00f3 el \u201cTercero\u201d para piano de Beethoven, bajo la direcci\u00f3n de Kakhi Solomnishvili, y en noviembre, en el cierre de la temporada, <b>Boris Giltburg <\/b>toc\u00f3 el \u201cTercero\u201d para piano de Bartok, en un programa monogr\u00e1fico dedicado al compositor h\u00fangaro que dirigi\u00f3 <b>Tito Ceccherini<\/b>. Por su parte, la<b> Sinf\u00f3nica Nacional <\/b>mantuvo su estrategia de <b>sustituci\u00f3n de las importaciones<\/b>, con la inclusi\u00f3n de m\u00fasicas y directores argentinos como sost\u00e9n de su programaci\u00f3n. En este sentido, fue ejemplar el concierto que en agosto dirigi\u00f3 <b>Santiago Santero<\/b>, con obras propias y de Dante Grela.  <\/p>\n<div class=\"medium-insert-embeds\">\n<figure>\n<div class=\"medium-insert-embed\">\n<div align=\"center\">\n<figure role=\"group\" class=\"caption caption-div embedded-entity\"><figcaption>Yuja Wang. Imagen: Arnaldo Colombaroli<\/figcaption><\/figure>\n<\/div><\/div>\n<\/figure>\n<\/div>\n<p>En una temporada de \u00f3pera que no pod\u00eda ser brillante \u2013<b>de los siete t\u00edtulos programados en el Col\u00f3n cuatro fueron reposiciones<\/b>\u2013 por distintas razones quedan los recuerdos de <i>Carmen<\/i>, con la ya probada puesta de <b>Calixto Bieito<\/b>, y <i>Aurora<\/i>, que m\u00e1s all\u00e1 del s\u00fabito fervor patri\u00f3tico que despert\u00f3 tuvo en la soprano argentina <b>Daniela Tabernig<\/b> una protagonista extraordinaria. Hubo otros esfuerzos oper\u00edsticos, como el <i>Nabucco,<\/i> que la <b>Compa\u00f1\u00eda Art\u00edstica Cl\u00e1sica del Sur<\/b> ofreci\u00f3 en agosto en el Teatro Avenida, y la <i>Tosca<\/i> que en octubre la compa\u00f1\u00eda independiente <b>\u00d3pera Festival Buenos Aires<\/b> present\u00f3 en el Teatro Astral.<\/p>\n<h2>Hoy es hoy<\/h2>\n<p>En general, la escena de la <b>m\u00fasica contempor\u00e1nea<\/b> \u2013r\u00f3tulo viejo, pero a\u00fan efectivo\u2013 mostr\u00f3 dinamismo e incluso supo apelar a su naturaleza de resistencia, cuando en noviembre, <b>en defensa de la universidad p\u00fablica<\/b>, el edificio del DAMus de avenida C\u00f3rdoba se convirti\u00f3 en una gran caja de resonancia a partir de la ejecuci\u00f3n colectiva, a cargo de sus estudiantes, de una partitura concebida especialmente para la ocasi\u00f3n por <b>Santiago Santero y Diego Gardiner<\/b>, docentes de la instituci\u00f3n. <\/p>\n<p>El que pas\u00f3 fue tambi\u00e9n el a\u00f1o en el que la<b> Compa\u00f1\u00eda Oblicua<\/b> celebr\u00f3 su 20\u00aa aniversario con numerosos conciertos y la presentaci\u00f3n de un disco monogr\u00e1fico con obras de su fundador y director, <b>Marcelo Delgado<\/b>, que adem\u00e1s cur\u00f3 el ciclo \u00abUrondo Contempor\u00e1neo\u00bb \u2013en el centro cultural universitario Paco Urondo, de la UBA\u2013, que lleg\u00f3 a su sexta edici\u00f3n y dirigi\u00f3 en <b>Ensamble Sonorama<\/b> en la apertura del \u00abCiclo de m\u00fasica del Teatro Nacional Cervantes\u00bb. El <b>Ensamble Arthaus<\/b>, aparte de su siempre interesante temporada con un ensamble propio y la curadur\u00eda de <b>Lucas Fagin<\/b>, fue parte del Col\u00f3n Contempor\u00e1neo, y la m\u00fasica electroac\u00fastica volvi\u00f3 al Centro Cultural Recoleta con el ciclo <i>Aqu\u00ed, all\u00e1 y en todas partes<\/i>, curado por <b>Jorge Sad Levi<\/b>. <\/p>\n<p>Entre las propuestas del<b> CETC <\/b>se destacaron la producci\u00f3n \u2013en sociedad con el Alternative Stage de la \u00d3pera Nacional de Grecia\u2013, de <i>Kassandra<\/i>, un monodrama con m\u00fasica de <b>Pablo Ortiz<\/b> interpretado por la soprano trans <b>Mar\u00eda Castillo de Lima<\/b>, y <i>Kenta<\/i>, la obra de <b>Valent\u00edn Garvie<\/b> sobre cuentos de Alejandra Kamiya, a cargo del Programa Orquestas Infantiles y Juveniles de la Ciudad de Buenos Aires.\u00a0<\/p>\n<p>Una <b>saludable cuota de disrupci\u00f3n<\/b>\u00a0se mantuvo en el <b>Festival No Convencional<\/b>, creado y dirigido por <b>Mart\u00edn Bauer<\/b>, que afirm\u00f3 su identidad ocupando espacios no tradicionales para la m\u00fasica \u2013este a\u00f1o, por ejemplo, lleg\u00f3 al cementerio Brit\u00e1nico\u2013 y en el <b>Festival Nueva \u00d3pera<\/b>, que bajo la direcci\u00f3n art\u00edstica de <b>Miguel Galepr\u00edn<\/b>, dio cuenta de las m\u00faltiples posibilidades de actualizaci\u00f3n del g\u00e9nero l\u00edrico.<\/p>\n<h2>Discos, sellos y plataformas<\/h2>\n<p>La<b> grieta entre el escenario y la virtualidad<\/b>, que es nada menos que la distancia entre la escucha como evento colectivo o momento individual, se profundiza, si se tiene en cuenta que posiblemente el gran dato de esta temporada es la edici\u00f3n de discos que se pueden encontrar en las plataformas. Se afianzan las producciones de \u201cm\u00fasica cl\u00e1sica\u201d de <b>sellos especializados<\/b>, como<b> Virtuoso Records<\/b>, que este a\u00f1o sum\u00f3 a su cat\u00e1logo trabajos particularmente interesantes, cuyo valor fundamental radica en su ambici\u00f3n de mostrar otros repertorios. <i>La sed<\/i>, con obras de Alex Nante por el <b>Ensamble Terra Lucida<\/b>; el segundo volumen de <i>Obras para viol\u00edn solo de Sergio Parotti<\/i>, magistralmente interpretadas por <b>El\u00edas Gurevich<\/b>, y\u00a0<i>Escrito sobre escrito sobre escrito<\/i>, de la Compa\u00f1\u00eda Oblicua con m\u00fasica de Marcelo Delgado, son algunas de las propuestas de este a\u00f1o.<\/p>\n<p>Tambi\u00e9n se destaca el aporte del sello <b>Avantrecord<\/b>, que este a\u00f1o edit\u00f3 <i>Les guitares bien temp\u00e9r\u00e9es<\/i>, de Mario Castelnuovo Tedesco por <b>Carlos Groisman y Pablo Carballo<\/b>, adem\u00e1s de <i>Impresiones sobre Buenos Aires<\/i>, un \u00e1lbum con muestras de porte\u00f1ismo sonoro de Juan Carlos Figueiras, Mauricio Charbonnier, Eva Lopszyc, Nelly Gomez, Amanda Guerre\u00f1o y Guillermo Zalcman, a cargo del <b>Ensamble NMA<\/b>, y  un mucho m\u00e1s interesante volumen con m\u00fasica de Celia Torr\u00e1 y Lita Spena interpretada por <b>Florencia Zuloaga<\/b>. Por otro lado, <b>Guillo Espel<\/b>, compositor activo en distintos frentes, reuni\u00f3 su obra sinf\u00f3nica y de c\u00e1mara m\u00e1s reciente en <i>\u00c1mbar p\u00farpura<\/i>, y la cantante <b>Natalia Cappa<\/b> sac\u00f3 <i>Una<\/i>, un excelente trabajo con obras de Sad Levi, Jos\u00e9 Halac y otros. Por talento y audacia puede ubicarse, sin dudas, como el mejor disco de este a\u00f1o.<\/p>\n<p><!-- Live Blog Post --><\/div>\n<p><a href=\"https:\/\/www.pagina12.com.ar\/793769-balance-2024-de-musica-clasica-el-ano-en-el-que-se-siguio-re\">source<\/a><\/p>\n","protected":false},"excerpt":{"rendered":"<p>Entre la fragmentaci\u00f3n de p\u00fablicos y los espacios que se reducen, adem\u00e1s de un clima&#8230;<\/p>\n","protected":false},"author":0,"featured_media":196902,"comment_status":"open","ping_status":"open","sticky":false,"template":"","format":"standard","meta":{"footnotes":""},"categories":[4],"tags":[],"class_list":["post-196901","post","type-post","status-publish","format-standard","has-post-thumbnail","hentry","category-espectaculos"],"featured_image_urls":{"full":["https:\/\/radiofenix.com.ar\/2023\/wp-content\/uploads\/wp-header-logo.png",0,0,false],"thumbnail":["https:\/\/radiofenix.com.ar\/2023\/wp-content\/uploads\/wp-header-logo.png",1,1,false],"medium":["https:\/\/radiofenix.com.ar\/2023\/wp-content\/uploads\/wp-header-logo.png",1,1,false],"medium_large":["https:\/\/radiofenix.com.ar\/2023\/wp-content\/uploads\/wp-header-logo.png",1,1,false],"large":["https:\/\/radiofenix.com.ar\/2023\/wp-content\/uploads\/wp-header-logo.png",1,1,false],"1536x1536":["https:\/\/radiofenix.com.ar\/2023\/wp-content\/uploads\/wp-header-logo.png",1,1,false],"2048x2048":["https:\/\/radiofenix.com.ar\/2023\/wp-content\/uploads\/wp-header-logo.png",1,1,false],"newsium-slider-full":["https:\/\/radiofenix.com.ar\/2023\/wp-content\/uploads\/wp-header-logo.png",1,1,false],"newsium-featured":["https:\/\/radiofenix.com.ar\/2023\/wp-content\/uploads\/wp-header-logo.png",1,1,false],"newsium-medium":["https:\/\/radiofenix.com.ar\/2023\/wp-content\/uploads\/wp-header-logo.png",1,1,false]},"author_info":{"info":[""]},"category_info":"<a href=\"https:\/\/radiofenix.com.ar\/2023\/category\/espectaculos\/\" rel=\"category tag\">Espectaculos<\/a>","tag_info":"Espectaculos","comment_count":"0","_links":{"self":[{"href":"https:\/\/radiofenix.com.ar\/2023\/wp-json\/wp\/v2\/posts\/196901","targetHints":{"allow":["GET"]}}],"collection":[{"href":"https:\/\/radiofenix.com.ar\/2023\/wp-json\/wp\/v2\/posts"}],"about":[{"href":"https:\/\/radiofenix.com.ar\/2023\/wp-json\/wp\/v2\/types\/post"}],"replies":[{"embeddable":true,"href":"https:\/\/radiofenix.com.ar\/2023\/wp-json\/wp\/v2\/comments?post=196901"}],"version-history":[{"count":0,"href":"https:\/\/radiofenix.com.ar\/2023\/wp-json\/wp\/v2\/posts\/196901\/revisions"}],"wp:featuredmedia":[{"embeddable":true,"href":"https:\/\/radiofenix.com.ar\/2023\/wp-json\/wp\/v2\/media\/196902"}],"wp:attachment":[{"href":"https:\/\/radiofenix.com.ar\/2023\/wp-json\/wp\/v2\/media?parent=196901"}],"wp:term":[{"taxonomy":"category","embeddable":true,"href":"https:\/\/radiofenix.com.ar\/2023\/wp-json\/wp\/v2\/categories?post=196901"},{"taxonomy":"post_tag","embeddable":true,"href":"https:\/\/radiofenix.com.ar\/2023\/wp-json\/wp\/v2\/tags?post=196901"}],"curies":[{"name":"wp","href":"https:\/\/api.w.org\/{rel}","templated":true}]}}