{"id":196903,"date":"2024-12-31T20:15:43","date_gmt":"2024-12-31T20:15:43","guid":{"rendered":"https:\/\/radiofenix.com.ar\/2023\/dolar-blue-dolar-hoy-a-cuanto-cotizan-el-lunes-30-de-diciembre\/"},"modified":"2024-12-31T20:15:43","modified_gmt":"2024-12-31T20:15:43","slug":"dolar-blue-dolar-hoy-a-cuanto-cotizan-el-lunes-30-de-diciembre","status":"publish","type":"post","link":"https:\/\/radiofenix.com.ar\/2023\/dolar-blue-dolar-hoy-a-cuanto-cotizan-el-lunes-30-de-diciembre\/","title":{"rendered":"D\u00f3lar blue, d\u00f3lar hoy: a cu\u00e1nto cotizan el lunes 30 de diciembre"},"content":{"rendered":"<div id=\"post-2021\">\n<div class=\"col 2-col\">\n<h2>Cu\u00e1nto aumentaron el d\u00f3lar oficial y los paralelos a lo largo de 2024<\/h2>\n<p>El d\u00f3lar oficial cerr\u00f3 hoy con una suba de 24% respecto del final de 2023, luego de haberse mantenido en el a\u00f1o el crawling peg de 2% mensual, mientras que el d\u00f3lar blue cerr\u00f3 arriba de los $1200 tras haber superado en julio la barrera de los $1500.<\/p>\n<p>El d\u00f3lar oficial cerr\u00f3 hoy la \u00faltima cotizaci\u00f3n del a\u00f1o en $1012,50 para la compra y $1052,50 para la venta, con una suba de $1,50 respecto del viernes, acuerdo con informaci\u00f3n del Banco Naci\u00f3n. En la \u00faltima jornada de 2023, el d\u00f3lar oficial se hab\u00eda situado en $828,25. En ese entonces, el Gobierno puso en marcha un esquema de fluctuaci\u00f3n leve y sostenida de 2% mensual, denominado crawling peg, que se mantuvo a lo largo del a\u00f1o.<br \/>El d\u00f3lar mayorista por su parte termin\u00f3 a $1.032.<\/p>\n<p>El d\u00f3lar tarjeta oper\u00f3 a $1.367,60. La semana pasada termin\u00f3 la vigencia tras cinco a\u00f1os del Impuesto Para una Argentina Inclusiva y Solidaria (PA\u00cdS) que gravaba con un 30% la compra de d\u00f3lar ahorro y de bienes y servicios adquiridos en el exterior.<\/p>\n<p>En tanto, el d\u00f3lar blue cerr\u00f3 hoy con una suba de $15, situado en $1.210 para la compra y $1.230 para la venta. En comparaci\u00f3n con la cotizaci\u00f3n de diciembre del a\u00f1o pasado, $1025, el blue subi\u00f3 18%.<\/p>\n<p>Sin embargo, a lo largo del a\u00f1o este d\u00f3lar paralelo tuvo altibajos y lleg\u00f3 a cotizar a $1.500 en julio de este a\u00f1o, producto de la pol\u00edtica fiscal y monetaria, as\u00ed como el blanqueo de capitales y el mayor ingreso de la divisa. Ese valor posicion\u00f3 al blue con una brecha cercana al 60% respecto del d\u00f3lar oficial en ese momento.<\/p>\n<p>Luego de ese pico, en los meses siguientes el d\u00f3lar blue comenz\u00f3 una tendencia bajista y rond\u00f3 los $1150. En las \u00faltimas semanas del a\u00f1o tuvo cierta recuperaci\u00f3n debido a la demanda estacional, que lo llev\u00f3 arriba de $1200. El d\u00f3lar MEP cerr\u00f3 hoy sin variaciones a $1.170,41; y el Contado con Liquidaci\u00f3n (CCL) subi\u00f3 0,3% hasta $1.186,83, quedando ambos con un incremento de 20% y 35% respecto de diciembre 2023, respectivamente.<\/p>\n<\/div>\n<\/div>\n<div id=\"post-1943\">\n<div class=\"col 2-col\">\n<h2>\u00a0Enero llega con otra bater\u00eda de aumentos\u00a0\u00a0<\/h2>\n<p>El Gobierno nacional defini\u00f3 aumentos de tarifas para enero de 2025 que incluyen <b>1 por ciento en el servicio del agua a trav\u00e9s de AySA; 2,5 por ciento en transporte y distribuci\u00f3n de gas; 1,6 en luz, y 1,75 en el impuesto a los combustibles<\/b>. Las consultoras privadas estiman que para el \u00faltimo mes del a\u00f1o la inflaci\u00f3n, sin incorporar estos incrementos, se ubicar\u00e1 entre 2,3 y 3 por ciento. <\/p>\n<p><b>La suba del 1 por ciento en las tarifas de agua <\/b>para la regi\u00f3n atendida por AySA<b> representa un incremento menor en relaci\u00f3n al 3,29 por ciento<\/b> que correspond\u00eda de acuerdo al Coeficiente de Modificaci\u00f3n K, definido en el Marco Regulatorio. Seg\u00fan la Secretar\u00eda de Obras P\u00fablicas, dependiente del Ministerio de Econom\u00eda, la decisi\u00f3n de no aplicar el monto establecido se debe \u201ca la desaceleraci\u00f3n de la inflaci\u00f3n y a los avances de la concesionaria en la optimizaci\u00f3n de costos operativos\u201d.<\/p>\n<p><a href=\"https:\/\/www.pagina12.com.ar\/793801-enero-llega-con-otra-bateria-de-aumentos\">Leer m\u00e1s ac\u00e1\u00a0<\/a><\/p>\n<\/div>\n<\/div>\n<div id=\"post-1815\">\n<div class=\"col 2-col\">\n<h2>Bajan las reservas<\/h2>\n<p>El dato negativo de la jornada est\u00e1 vinculado a las reservas brutas, que bajaron u$s1.917 millones y perforaron los u$s30.000 millones (cerraron en u$s29.607 millones).Fuentes de la autoridad monetaria dijeron a \u00c1mbito que la fuerte baja de este lunes en las reservas fue producto de los movimientos habituales de fin de mes, aunque esta vez fueron m\u00e1s importantes que en otras ocasiones.<\/p>\n<\/div>\n<\/div>\n<div id=\"post-1532\">\n<div class=\"col 2-col\">\n<h2>La oposici\u00f3n alerta sobre la maniobra de Javier Milei para manejar a su antojo los fondos p\u00fablicos\u00a0<\/h2>\n<p><b>Diputados de la oposici\u00f3n<\/b> rechazaron este lunes la decisi\u00f3n del Gobierno de Javier Milei de<a href=\"https:\/\/www.pagina12.com.ar\/793701-milei-prorrogo-el-presupuesto-2023-y-le-saca-filo-a-la-motos\"> prorrogar por segundo a\u00f1o consecutivo el Presupuesto que rige desde 2023<\/a>. \u00abLo venimos diciendo: <b>Milei nunca quiso tener Ley de Presupuesto. Quiere tener total arbitrariedad en el manejo de las finanzas p\u00fablicas<\/b>\u00ab, asegur\u00f3 el jefe de bloque de Uni\u00f3n por la Patria en la C\u00e1mara de Diputados, Germ\u00e1n Mart\u00ednez.<\/p>\n<h3><b><a href=\"https:\/\/www.pagina12.com.ar\/793744-la-oposicion-alerta-sobre-la-maniobra-de-javiernmilei-para-m\">Le\u00e9 la nota completa<\/a><\/b><\/h3>\n<\/div>\n<\/div>\n<div id=\"post-1345\">\n<div class=\"col 2-col\">\n<h2>\u00abNo habr\u00e1 ajuste en la provincia\u00bb: Kicillof se diferencia de Milei\u00a0\u00a0<\/h2>\n<p>Por Mar\u00eda Bel\u00e9n Robledo<\/p>\n<p>El gobernador de la provincia de Buenos Aires, Axel Kicillof, prorrogar\u00e1 el Presupuesto luego de que la oposici\u00f3n rechazara el proyectos en dos oportunidades durante las \u00faltimas dos semanas. As\u00ed lo afirm\u00f3 el ministro de Gobierno, Carlos Bianco, quien apunt\u00f3 a los bloques que trabaron la negociaci\u00f3n por dejar al Gobierno provincial sin las herramientas de gesti\u00f3n.<\/p>\n<h3><b><a href=\"https:\/\/www.pagina12.com.ar\/793725-nos-haremos-cargo-de-la-deuda-y-el-pago-de-salarios\">Le\u00e9 la nota completa<\/a><\/b><\/h3>\n<\/div>\n<\/div>\n<div id=\"post-1300\">\n<div class=\"col 2-col\">\n<h2>Milei prorrog\u00f3 el Presupuesto 2023 y le saca filo a la motosierra\u00a0<\/h2>\n<p>Luego de concretar su estrategia de hacer caer en el Congreso el tratamiento del Presupuesto 2025, e<b>l gobierno nacional prorrog\u00f3 formalmente la vigencia del esquema de ingresos y gastos que rige desde 2023<\/b>. La medida le da a la administraci\u00f3n de Javier Milei la potestad de <b>ejecutar gastos de manera discrecional<\/b> y de seguir recort\u00e1ndole partidas a las provincias, entre otras maniobras de presi\u00f3n.<\/p>\n<h3><b><a href=\"https:\/\/www.pagina12.com.ar\/793701-milei-prorrogo-el-presupuesto-2023-y-le-saca-filo-a-la-motos\">Le\u00e9 la nota completa<\/a><\/b><\/h3>\n<\/div>\n<\/div>\n<div id=\"post-1220\">\n<div class=\"col 2-col\">\n<h2>Crecen las transferencias entre billeteras virtuales\u00a0<\/h2>\n<p>El Banco Central public\u00f3 su Informe Mensual de Pagos Minoristas con datos a noviembre de 2024. Los env\u00edos de dinero (es decir las transferencias inmediatas \u201cpush\u201d) reportaron un crecimiento medidas en cantidades del 54,4 por ciento en los \u00faltimos doce meses. En pesos<b> <\/b>se registraron un total de 580,4 millones de transacciones por una suma equivalente a 51 billones de pesos, que implicaron un incremento del 23,5 por ciento en montos. Es decir, se realizaron m\u00e1s cantidad de transferencias pero los montos no subieron tanto. El 70,5 por ciento de estas transferencias tuvo como origen y\/o destino una CVU, es decir una billetera virtual y no una cuenta bancaria.<\/p>\n<h3><b><a href=\"https:\/\/www.pagina12.com.ar\/793295-crecen-las-transferencias-entre-billeteras-virtuales\">Le\u00e9 la nota completa<\/a><\/b><\/h3>\n<\/div>\n<\/div>\n<div id=\"post-1140\">\n<div class=\"col 2-col\">\n<h2>El doble de pobres\u00a0<\/h2>\n<p>Por David Cufr\u00e9<\/p>\n<p><b>Los niveles de pobreza e indigencia entre los jubilados aumentaron de manera estrepitosa<\/b> en el gobierno de Javier Milei. Se encontraban en esa condici\u00f3n el <b>13,2<\/b> por ciento de las personas mayores de 65 a\u00f1os en el primer semestre de 2023, para pasar a ser el <b>29,7<\/b> por ciento apenas un a\u00f1o m\u00e1s tarde. Es decir, <b>m\u00e1s del doble<\/b>.<\/p>\n<h3><b><a href=\"https:\/\/www.pagina12.com.ar\/793333-el-doble-de-pobres\">Le\u00e9 la nota completa<\/a><\/b><\/h3>\n<\/div>\n<\/div>\n<div id=\"post-1100\">\n<div class=\"col 2-col\">\n<h2>Las fake econ\u00f3micas del 2024\u00a0<\/h2>\n<p>Por Alfredo Zaiat<\/p>\n<p>La tasa de inflaci\u00f3n es m\u00e1s elevada que la informada. Los salarios no se recuperaron en la magnitud difundida. La pobreza e indigencia no retrocedieron tanto desde el pico alcanzado en el primer semestre de este a\u00f1o. El atraso cambiario es todav\u00eda m\u00e1s pronunciado.<\/p>\n<h3><b><a href=\"https:\/\/www.pagina12.com.ar\/793345-las-fake-economicas-del-2024\">Le\u00e9 la nota completa<\/a><\/b><\/h3>\n<\/div>\n<\/div>\n<div id=\"post-1020\">\n<div class=\"col 2-col\">\n<h2>La cotizaci\u00f3n de apertura del d\u00f3lar<\/h2>\n<p>El d\u00f3lar abri\u00f3\u00a0a $1195 para la compra y a $1215 para la venta.<\/p>\n<\/div>\n<\/div>\n<p><a href=\"https:\/\/www.pagina12.com.ar\/793696-dolar-blue-dolar-hoy-a-cuanto-cotizan-el-lunes-30-de-diciemb\">source<\/a><\/p>\n","protected":false},"excerpt":{"rendered":"<p>Cu\u00e1nto aumentaron el d\u00f3lar oficial y los paralelos a lo largo de 2024 El d\u00f3lar&#8230;<\/p>\n","protected":false},"author":0,"featured_media":196904,"comment_status":"open","ping_status":"open","sticky":false,"template":"","format":"standard","meta":{"footnotes":""},"categories":[5],"tags":[],"class_list":["post-196903","post","type-post","status-publish","format-standard","has-post-thumbnail","hentry","category-economia"],"featured_image_urls":{"full":["https:\/\/radiofenix.com.ar\/2023\/wp-content\/uploads\/wp-header-logo.png",0,0,false],"thumbnail":["https:\/\/radiofenix.com.ar\/2023\/wp-content\/uploads\/wp-header-logo.png",1,1,false],"medium":["https:\/\/radiofenix.com.ar\/2023\/wp-content\/uploads\/wp-header-logo.png",1,1,false],"medium_large":["https:\/\/radiofenix.com.ar\/2023\/wp-content\/uploads\/wp-header-logo.png",1,1,false],"large":["https:\/\/radiofenix.com.ar\/2023\/wp-content\/uploads\/wp-header-logo.png",1,1,false],"1536x1536":["https:\/\/radiofenix.com.ar\/2023\/wp-content\/uploads\/wp-header-logo.png",1,1,false],"2048x2048":["https:\/\/radiofenix.com.ar\/2023\/wp-content\/uploads\/wp-header-logo.png",1,1,false],"newsium-slider-full":["https:\/\/radiofenix.com.ar\/2023\/wp-content\/uploads\/wp-header-logo.png",1,1,false],"newsium-featured":["https:\/\/radiofenix.com.ar\/2023\/wp-content\/uploads\/wp-header-logo.png",1,1,false],"newsium-medium":["https:\/\/radiofenix.com.ar\/2023\/wp-content\/uploads\/wp-header-logo.png",1,1,false]},"author_info":{"info":[""]},"category_info":"<a href=\"https:\/\/radiofenix.com.ar\/2023\/category\/economia\/\" rel=\"category tag\">Economia<\/a>","tag_info":"Economia","comment_count":"0","_links":{"self":[{"href":"https:\/\/radiofenix.com.ar\/2023\/wp-json\/wp\/v2\/posts\/196903","targetHints":{"allow":["GET"]}}],"collection":[{"href":"https:\/\/radiofenix.com.ar\/2023\/wp-json\/wp\/v2\/posts"}],"about":[{"href":"https:\/\/radiofenix.com.ar\/2023\/wp-json\/wp\/v2\/types\/post"}],"replies":[{"embeddable":true,"href":"https:\/\/radiofenix.com.ar\/2023\/wp-json\/wp\/v2\/comments?post=196903"}],"version-history":[{"count":0,"href":"https:\/\/radiofenix.com.ar\/2023\/wp-json\/wp\/v2\/posts\/196903\/revisions"}],"wp:featuredmedia":[{"embeddable":true,"href":"https:\/\/radiofenix.com.ar\/2023\/wp-json\/wp\/v2\/media\/196904"}],"wp:attachment":[{"href":"https:\/\/radiofenix.com.ar\/2023\/wp-json\/wp\/v2\/media?parent=196903"}],"wp:term":[{"taxonomy":"category","embeddable":true,"href":"https:\/\/radiofenix.com.ar\/2023\/wp-json\/wp\/v2\/categories?post=196903"},{"taxonomy":"post_tag","embeddable":true,"href":"https:\/\/radiofenix.com.ar\/2023\/wp-json\/wp\/v2\/tags?post=196903"}],"curies":[{"name":"wp","href":"https:\/\/api.w.org\/{rel}","templated":true}]}}