{"id":197509,"date":"2025-02-17T08:57:44","date_gmt":"2025-02-17T08:57:44","guid":{"rendered":"https:\/\/radiofenix.com.ar\/2023\/desde-el-pro-rechazaron-el-pedido-de-juicio-politico-contra-el-presidente-javier-milei\/"},"modified":"2025-02-17T08:57:44","modified_gmt":"2025-02-17T08:57:44","slug":"desde-el-pro-rechazaron-el-pedido-de-juicio-politico-contra-el-presidente-javier-milei","status":"publish","type":"post","link":"https:\/\/radiofenix.com.ar\/2023\/desde-el-pro-rechazaron-el-pedido-de-juicio-politico-contra-el-presidente-javier-milei\/","title":{"rendered":"Desde el PRO rechazaron el pedido de juicio pol\u00edtico contra el Presidente Javier Milei"},"content":{"rendered":"<div id=\"\">\n<p>Luego de que el bloque kirchnerista de la C\u00e1mara de Diputados anunciara que impulsar\u00eda un juicio pol\u00edtico contra el jefe de Estado que, promocion\u00f3 la cripto $Libra que se desplom\u00f3 y gener\u00f3 p\u00e9rdidas millonarias para los inversores, el diputado sentenci\u00f3:<strong> \u201cNo va a pasar\u201d. <\/strong><\/p>\n<p><strong> \u201cEs llamativo qu<\/strong><strong>e aquellos que se afanaron las rutas, las cloacas, los hospitales, los patrulleros, durante los \u00faltimos 16 a\u00f1os vienen a darte clases de moral y \u00e9tica. Por eso es la indignaci\u00f3n\u201d<\/strong>, cuestion\u00f3.<\/p>\n<p>Para Santilli,<strong> Milei accion\u00f3 como \u201cuna persona de bien\u201d al ponerse a disposici\u00f3n y solicitar a la Oficina Anticorrupci\u00f3n<\/strong> <strong>que impulse una investigaci\u00f3n al respecto, y remarc\u00f3: <\/strong>\u201cNo se esconde, habla, no se guarda\u201d. <\/p>\n<p>Por su parte, pidi\u00f3 que el Gobierno no modifique el rumbo tras el traspi\u00e9: <strong>\u201cLo que no debe ocurrir que el Gobierno cambie el rumbo\u00bb,<\/strong> sostuvo, y a\u00f1adi\u00f3: \u201cLo importante es que reconoci\u00f3 lo que le pas\u00f3. Eso es un paso distinto de los que nos vienen a hablar de juicio pol\u00edtico. Reconoce, toma medidas, da la cara, habla con la verdad y plantea lo que sucedi\u00f3. Debe seguir adelante\u201d. <\/p>\n<div contenteditable=\"false\" class=\"embed_cont type_freetext\" rel=\"freetext\" id=\"embed39_wrap\">\n<p> Embed <span onclick=\"parent.parent.TinyMCETdcuerpo.preview_embed('embed39')\" class=\"embed_colapse less\" id=\"embed39_colapse\"\/>  <span onclick=\"parent.parent.TinyMCETdcuerpo.delete_embed('embed39')\" class=\"embed_delete less\" id=\"embed39_delete\"\/><\/p>\n<div id=\"embed39_content\" class=\"embed_content\">\n<div id=\"embed39_embed\">\n<figure class=\"figure\"><a href=\"https:\/\/t.me\/minutounocom\" target=\"_blank\" rel=\"noopener\"><img decoding=\"async\" src=\"https:\/\/media.minutouno.com\/adjuntos\/150\/banners\/039\/099\/0039099175.jpg\" class=\"figure-img img-fluid\" style=\"width:100%;height:auto;\"\/><\/a><\/figure>\n<\/p><\/div>\n<\/div><\/div>\n<\/div>\n<p><a href=\"https:\/\/www.minutouno.com\/politica\/desde-el-pro-rechazaron-el-pedido-juicio-politico-contra-el-presidente-javier-milei-n6114070\">source<\/a><\/p>\n","protected":false},"excerpt":{"rendered":"<p>Luego de que el bloque kirchnerista de la C\u00e1mara de Diputados anunciara que impulsar\u00eda un&#8230;<\/p>\n","protected":false},"author":0,"featured_media":197510,"comment_status":"open","ping_status":"open","sticky":false,"template":"","format":"standard","meta":{"footnotes":""},"categories":[2],"tags":[],"class_list":["post-197509","post","type-post","status-publish","format-standard","has-post-thumbnail","hentry","category-politica"],"featured_image_urls":{"full":["https:\/\/radiofenix.com.ar\/2023\/wp-content\/uploads\/wp-header-logo.png",0,0,false],"thumbnail":["https:\/\/radiofenix.com.ar\/2023\/wp-content\/uploads\/wp-header-logo.png",1,1,false],"medium":["https:\/\/radiofenix.com.ar\/2023\/wp-content\/uploads\/wp-header-logo.png",1,1,false],"medium_large":["https:\/\/radiofenix.com.ar\/2023\/wp-content\/uploads\/wp-header-logo.png",1,1,false],"large":["https:\/\/radiofenix.com.ar\/2023\/wp-content\/uploads\/wp-header-logo.png",1,1,false],"1536x1536":["https:\/\/radiofenix.com.ar\/2023\/wp-content\/uploads\/wp-header-logo.png",1,1,false],"2048x2048":["https:\/\/radiofenix.com.ar\/2023\/wp-content\/uploads\/wp-header-logo.png",1,1,false],"newsium-slider-full":["https:\/\/radiofenix.com.ar\/2023\/wp-content\/uploads\/wp-header-logo.png",1,1,false],"newsium-featured":["https:\/\/radiofenix.com.ar\/2023\/wp-content\/uploads\/wp-header-logo.png",1,1,false],"newsium-medium":["https:\/\/radiofenix.com.ar\/2023\/wp-content\/uploads\/wp-header-logo.png",1,1,false]},"author_info":{"info":[""]},"category_info":"<a href=\"https:\/\/radiofenix.com.ar\/2023\/category\/politica\/\" rel=\"category tag\">Pol\u00edtica<\/a>","tag_info":"Pol\u00edtica","comment_count":"0","_links":{"self":[{"href":"https:\/\/radiofenix.com.ar\/2023\/wp-json\/wp\/v2\/posts\/197509","targetHints":{"allow":["GET"]}}],"collection":[{"href":"https:\/\/radiofenix.com.ar\/2023\/wp-json\/wp\/v2\/posts"}],"about":[{"href":"https:\/\/radiofenix.com.ar\/2023\/wp-json\/wp\/v2\/types\/post"}],"replies":[{"embeddable":true,"href":"https:\/\/radiofenix.com.ar\/2023\/wp-json\/wp\/v2\/comments?post=197509"}],"version-history":[{"count":0,"href":"https:\/\/radiofenix.com.ar\/2023\/wp-json\/wp\/v2\/posts\/197509\/revisions"}],"wp:featuredmedia":[{"embeddable":true,"href":"https:\/\/radiofenix.com.ar\/2023\/wp-json\/wp\/v2\/media\/197510"}],"wp:attachment":[{"href":"https:\/\/radiofenix.com.ar\/2023\/wp-json\/wp\/v2\/media?parent=197509"}],"wp:term":[{"taxonomy":"category","embeddable":true,"href":"https:\/\/radiofenix.com.ar\/2023\/wp-json\/wp\/v2\/categories?post=197509"},{"taxonomy":"post_tag","embeddable":true,"href":"https:\/\/radiofenix.com.ar\/2023\/wp-json\/wp\/v2\/tags?post=197509"}],"curies":[{"name":"wp","href":"https:\/\/api.w.org\/{rel}","templated":true}]}}