{"id":197513,"date":"2025-02-18T08:57:39","date_gmt":"2025-02-18T08:57:39","guid":{"rendered":"https:\/\/radiofenix.com.ar\/2023\/en-un-ano-se-perdieron-186-mil-puestos-de-trabajo\/"},"modified":"2025-02-18T08:57:39","modified_gmt":"2025-02-18T08:57:39","slug":"en-un-ano-se-perdieron-186-mil-puestos-de-trabajo","status":"publish","type":"post","link":"https:\/\/radiofenix.com.ar\/2023\/en-un-ano-se-perdieron-186-mil-puestos-de-trabajo\/","title":{"rendered":"En un a\u00f1o se perdieron 186 mil puestos de trabajo"},"content":{"rendered":"<p>Un estudio elaborado por el Instituto Interdisciplinario de Econom\u00eda Pol\u00edtica (IIEP) perteneciente a la Facultad de Ciencias Econ\u00f3micas de la UBA detall\u00f3 la p\u00e9rdida de empleo en lo que lleva de gobierno Javier Milei.<br \/><a href=\"https:\/\/www.pagina12.com.ar\/804731-en-un-ano-se-perdieron-186-mil-puestos-de-trabajo\">source<\/a><\/p>\n","protected":false},"excerpt":{"rendered":"<p>Un estudio elaborado por el Instituto Interdisciplinario de Econom\u00eda Pol\u00edtica (IIEP) perteneciente a la Facultad&#8230;<\/p>\n","protected":false},"author":0,"featured_media":197514,"comment_status":"open","ping_status":"open","sticky":false,"template":"","format":"standard","meta":{"footnotes":""},"categories":[5],"tags":[],"class_list":["post-197513","post","type-post","status-publish","format-standard","has-post-thumbnail","hentry","category-economia"],"featured_image_urls":{"full":["https:\/\/radiofenix.com.ar\/2023\/wp-content\/uploads\/wp-header-logo.png",0,0,false],"thumbnail":["https:\/\/radiofenix.com.ar\/2023\/wp-content\/uploads\/wp-header-logo.png",1,1,false],"medium":["https:\/\/radiofenix.com.ar\/2023\/wp-content\/uploads\/wp-header-logo.png",1,1,false],"medium_large":["https:\/\/radiofenix.com.ar\/2023\/wp-content\/uploads\/wp-header-logo.png",1,1,false],"large":["https:\/\/radiofenix.com.ar\/2023\/wp-content\/uploads\/wp-header-logo.png",1,1,false],"1536x1536":["https:\/\/radiofenix.com.ar\/2023\/wp-content\/uploads\/wp-header-logo.png",1,1,false],"2048x2048":["https:\/\/radiofenix.com.ar\/2023\/wp-content\/uploads\/wp-header-logo.png",1,1,false],"newsium-slider-full":["https:\/\/radiofenix.com.ar\/2023\/wp-content\/uploads\/wp-header-logo.png",1,1,false],"newsium-featured":["https:\/\/radiofenix.com.ar\/2023\/wp-content\/uploads\/wp-header-logo.png",1,1,false],"newsium-medium":["https:\/\/radiofenix.com.ar\/2023\/wp-content\/uploads\/wp-header-logo.png",1,1,false]},"author_info":{"info":[""]},"category_info":"<a href=\"https:\/\/radiofenix.com.ar\/2023\/category\/economia\/\" rel=\"category tag\">Economia<\/a>","tag_info":"Economia","comment_count":"0","_links":{"self":[{"href":"https:\/\/radiofenix.com.ar\/2023\/wp-json\/wp\/v2\/posts\/197513","targetHints":{"allow":["GET"]}}],"collection":[{"href":"https:\/\/radiofenix.com.ar\/2023\/wp-json\/wp\/v2\/posts"}],"about":[{"href":"https:\/\/radiofenix.com.ar\/2023\/wp-json\/wp\/v2\/types\/post"}],"replies":[{"embeddable":true,"href":"https:\/\/radiofenix.com.ar\/2023\/wp-json\/wp\/v2\/comments?post=197513"}],"version-history":[{"count":0,"href":"https:\/\/radiofenix.com.ar\/2023\/wp-json\/wp\/v2\/posts\/197513\/revisions"}],"wp:featuredmedia":[{"embeddable":true,"href":"https:\/\/radiofenix.com.ar\/2023\/wp-json\/wp\/v2\/media\/197514"}],"wp:attachment":[{"href":"https:\/\/radiofenix.com.ar\/2023\/wp-json\/wp\/v2\/media?parent=197513"}],"wp:term":[{"taxonomy":"category","embeddable":true,"href":"https:\/\/radiofenix.com.ar\/2023\/wp-json\/wp\/v2\/categories?post=197513"},{"taxonomy":"post_tag","embeddable":true,"href":"https:\/\/radiofenix.com.ar\/2023\/wp-json\/wp\/v2\/tags?post=197513"}],"curies":[{"name":"wp","href":"https:\/\/api.w.org\/{rel}","templated":true}]}}