{"id":197519,"date":"2025-02-18T08:57:45","date_gmt":"2025-02-18T08:57:45","guid":{"rendered":"https:\/\/radiofenix.com.ar\/2023\/macron-recibe-este-lunes-a-los-principales-paises-europeos-para-hablar-de-ucrania\/"},"modified":"2025-02-18T08:57:45","modified_gmt":"2025-02-18T08:57:45","slug":"macron-recibe-este-lunes-a-los-principales-paises-europeos-para-hablar-de-ucrania","status":"publish","type":"post","link":"https:\/\/radiofenix.com.ar\/2023\/macron-recibe-este-lunes-a-los-principales-paises-europeos-para-hablar-de-ucrania\/","title":{"rendered":"Macron recibe este lunes a los principales pa\u00edses europeos para hablar de Ucrania"},"content":{"rendered":"<div><!-- Body --><\/p>\n<p><b>Los dirigentes de distintos pa\u00edses europeos se reunir\u00e1n este lunes en Par\u00eds para hablar de Ucrania y de seguridad europea<\/b>,\u00a0despu\u00e9s de que <a href=\"https:\/\/www.pagina12.com.ar\/804486-trump-dijo-que-se-reunira-muy-pronto-con-putin-para-poner-fi\">la administraci\u00f3n estadounidense iniciara las negociaciones para terminar la guerra en Kiev<\/a>. El presidente franc\u00e9s, <b>Emmanuel Macron<\/b>, recibir\u00e1 a \u00ablos principales pa\u00edses europeos\u00bb para hablar de \u00abla seguridad europea\u00bb, confirm\u00f3 el jefe de la diplomacia francesa, Jean-No\u00ebl Barrot, en la radio France Inter.<\/p>\n<p>El ministro no precis\u00f3 qui\u00e9n participar\u00e1 de esta \u00abreuni\u00f3n de trabajo\u00bb, pero seg\u00fan una fuente diplom\u00e1tica europea<b> estar\u00e1n presentes Alemania, Polonia, Italia, Dinamarca y Reino Unido<\/b>, que ya no es parte de la Uni\u00f3n Europea. El presidente del Consejo Europeo, <b>Ant\u00f3nio Costa<\/b>, la presidenta de la Comisi\u00f3n Europea, <b>Ursula von der Leyen<\/b> y el secretario general de la OTAN, <b>Mark Rutte<\/b>, participar\u00e1n tambi\u00e9n de la cita, organizada con suma urgencia, seg\u00fan la misma fuente.<\/p>\n<div class=\"iframely-embed medium-embedded-content\" data-html=\"Jmx0O2RpdiZndDsmbHQ7ZGl2IHN0eWxlPSJsZWZ0OiAwOyB3aWR0aDogMTAwJTsgaGVpZ2h0OiAwOyBwb3NpdGlvbjogcmVsYXRpdmU7IHBhZGRpbmctYm90dG9tOiA1Ni4wNDE3JTsiJmd0OyZsdDtpZnJhbWUgc3JjPSJodHRwczovL2lmcmFtZWx5LnBhZ2luYTEyLmNvbS5hci9hcGkvaWZyYW1lP2NsaWNrX3RvX3BsYXk9MSZhbXA7dXJsPWh0dHBzJTNBJTJGJTJGZ2VvLmRhaWx5bW90aW9uLmNvbSUyRnBsYXllciUyRnh0NWVlLmh0bWwlM0Z2aWRlbyUzRHg5ZWt0bXkmYW1wO2tleT00Njc2YjVmZGMwODMyNTdlYTg3ZjcxNjA4Yzc0ZTlmZSIgc3R5bGU9InRvcDogMDsgbGVmdDogMDsgd2lkdGg6IDEwMCU7IGhlaWdodDogMTAwJTsgcG9zaXRpb246IGFic29sdXRlOyBib3JkZXI6IDA7IiBhbGxvd2Z1bGxzY3JlZW4gc2Nyb2xsaW5nPSJubyIgYWxsb3c9ImVuY3J5cHRlZC1tZWRpYSAqOyImZ3Q7Jmx0Oy9pZnJhbWUmZ3Q7Jmx0Oy9kaXYmZ3Q7Jmx0Oy9kaXYmZ3Q7Jmx0O2RpdiBjbGFzcz0ibWVkaXVtLWluc2VydC1lbWJlZHMtbWV0YSImZ3Q7Jmx0O3NjcmlwdCB0eXBlPSJ0ZXh0L2pzb24iJmd0O3sidXJsIjoiaHR0cHM6Ly9nZW8uZGFpbHltb3Rpb24uY29tL3BsYXllci94dDVlZS5odG1sP3ZpZGVvPXg5ZWt0bXkiLCJ0eXBlIjoidmlkZW8iLCJ2ZXJzaW9uIjoiMS4wIiwidGl0bGUiOiJMw61kZXJlcyBldXJvcGVvcyBzZSByZcO6bmVuIGVuIFBhcsOtcyBwYXJhIGFib3JkYXIgdW4gcG90ZW5jaWFsIHByb2Nlc28gZGUgcGF6IGVuIFVjcmFuaWEiLCJhdXRob3IiOiJQw6FnaW5hMTIiLCJhdXRob3JfdXJsIjoiaHR0cHM6Ly93d3cuZGFpbHltb3Rpb24uY29tL1BhZ2luYTEyIiwicHJvdmlkZXJfbmFtZSI6IkRhaWx5bW90aW9uIiwiZGVzY3JpcHRpb24iOiJMb3MgcHJpbmNpcGFsZXMgbMOtZGVyZXMgZXVyb3Blb3Mgc2UgZW5jdWVudHJhbiB5YSByZXVuaWRvcyBlbiBQYXLDrXMgZW4gdW5hIGN1bWJyZSBpbmZvcm1hbCBvcmdhbml6YWRhIGRlIHVyZ2VuY2lhIHBvciBlbCBwcmVzaWRlbnRlIGZyYW5jw6lzLCBFbW1hbnVlbCBNYWNyb24sIHBhcmEgZGlzZcOxYXIgc3UgZXN0cmF0ZWdpYSBkZSBjYXJhIGEgdW4gcG90ZW5jaWFsIHByb2Nlc28gZGUgcGF6IGVuIFVjcmFuaWEsIGFudGUgbGEgYWNlbGVyYWNpw7NuIGRlIGNvbnRhY3RvcyBlbnRyZSBFRVVVIHkgUnVzaWEgc2luIGNvbnRhciBjb24gZWxsb3MuICBIYXN0YSBlbCBFbMOtc2VvIHNlIGRlc3BsYXphcm9uIGRpcmlnZW50ZXMgZGUgdmFyaW9zIHBhw61zZXMsIGNvbW8gZWwgY2FuY2lsbGVyIGFsZW3DoW4sIE9sYWYgU2Nob2x6OyBlbCBwcmVzaWRlbnRlIGRlbCBHb2JpZXJubyBlc3Bhw7FvbCwgUGVkcm8gU8OhbmNoZXo7IG8gbG9zIHByaW1lcm9zIG1pbmlzdHJvcyBkZSBQYcOtc2VzIEJham9zLCBEaWNrIFNjaG9vZjsgbyBQb2xvbmlhLCBEb25hbGQgVHVzay4iLCJ0aHVtYm5haWxfdXJsIjoiaHR0cHM6Ly9zMi5kbWNkbi5uZXQvdi9Ydk1LQTFkaXZrcUNEaUxway94NzIwIiwidGh1bWJuYWlsX3dpZHRoIjoxMjgwLCJ0aHVtYm5haWxfaGVpZ2h0Ijo3MjAsImNhY2hlX2FnZSI6ODY0MDB9Jmx0Oy9zY3JpcHQmZ3Q7Jmx0Oy9kaXYmZ3Q7\">\n                <a data-iframely-url=\"\" href=\"https:\/\/geo.dailymotion.com\/player\/xt5ee.html?video=x9ektmy\">https:\/\/geo.dailymotion.com\/player\/xt5ee.html?video=x9ektmy<\/a>\n              <\/div>\n<p>El programa de la reuni\u00f3n del lunes no fue a\u00fan difundido, pero<b> se espera que el debate sobre un Ej\u00e9rcito Europeo est\u00e9 sobre la mesa<\/b>, una hip\u00f3tesis que crea ya reticencias entre los propios pa\u00edses de la Uni\u00f3n Europea. El ministro polaco de Exteriores, Radoslaw Sikorski, afirm\u00f3 que no habr\u00e1 un ej\u00e9rcito europeo que represente la unificaci\u00f3n de las actuales fuerzas armadas nacionales.<\/p>\n<p>El presidente estadounidense, Donald Trump, sorprendi\u00f3 el mi\u00e9rcoles a los europeos al afirmar que hab\u00eda hablado con el presidente ruso, Vladimir Putin, para iniciar conversaciones sobre Ucrania. El anuncio del presidente estadounidense hizo temer a los dirigentes europeos que quedar\u00edan excluidos de las negociaciones para poner fin a la guerra en Ucrania, invadida por Rusia en febrero de 2022.<\/p>\n<p>El presidente ucraniano, Volodimir Zelenski, defendi\u00f3 en la Conferencia de Seguridad de Munich la creaci\u00f3n de unas Fuerza Armadas europeas para defender al continente de Rusia y obligar a Estados Unidos a contar con Europa a la hora de tomar sus decisiones geopol\u00edticas. En la cumbre el enviado especial de Trump para Ucrania, Keith Kellog, afirm\u00f3 en respuesta a una pregunta sobre la participaci\u00f3n europea a las negociaciones: \u00abPertenezco a la escuela realista, no creo que vaya a ocurrir\u00bb.<\/p>\n<p><!-- Live Blog Post --><\/div>\n<p><a href=\"https:\/\/www.pagina12.com.ar\/804493-macron-recibe-este-lunes-a-los-principales-paises-europeos-p\">source<\/a><\/p>\n","protected":false},"excerpt":{"rendered":"<p>Los dirigentes de distintos pa\u00edses europeos se reunir\u00e1n este lunes en Par\u00eds para hablar de&#8230;<\/p>\n","protected":false},"author":0,"featured_media":197520,"comment_status":"open","ping_status":"open","sticky":false,"template":"","format":"standard","meta":{"footnotes":""},"categories":[60],"tags":[],"class_list":["post-197519","post","type-post","status-publish","format-standard","has-post-thumbnail","hentry","category-internacional"],"featured_image_urls":{"full":["https:\/\/radiofenix.com.ar\/2023\/wp-content\/uploads\/wp-header-logo.png",0,0,false],"thumbnail":["https:\/\/radiofenix.com.ar\/2023\/wp-content\/uploads\/wp-header-logo.png",1,1,false],"medium":["https:\/\/radiofenix.com.ar\/2023\/wp-content\/uploads\/wp-header-logo.png",1,1,false],"medium_large":["https:\/\/radiofenix.com.ar\/2023\/wp-content\/uploads\/wp-header-logo.png",1,1,false],"large":["https:\/\/radiofenix.com.ar\/2023\/wp-content\/uploads\/wp-header-logo.png",1,1,false],"1536x1536":["https:\/\/radiofenix.com.ar\/2023\/wp-content\/uploads\/wp-header-logo.png",1,1,false],"2048x2048":["https:\/\/radiofenix.com.ar\/2023\/wp-content\/uploads\/wp-header-logo.png",1,1,false],"newsium-slider-full":["https:\/\/radiofenix.com.ar\/2023\/wp-content\/uploads\/wp-header-logo.png",1,1,false],"newsium-featured":["https:\/\/radiofenix.com.ar\/2023\/wp-content\/uploads\/wp-header-logo.png",1,1,false],"newsium-medium":["https:\/\/radiofenix.com.ar\/2023\/wp-content\/uploads\/wp-header-logo.png",1,1,false]},"author_info":{"info":[""]},"category_info":"<a href=\"https:\/\/radiofenix.com.ar\/2023\/category\/internacional\/\" rel=\"category tag\">Internacional<\/a>","tag_info":"Internacional","comment_count":"0","_links":{"self":[{"href":"https:\/\/radiofenix.com.ar\/2023\/wp-json\/wp\/v2\/posts\/197519","targetHints":{"allow":["GET"]}}],"collection":[{"href":"https:\/\/radiofenix.com.ar\/2023\/wp-json\/wp\/v2\/posts"}],"about":[{"href":"https:\/\/radiofenix.com.ar\/2023\/wp-json\/wp\/v2\/types\/post"}],"replies":[{"embeddable":true,"href":"https:\/\/radiofenix.com.ar\/2023\/wp-json\/wp\/v2\/comments?post=197519"}],"version-history":[{"count":0,"href":"https:\/\/radiofenix.com.ar\/2023\/wp-json\/wp\/v2\/posts\/197519\/revisions"}],"wp:featuredmedia":[{"embeddable":true,"href":"https:\/\/radiofenix.com.ar\/2023\/wp-json\/wp\/v2\/media\/197520"}],"wp:attachment":[{"href":"https:\/\/radiofenix.com.ar\/2023\/wp-json\/wp\/v2\/media?parent=197519"}],"wp:term":[{"taxonomy":"category","embeddable":true,"href":"https:\/\/radiofenix.com.ar\/2023\/wp-json\/wp\/v2\/categories?post=197519"},{"taxonomy":"post_tag","embeddable":true,"href":"https:\/\/radiofenix.com.ar\/2023\/wp-json\/wp\/v2\/tags?post=197519"}],"curies":[{"name":"wp","href":"https:\/\/api.w.org\/{rel}","templated":true}]}}