{"id":197555,"date":"2025-02-21T08:57:38","date_gmt":"2025-02-21T08:57:38","guid":{"rendered":"https:\/\/radiofenix.com.ar\/2023\/el-ejercito-de-israel-dijo-que-el-cuerpo-entregado-no-es-el-de-shiri-bibas\/"},"modified":"2025-02-21T08:57:38","modified_gmt":"2025-02-21T08:57:38","slug":"el-ejercito-de-israel-dijo-que-el-cuerpo-entregado-no-es-el-de-shiri-bibas","status":"publish","type":"post","link":"https:\/\/radiofenix.com.ar\/2023\/el-ejercito-de-israel-dijo-que-el-cuerpo-entregado-no-es-el-de-shiri-bibas\/","title":{"rendered":"El Ej\u00e9rcito de Israel dijo que el cuerpo entregado no es el de Shiri Bibas"},"content":{"rendered":"<div><!-- Body --><\/p>\n<p><b>Hamas entreg\u00f3 este jueves<\/b>\u00a0en la <a href=\"https:\/\/www.pagina12.com.ar\/tags\/37292-franja-de-gaza\"><b>Franja de Gaza<\/b><\/a> cuatro ata\u00fades que el movimiento islamista palestino dijeron que conten\u00edan\u00a0<b>los restos mortales de <a href=\"https:\/\/www.pagina12.com.ar\/804902-hamas-anuncio-que-el-jueves-entregara-los-cuerpos-de-la-fami\">Shiri Bibas, de origen argentino, y sus dos hijos peque\u00f1os<\/a>, Ariel y Kfir, as\u00ed como los de Oded Lifshitz<\/b>, quien ten\u00eda 83 a\u00f1os cuando fue capturado.<\/p>\n<p>Sin embargo, tras realizar tareas de identificaci\u00f3n en el <b>Centro Nacional de Medicina Forense y la Polic\u00eda de Israel <\/b> en Tel Aviv el ej\u00e9rcito israel\u00ed confirm\u00f3 que tres de los cuerpos entregados corresponden a Lifshitz y a Ariel y Kfir Bibas, pero afirm\u00f3 que el cuarto cuerpo no es de Shiri Bibas. <\/p>\n<h2>\u00abCuerpo an\u00f3nimo\u00bb<\/h2>\n<p>\u00abDurante el proceso de identificaci\u00f3n, se encontr\u00f3 que <b>el cuerpo adicional recibido no era el de Shiri Bibas y no se hall\u00f3 coincidencia con ning\u00fan otro secuestrado. <\/b>Es un cuerpo an\u00f3nimo sin identificaci\u00f3n\u00bb se\u00f1al\u00f3 en un comunicado. \u00abRepresentantes de las FDI iformaron ala familia Bibas que sus seres queridos, Ariel y Kfir Bibas, de bendita memoria, han sido identificados.\u00bb\u00a0<\/p>\n<p>La Oficina del primer ministro israel\u00ed,<b> Benjam\u00edn Netanyahu<\/b>, se\u00f1al\u00f3 que la familia Lifshitz tambi\u00e9n hab\u00eda sido informada de la identificaci\u00f3n del cuerpo de Oded. \u00abRepresentantes del Ej\u00e9rcito de Israel informaron recientemente a la familia Lifshitz de que su ser querido, el difunto Oded Lifshitz, fue asesinado en cautiverio por la organizaci\u00f3n terrorista Yihad Isl\u00e1mica Palestina\u00bb, detall\u00f3 en un comunicado<\/p>\n<p>Lifshitz fue periodista durante muchos a\u00f1os, pacifista y uno de los cofundadores del kibutz de Nir Oz, ubicado a apenas 1,5 kil\u00f3metros de la divisoria con Gaza y una de las zonas m\u00e1s afectadas por el ataque de Hamas el 7 de octubre de 2023, en el que alrededor de 1.200 personas murieron y otras 251 fueron secuestradas en territorio israel\u00ed. Padre de cuatro hijos, abuelo y bisabuelo, el hombre tambi\u00e9n era conocido por transportar a pacientes con c\u00e1ncer desde el enclave palestino a hospitales israel\u00edes para recibir tratamiento oncol\u00f3gico.<\/p>\n<h2>La entrega de los cuerpos<\/h2>\n<p>Antes de entregar los cuerpos a la Cruz Roja, combatientes encapuchados y armados de Ham\u00e1s <b>expusieron en un escenario<\/b> en Jan Yunis (sur de Gaza) <b>los cuatro ata\u00fades <\/b>con las im\u00e1genes de cada uno de los rehenes. Detr\u00e1s, <b>se pod\u00eda ver un cartel que dec\u00eda \u00abEl criminal de guerra Netanyahu y su armada nazi los mataron con misiles desde aviones sionistas\u00bb<\/b>,\u00a0junto a una imagen del primer ministro israel\u00ed caricaturizado con colmillos y manchas de sangre.<\/p>\n<p><img decoding=\"async\" src=\"https:\/\/ninja.octubre.com\/sites\/default\/files\/2025-02\/WEB-BIBAS.jpg\" alt=\"null\"\/><\/p>\n<p>En repudio a la exposici\u00f3n de los ata\u00fades, <b>Netanyahu <\/b>afirm\u00f3 que Israel est\u00e1 enfurecido con Hamas. <b>\u00abTraeremos de vuelta a todos nuestros rehenes, destruiremos a los asesinos, eliminaremos a Hamas y, juntos, con la ayuda de Dios, garantizaremos nuestro futuro\u00bb<\/b>, expres\u00f3 el premier en un video compartido en redes sociales.\u00a0\u00abNuestros corazones est\u00e1n rotos, pero nuestros esp\u00edritus no\u00bb, remarc\u00f3.<\/p>\n<p>El Comit\u00e9 Internacional de la Cruz Roja (CICR), que facilita los canjes de rehenes por prisioneros entre Hamas e Israel, reiter\u00f3 que la devoluci\u00f3n de los restos de rehenes cautivos en Gaza debe realizarse en privado, \u00abEstas operaciones deben realizarse en privado por el m\u00e1ximo respeto al fallecido y a los dolientes\u00bb, afirm\u00f3 el organismo en un comunicado. \u00abHemos sido inequ\u00edvocos: todas las liberaciones, tanto de vivos como de fallecidos, deben realizarse con dignidad y privacidad\u00bb, a\u00f1adi\u00f3.<\/p>\n<p>Por su parte, <b>Hamas afirm\u00f3 que ha trabajado para respetar la santidad de los muertos y los sentimientos de las familias durante la ceremonia <\/b>para la entrega de los cad\u00e1veres. \u00abPreservamos la vida de los prisioneros de la ocupaci\u00f3n (en referencia a Israel), les dimos lo que pudimos y los tratamos con humanidad, pero su Ej\u00e9rcito los mat\u00f3 junto a sus captores\u00bb, denunci\u00f3 el grupo islamista en un comunicado, recogido por el diario palestino <i>Filastin<\/i>.<\/p>\n<p>Mientras tanto, cientos de personas se congregaron en el cruce fronterizo de Kissufim, en el sur de Israel, para ondear banderas en tributo a los cuatro rehenes muertos y acompa\u00f1ar a la comitiva que transport\u00f3 los restos durante todo el recorrido hacia Tel Aviv. Mientras tanto en la \u00abPlaza de los rehenes\u00bb, el lugar habitual de las protestas para exigir la liberaci\u00f3n de los rehenes, varias pantallas gigantes proyectaron fotos de la familia Bibas y de Lifshitz.<\/p>\n<div class=\"iframely-embed medium-embedded-content\" data-html=\"Jmx0O2RpdiZndDsmbHQ7ZGl2IHN0eWxlPSJsZWZ0OiAwOyB3aWR0aDogMTAwJTsgaGVpZ2h0OiAwOyBwb3NpdGlvbjogcmVsYXRpdmU7IHBhZGRpbmctYm90dG9tOiA1Ni4wNDE3JTsiJmd0OyZsdDtpZnJhbWUgc3JjPSJodHRwczovL2lmcmFtZWx5LnBhZ2luYTEyLmNvbS5hci9hcGkvaWZyYW1lP2NsaWNrX3RvX3BsYXk9MSZhbXA7dXJsPWh0dHBzJTNBJTJGJTJGZ2VvLmRhaWx5bW90aW9uLmNvbSUyRnBsYXllciUyRnh0NWVlLmh0bWwlM0Z2aWRlbyUzRHg5ZXI4b2UmYW1wO2tleT00Njc2YjVmZGMwODMyNTdlYTg3ZjcxNjA4Yzc0ZTlmZSIgc3R5bGU9InRvcDogMDsgbGVmdDogMDsgd2lkdGg6IDEwMCU7IGhlaWdodDogMTAwJTsgcG9zaXRpb246IGFic29sdXRlOyBib3JkZXI6IDA7IiBhbGxvd2Z1bGxzY3JlZW4gc2Nyb2xsaW5nPSJubyIgYWxsb3c9ImVuY3J5cHRlZC1tZWRpYSAqOyImZ3Q7Jmx0Oy9pZnJhbWUmZ3Q7Jmx0Oy9kaXYmZ3Q7Jmx0Oy9kaXYmZ3Q7Jmx0O2RpdiBjbGFzcz0ibWVkaXVtLWluc2VydC1lbWJlZHMtbWV0YSImZ3Q7Jmx0O3NjcmlwdCB0eXBlPSJ0ZXh0L2pzb24iJmd0O3sidXJsIjoiaHR0cHM6Ly9nZW8uZGFpbHltb3Rpb24uY29tL3BsYXllci94dDVlZS5odG1sP3ZpZGVvPXg5ZXI4b2UiLCJ0eXBlIjoidmlkZW8iLCJ2ZXJzaW9uIjoiMS4wIiwidGl0bGUiOiJGYW1pbGlhcmVzIHkgY2l1ZGFkYW5vcyBzZSBjb25ncmVnYW4gZW4gS2lzc3VmaW0gYW50ZSBlbCBwYXNvIGRlIGxvcyB2ZWjDrWN1bG9zIGNvbiBsb3MgY2Fkw6F2ZXJlcyBlbnRyZWdhZG9zIHBvciBIYW3DoXMiLCJhdXRob3IiOiJQw6FnaW5hMTIiLCJhdXRob3JfdXJsIjoiaHR0cHM6Ly93d3cuZGFpbHltb3Rpb24uY29tL1BhZ2luYTEyIiwicHJvdmlkZXJfbmFtZSI6IkRhaWx5bW90aW9uIiwiZGVzY3JpcHRpb24iOiJBbWlnb3MsIGZhbWlsaWFyZXMgeSBjaXVkYWRhbm9zIGVuIGdlbmVyYWwgc2UgY29uY2VudHJhbiBlbiBLaXNzdWZpbSwgY2VyY2EgZGUgbGEgZnJvbnRlcmEgY29uIEdhemEgeSBwb3IgZG9uZGUgY3J1emFyw6FuIGxvcyB2ZWjDrWN1bG9zIHF1ZSBsbGV2YW4gbG9zIGN1YXRybyBjYWTDoXZlcmVzIGRlIGxvcyByZWhlbmVzIHF1ZSBIYW3DoXMgZW50cmVnYSBlc3RlIGp1ZXZlcyBhIHN1IHBhc28gZWwgQ2VudHJvIEZvcmVuc2UgTmFjaW9uYWwgZGUgVGVsIEF2aXYuICAxOS8yLzIwMjUgIENyw6lkaXRvOiBFRkUgLyBNQUdEQSBHSUJFTExJIiwidGh1bWJuYWlsX3VybCI6Imh0dHBzOi8vczIuZG1jZG4ubmV0L3YvWHdWUWsxZGpxV3Y3Y0tzN2YveDcyMCIsInRodW1ibmFpbF93aWR0aCI6MTI4MCwidGh1bWJuYWlsX2hlaWdodCI6NzIwLCJjYWNoZV9hZ2UiOjg2NDAwfSZsdDsvc2NyaXB0Jmd0OyZsdDsvZGl2Jmd0Ow==\">\n                <a data-iframely-url=\"\" href=\"https:\/\/geo.dailymotion.com\/player\/xt5ee.html?video=x9er8oe\">https:\/\/geo.dailymotion.com\/player\/xt5ee.html?video=x9er8oe<\/a>\n              <\/div>\n<h2>Los intercambios entre Israel y Hamas<\/h2>\n<p>La entrega de los restos de Lifshitz y de parte de la familia Bibas tuvo lugar <b>dos d\u00edas antes de que Hamas libere a otros seis rehenes que siguen con vida<\/b>, identificados como Tal Shoham, Omer Shem-Tov, Eliya Cohen, Omer Wenkert, Avera Mengistu y Hisham al Sayed. Luego de esas liberaciones, <b>Israel proceder\u00e1 a una nueva tanda de excarcelaciones de palestinos, a\u00fan sin un n\u00famero espec\u00edfico<\/b>.<\/p>\n<p>Mengistu, un et\u00edope-israel\u00ed, y Al Sayed, un beduino israel\u00ed, fueron secuestrados en 2014 y 2015, respectivamente, despu\u00e9s de ingresar a la Franja por su cuenta, tras lo cual fueron detenidos y puestos bajo custodia de Hamas. De esta forma, ambos llevan casi una d\u00e9cada retenidos en el enclave palestino.<\/p>\n<p>Hamas afirm\u00f3 que los seis son los \u00fanicos de la lista de 33 pactada para la primera fase del alto el fuego en Gaza, en vigor desde el 19 de enero, que siguen sin vida. Los otros rehenes de la lista son Itzik Elgarat, Shlomo Mantzur, Ohad Yahalomi y Tsahi Idan, si bien las autoridades de Israel s\u00f3lo han confirmado oficialmente la muerte de Mantzur. A cambio de esa treintena de rehenes, Israel debe liberar a 1.900 palestinos presos, de los que hasta ahora lleva alrededor de 1.100 excarcelados.<\/p>\n<h2>Palestinos muertos pese a la tregua<\/h2>\n<p>Las negociaciones indirectas de la segunda fase, que deber\u00eda poner fin a la guerra, se retrasaron, con Israel y Hamas acus\u00e1ndose mutuamente de violar el alto al fuego. Seg\u00fan cifras que publica diariamente el Ministerio de Sanidad gazat\u00ed, <b>m\u00e1s de 40 palestinos han muerto por fuego israel\u00ed desde que entr\u00f3 en vigor la tregua<\/b>. Sin ir m\u00e1s lejos, este jueves fuentes del hospital Al Ahli de la Franja y la agencia palestina de noticias <i>WAFA <\/i>indicaron que las fuerzas israel\u00edes mataron en el barrio Shujaiya de Gaza a un joven palestino de 23 a\u00f1os, llamado Mohammed Obaid, cuando regres\u00f3 para ver c\u00f3mo estaba su casa.<\/p>\n<p>El Ej\u00e9rcito israel\u00ed inform\u00f3 en un comunicado de que sus militares abrieron fuego para repeler a varios sospechosos que se acercaron a las fuerzas que operaban en varias zonas de la Franja de Gaza y representaban una amenaza para ellas. \u00abEn el norte de la Franja identificaron a varios sospechosos que se acercaban a ellos y dispararon para ahuyentarlos y, al ver que uno de los sospechosos sigui\u00f3 avanzando hacia la fuerza y \u200b\u200brepresent\u00f3 una amenaza inmediata para ellos, le dispararon m\u00e1s tiros para eliminarlo\u00bb, argument\u00f3 la nota castrense.<\/p>\n<p>El mi\u00e9rcoles, las fuerzas israel\u00edes mataron por disparos a un joven de 16 a\u00f1os, identificado como Mahmud Ibrahim Abu Zakar, en la zona de Rafah, en el extremo sur de la Franja de Gaza. Tras estas muertes,<b> la cartera de sanidad gazat\u00ed elev\u00f3 a m\u00e1s de 48.319 el n\u00famero de muertos y a 11.749 la cantidad de heridos<\/b>, desde el comienzo de la guerra en octubre de 2023. Asimismo, subray\u00f3 que a\u00fan hay v\u00edctimas bajo los escombros y tiradas en las calles, ya que las ambulancias y los equipos de Protecci\u00f3n Civil no pueden llegar hasta ellos, antes de pedir a los familiares de los desaparecidos y los muertos que inscriban sus nombres en el listado oficial para intentar completar el balance de la forma m\u00e1s precisa posible.<\/p>\n<p>El futuro del enclave tras el conflicto es igualmente objeto de intensas discusiones, especialmente despu\u00e9s de que el presidente de Estados Unidos, Donald Trump, planteara un desplazamiento forzoso de poblaci\u00f3n palestina a pa\u00edses de la regi\u00f3n e incluso pusiera sobre la mesa que Washington controle el territorio, algo rechazado ya por la Autoridad Palestina, Hamas, otras facciones palestinas y la mayor\u00eda de la comunidad internacional.<\/p>\n<h2><\/h2>\n<p><!-- Live Blog Post --><\/div>\n<p><a href=\"https:\/\/www.pagina12.com.ar\/805410-hamas-entrego-a-israel-los-cuerpos-de-la-familia-bibas\">source<\/a><\/p>\n","protected":false},"excerpt":{"rendered":"<p>Hamas entreg\u00f3 este jueves\u00a0en la Franja de Gaza cuatro ata\u00fades que el movimiento islamista palestino&#8230;<\/p>\n","protected":false},"author":0,"featured_media":197556,"comment_status":"open","ping_status":"open","sticky":false,"template":"","format":"standard","meta":{"footnotes":""},"categories":[60],"tags":[],"class_list":["post-197555","post","type-post","status-publish","format-standard","has-post-thumbnail","hentry","category-internacional"],"featured_image_urls":{"full":["https:\/\/radiofenix.com.ar\/2023\/wp-content\/uploads\/wp-header-logo.png",0,0,false],"thumbnail":["https:\/\/radiofenix.com.ar\/2023\/wp-content\/uploads\/wp-header-logo.png",1,1,false],"medium":["https:\/\/radiofenix.com.ar\/2023\/wp-content\/uploads\/wp-header-logo.png",1,1,false],"medium_large":["https:\/\/radiofenix.com.ar\/2023\/wp-content\/uploads\/wp-header-logo.png",1,1,false],"large":["https:\/\/radiofenix.com.ar\/2023\/wp-content\/uploads\/wp-header-logo.png",1,1,false],"1536x1536":["https:\/\/radiofenix.com.ar\/2023\/wp-content\/uploads\/wp-header-logo.png",1,1,false],"2048x2048":["https:\/\/radiofenix.com.ar\/2023\/wp-content\/uploads\/wp-header-logo.png",1,1,false],"newsium-slider-full":["https:\/\/radiofenix.com.ar\/2023\/wp-content\/uploads\/wp-header-logo.png",1,1,false],"newsium-featured":["https:\/\/radiofenix.com.ar\/2023\/wp-content\/uploads\/wp-header-logo.png",1,1,false],"newsium-medium":["https:\/\/radiofenix.com.ar\/2023\/wp-content\/uploads\/wp-header-logo.png",1,1,false]},"author_info":{"info":[""]},"category_info":"<a href=\"https:\/\/radiofenix.com.ar\/2023\/category\/internacional\/\" rel=\"category tag\">Internacional<\/a>","tag_info":"Internacional","comment_count":"0","_links":{"self":[{"href":"https:\/\/radiofenix.com.ar\/2023\/wp-json\/wp\/v2\/posts\/197555","targetHints":{"allow":["GET"]}}],"collection":[{"href":"https:\/\/radiofenix.com.ar\/2023\/wp-json\/wp\/v2\/posts"}],"about":[{"href":"https:\/\/radiofenix.com.ar\/2023\/wp-json\/wp\/v2\/types\/post"}],"replies":[{"embeddable":true,"href":"https:\/\/radiofenix.com.ar\/2023\/wp-json\/wp\/v2\/comments?post=197555"}],"version-history":[{"count":0,"href":"https:\/\/radiofenix.com.ar\/2023\/wp-json\/wp\/v2\/posts\/197555\/revisions"}],"wp:featuredmedia":[{"embeddable":true,"href":"https:\/\/radiofenix.com.ar\/2023\/wp-json\/wp\/v2\/media\/197556"}],"wp:attachment":[{"href":"https:\/\/radiofenix.com.ar\/2023\/wp-json\/wp\/v2\/media?parent=197555"}],"wp:term":[{"taxonomy":"category","embeddable":true,"href":"https:\/\/radiofenix.com.ar\/2023\/wp-json\/wp\/v2\/categories?post=197555"},{"taxonomy":"post_tag","embeddable":true,"href":"https:\/\/radiofenix.com.ar\/2023\/wp-json\/wp\/v2\/tags?post=197555"}],"curies":[{"name":"wp","href":"https:\/\/api.w.org\/{rel}","templated":true}]}}