{"id":197559,"date":"2025-02-21T08:57:42","date_gmt":"2025-02-21T08:57:42","guid":{"rendered":"https:\/\/radiofenix.com.ar\/2023\/el-jockey-fue-la-gran-ganadora-de-los-condor-de-plata\/"},"modified":"2025-02-21T08:57:42","modified_gmt":"2025-02-21T08:57:42","slug":"el-jockey-fue-la-gran-ganadora-de-los-condor-de-plata","status":"publish","type":"post","link":"https:\/\/radiofenix.com.ar\/2023\/el-jockey-fue-la-gran-ganadora-de-los-condor-de-plata\/","title":{"rendered":"&quot;El jockey&quot; fue la gran ganadora de los C\u00f3ndor de Plata"},"content":{"rendered":"<div><!-- Body --><\/p>\n<p><b><i>El jockey<\/i> <\/b>no pudo en la categor\u00eda de Mejor Film Internacional del Oscar, donde no pas\u00f3 el primer corte de quince seleccionadas, ni en el Goya del cine espa\u00f1ol, en el que cay\u00f3 en el rubro Pel\u00edcula Iberoamericana contra la brasile\u00f1a <i>A\u00fan estoy aqu\u00ed<\/i>, de Walter Salles. Distinta fue su suerte de local, ya que fue la gran protagonista de la 72\u00aa edici\u00f3n de los <b>Premios C\u00f3ndor de Plata<\/b>, <b>el reconocimiento de la Asociaci\u00f3n de Cronistas Cinematogr\u00e1ficos de Argentina<\/b>, cuyos ganadores se anunciaron este jueves y englobaron al cine y las series nacionales de 2023 y 2024. <\/p>\n<p>La pel\u00edcula de <b>Luis Ortega<\/b> lider\u00f3 la tabla general con siete estatuillas sobre quince nominaciones, incluyendo las de Mejor Pel\u00edcula y Mejor Direcci\u00f3n, seguida por <b><i>Blondi<\/i>, de Dolores Fonzi, y <i>Puan<\/i>, de Mar\u00eda Alch\u00e9 y Benjam\u00edn Naishtat, con tres cada una<\/b>. Por el lado de las series, los principales galardones fueron para <b><i>Croma\u00f1\u00f3n<\/i>, que acumul\u00f3 ocho premios, mientras que <i>Coppola, el representante<\/i> y <i>Envidiosa<\/i> se quedaron con cinco y cuatro<\/b>, respectivamente. La ceremonia de entrega de los C\u00f3ndor a los ganadores se realizar\u00e1 el 10 de marzo a las 19 en el Parque de la Innovaci\u00f3n de la Ciudad de Buenos Aires.<\/p>\n<div class=\"iframely-embed medium-embedded-content\" data-html=\"Jmx0O2RpdiZndDsmbHQ7ZGl2IHN0eWxlPSJsZWZ0OiAwOyB3aWR0aDogMTAwJTsgaGVpZ2h0OiAwOyBwb3NpdGlvbjogcmVsYXRpdmU7IHBhZGRpbmctYm90dG9tOiA1Ni4yNSU7IiZndDsmbHQ7aWZyYW1lIHNyYz0iaHR0cHM6Ly9pZnJhbWVseS5wYWdpbmExMi5jb20uYXIvYXBpL2lmcmFtZT9jbGlja190b19wbGF5PTEmYW1wO3VybD1odHRwcyUzQSUyRiUyRmdlby5kYWlseW1vdGlvbi5jb20lMkZwbGF5ZXIlMkZ4dDVlZS5odG1sJTNGdmlkZW8lM0R4OTYza3lnJmFtcDtrZXk9NDY3NmI1ZmRjMDgzMjU3ZWE4N2Y3MTYwOGM3NGU5ZmUiIHN0eWxlPSJ0b3A6IDA7IGxlZnQ6IDA7IHdpZHRoOiAxMDAlOyBoZWlnaHQ6IDEwMCU7IHBvc2l0aW9uOiBhYnNvbHV0ZTsgYm9yZGVyOiAwOyIgYWxsb3dmdWxsc2NyZWVuIHNjcm9sbGluZz0ibm8iIGFsbG93PSJlbmNyeXB0ZWQtbWVkaWEgKjsiJmd0OyZsdDsvaWZyYW1lJmd0OyZsdDsvZGl2Jmd0OyZsdDsvZGl2Jmd0OyZsdDtkaXYgY2xhc3M9Im1lZGl1bS1pbnNlcnQtZW1iZWRzLW1ldGEiJmd0OyZsdDtzY3JpcHQgdHlwZT0idGV4dC9qc29uIiZndDt7InVybCI6Imh0dHBzOi8vZ2VvLmRhaWx5bW90aW9uLmNvbS9wbGF5ZXIveHQ1ZWUuaHRtbD92aWRlbz14OTYza3lnIiwidHlwZSI6InZpZGVvIiwidmVyc2lvbiI6IjEuMCIsInRpdGxlIjoiRWwgSm9ja2V5ICgyMDI0KSwgZGUgTHVpcyBPcnRlZ2EgfCBUcmFpbGVyIiwiYXV0aG9yIjoiUMOhZ2luYTEyIiwiYXV0aG9yX3VybCI6Imh0dHBzOi8vd3d3LmRhaWx5bW90aW9uLmNvbS9QYWdpbmExMiIsInByb3ZpZGVyX25hbWUiOiJEYWlseW1vdGlvbiIsImRlc2NyaXB0aW9uIjoiUmVtbyBNYW5mcmVkaW5pIGVzIHVuIGpvY2tleSBsZWdlbmRhcmlvLCBwZXJvIHN1IGNvbXBvcnRhbWllbnRvIGF1dG9kZXN0cnVjdGl2byBjb21pZW56YSBhIGVjbGlwc2FyIHN1IHRhbGVudG8geSBhbWVuYXphIHN1IHJlbGFjacOzbiBjb24gc3Ugbm92aWEgQWJyaWwuIEVsIGTDrWEgZGUgbGEgY2FycmVyYSBtw6FzIGltcG9ydGFudGUgZGUgc3UgY2FycmVyYSwgcXVlIGxvIGxpYmVyYXLDoSBkZSBzdXMgZGV1ZGFzIGNvbiBzdSBqZWZlIG1hZmlvc28gU2lyZW5hLCBzdWZyZSB1biBncmF2ZSBhY2NpZGVudGUsIGRlc2FwYXJlY2UgZGVsIGhvc3BpdGFsIHkgZGVhbWJ1bGEgcG9yIGxhcyBjYWxsZXMgZGUgQnVlbm9zIEFpcmVzLiBMaWJyZSBkZSBzdSBpZGVudGlkYWQsIGNvbWllbnphIGEgZGVzY3VicmlyIHF1acOpbiBlc3TDoSBkZXN0aW5hZG8gYSBzZXIgZW4gcmVhbGlkYWQuIFBlcm8gU2lyZW5hIHF1aWVyZSBlbmNvbnRyYXJsbywgdml2byBvIG11ZXJ0by4gIENyw6lkaXRvOiBDb3Byb2R1Y2Npw7NuIEFyZ2VudGluYS1Nw6l4aWNvLUVzcGHDsWEtRGluYW1hcmNhLUVzdGFkb3MgVW5pZG9zOyBSZWkgQ2luZSwgRWwgRGVzcGFjaG8gUHJvZHVrdGllcywgSW5maW5pdHkgSGlsbCwgRXhpbGUgQ29udGVudCBTdHVkaW8sIFdhcm5lciBNdXNpYyIsInRodW1ibmFpbF91cmwiOiJodHRwczovL3MxLmRtY2RuLm5ldC92L1gzMVJPMWQxSEFnYkstcnZGL3g3MjAiLCJ0aHVtYm5haWxfd2lkdGgiOjEyODAsInRodW1ibmFpbF9oZWlnaHQiOjcyMCwiY2FjaGVfYWdlIjo2MH0mbHQ7L3NjcmlwdCZndDsmbHQ7L2RpdiZndDs=\">\n                <a data-iframely-url=\"\" href=\"https:\/\/geo.dailymotion.com\/player\/xt5ee.html?video=x963kyg\">https:\/\/geo.dailymotion.com\/player\/xt5ee.html?video=x963kyg<\/a>\n              <\/div>\n<p>Estrenada en el Festival de Venecia y exhibida en los de Toronto y San Sebasti\u00e1n, <i>El jockey<\/i>\u00a0tiene como personaje a Remo Manfredini, una leyenda del turf con una conducta exc\u00e9ntrica y autodestructiva que comienza a eclipsar su talento, al punto de provocarle a un accidente que lo lleva a adoptar una nueva identidad. El turfista est\u00e1 interpretado por <b>Nahuel P\u00e9rez Biscayart<\/b>, que gan\u00f3 el C\u00f3ndor a Actor protag\u00f3nico ex aqueo con Marcelo Subiotto por su labor en <i>Puan<\/i>, donde compone a un profesor de Filosof\u00eda que libra una batalla contra un colega que acaba de volver de Europa por ocupar el cargo de Jefe de C\u00e1tedra luego de la muerte de su titular.<\/p>\n<p>Quiz\u00e1s para que no se repita la disputa de la ficci\u00f3n, el hombre detr\u00e1s del profe reci\u00e9n llegado, <b>Leo Sbaraglia<\/b>, tambi\u00e9n fue reconocido, en su caso en la categor\u00eda Actor de Reparto. <i>Puan<\/i> fue una de las tres pel\u00edculas que le valieron a Mariana Mitre y Katia Szechtman la estatuilla a Mejor Direcci\u00f3n de Casting. Las otras dos fueron <i>Blondi<\/i> y <i>Alemania<\/i>. El debut en la realizaci\u00f3n de Dolores Fonzi tambi\u00e9n se impuso en los rubros Mejor \u00d3pera Prima \u2013compartido con <i>Sim\u00f3n de la monta\u00f1a<\/i>, de Federico Luis\u2013, Actriz de Reparto para Rita Cortese y Revelaci\u00f3n Masculina para Toto Rovito. <\/p>\n<div class=\"medium-insert-embeds\">\n<figure>\n<div class=\"medium-insert-embed\">\n<div align=\"center\">\n<figure role=\"group\" class=\"caption caption-div embedded-entity\"><figcaption>\u00abBlondi\u00bb tambi\u00e9n fue reconocida por los C\u00f3ndor.<\/figcaption><\/figure>\n<\/div><\/div>\n<\/figure>\n<\/div>\n<p>En la rama femenina de esa categor\u00eda gan\u00f3 <b>Almudena Gonz\u00e1lez por <i>El viento que arrasa<\/i><\/b>, cuyo guion \u2013basado en la novela de Selva Almada\u2013 le vali\u00f3 la estatuilla de Mejor Adaptaci\u00f3n. Otra pel\u00edcula que meti\u00f3 doblete fue <i>El juicio<\/i>, de Ulises de la Orden y realizado con material de archivo (en gran parte in\u00e9dito) del Juicio a las Juntas Militares, al ganar como Mejor Documental y Mejor Montaje.<\/p>\n<p>Adem\u00e1s de Mejor Pel\u00edcula, Direcci\u00f3n y Actor, <i>El jockey<\/i> triunf\u00f3 en Direcci\u00f3n de Fotograf\u00eda, M\u00fasica Original, Direcci\u00f3n de Arte y Dise\u00f1o de Vestuario, completando as\u00ed un score de siete premios sobre quince nominaciones. Distinta fue la suerte de <i>Cuando acecha la maldad<\/i>, que tradujo sus trece candidaturas en s\u00f3lo dos triunfos: Mejor Dise\u00f1o de sonido y Mejor Maquillaje y peluquer\u00eda. <i>Trenque Lauquen<\/i>, una de las pel\u00edculas m\u00e1s reputadas del circuito de festivales de 2023, se qued\u00f3 con dos de los once C\u00f3ndor a los que aspiraba: Actriz protag\u00f3nica para Laura Paredes y Guion Original. <i>Los colonos<\/i>, del chileno Felipe G\u00e1lvez, se impuso como Mejor Coproducci\u00f3n con la Argentina, mientras que <i>Un movimiento extra\u00f1o<\/i>, de Francisco Lezama, fue elegido como el Mejor Corto. <\/p>\n<p><b>La disputa en las series<\/b><\/p>\n<p>Es muy probable que el hecho central que aborda <i>Croma\u00f1\u00f3n<\/i> \u2013el incendio del boliche durante el recital de Callejeros del ante\u00faltimo d\u00eda de 2004\u2013 haya tocado alguna fibra sensible en los 80 electores del C\u00f3ndor. Lo cierto es que la serie de Prime Video hab\u00eda acumulado 22 nominaciones, mientras que <i>Cris Mir\u00f3 (Ella)<\/i>, con 12, y <i>Envidiosa<\/i>, con 10, hab\u00edan completado el podio, por delante de <i>Coppola, el representante<\/i> y la segunda temporada de <i>Iosi, el esp\u00eda arrepentido<\/i>, ambas con nueve. <\/p>\n<div class=\"iframely-embed medium-embedded-content\" data-html=\"Jmx0O2RpdiZndDsmbHQ7ZGl2IHN0eWxlPSJsZWZ0OiAwOyB3aWR0aDogMTAwJTsgaGVpZ2h0OiAwOyBwb3NpdGlvbjogcmVsYXRpdmU7IHBhZGRpbmctYm90dG9tOiA1Ni4wNDE3JTsiJmd0OyZsdDtpZnJhbWUgc3JjPSJodHRwczovL2lmcmFtZWx5LnBhZ2luYTEyLmNvbS5hci9hcGkvaWZyYW1lP2NsaWNrX3RvX3BsYXk9MSZhbXA7dXJsPWh0dHBzJTNBJTJGJTJGZ2VvLmRhaWx5bW90aW9uLmNvbSUyRnBsYXllciUyRnh0NWVlLmh0bWwlM0Z2aWRlbyUzRHg5MWE3dm0mYW1wO2tleT00Njc2YjVmZGMwODMyNTdlYTg3ZjcxNjA4Yzc0ZTlmZSIgc3R5bGU9InRvcDogMDsgbGVmdDogMDsgd2lkdGg6IDEwMCU7IGhlaWdodDogMTAwJTsgcG9zaXRpb246IGFic29sdXRlOyBib3JkZXI6IDA7IiBhbGxvd2Z1bGxzY3JlZW4gc2Nyb2xsaW5nPSJubyIgYWxsb3c9ImVuY3J5cHRlZC1tZWRpYSAqOyImZ3Q7Jmx0Oy9pZnJhbWUmZ3Q7Jmx0Oy9kaXYmZ3Q7Jmx0Oy9kaXYmZ3Q7Jmx0O2RpdiBjbGFzcz0ibWVkaXVtLWluc2VydC1lbWJlZHMtbWV0YSImZ3Q7Jmx0O3NjcmlwdCB0eXBlPSJ0ZXh0L2pzb24iJmd0O3sidXJsIjoiaHR0cHM6Ly9nZW8uZGFpbHltb3Rpb24uY29tL3BsYXllci94dDVlZS5odG1sP3ZpZGVvPXg5MWE3dm0iLCJ0eXBlIjoidmlkZW8iLCJ2ZXJzaW9uIjoiMS4wIiwidGl0bGUiOiJDcmlzIE1pcsOzIChFbGxhKSAoMjAyNCksIGRlIEphdmllciBWYW4gRGUgQ291dGVyIHkgTWFydGluIFZhdGVuYmVyZyB8IFRyaWFsZXIiLCJhdXRob3IiOiJQw6FnaW5hMTIiLCJhdXRob3JfdXJsIjoiaHR0cHM6Ly93d3cuZGFpbHltb3Rpb24uY29tL1BhZ2luYTEyIiwicHJvdmlkZXJfbmFtZSI6IkRhaWx5bW90aW9uIiwiZGVzY3JpcHRpb24iOiJFbCB2aWFqZSBkZSBDcmlzIE1pcsOzIGNvbW8gbGEgcHJpbWVyYSB2ZWRldHRlIHRyYW5zIGRlIEFyZ2VudGluYSBlbiAxOTk1LCBhcnJvamFuZG8gbHV6IHNvYnJlIGxhIGNvbXVuaWRhZCB0cmFucy4gQSBwZXNhciBkZSBsYXMgZGlmaWN1bHRhZGVzLCBhYnJhesOzIHN1IHZlcmRhZGVybyB5byBoYXN0YSBzdSBwcmVtYXR1cm8gZmFsbGVjaW1pZW50bywgZGVqYW5kbyB1biBsZWdhZG8gZGUgaW5zcGlyYWNpw7NuIHkgYWNlcHRhY2nDs24uICBDcsOpZGl0bzogRU8gTWVkaWEsIE5hdGl2YSBDb250ZW5pZG9zLCBGbG93LCBUTlQgTGF0aW4gQW1lcmljYSwgTWF4IiwidGh1bWJuYWlsX3VybCI6Imh0dHBzOi8vczIuZG1jZG4ubmV0L3YvV2FBalkxZFFFQldwcjFrRkEveDcyMCIsInRodW1ibmFpbF93aWR0aCI6MTI4MCwidGh1bWJuYWlsX2hlaWdodCI6NzIwLCJjYWNoZV9hZ2UiOjg2NDAwfSZsdDsvc2NyaXB0Jmd0OyZsdDsvZGl2Jmd0Ow==\">\n                <a data-iframely-url=\"\" href=\"https:\/\/geo.dailymotion.com\/player\/xt5ee.html?video=x91a7vm\">https:\/\/geo.dailymotion.com\/player\/xt5ee.html?video=x91a7vm<\/a>\n              <\/div>\n<p><b><i>Croma\u00f1\u00f3n<\/i> convirti\u00f3 esas 22 nominaciones en ocho estatuillas<\/b>: Mejor Miniserie, Actor de reparto para Luis Mach\u00edn, Revelaci\u00f3n masculina compartido entre Alan Madanes y Eloy Rossen, Montaje, Dise\u00f1o de Sonido, M\u00fasica Original y Fotograf\u00eda. La \u00faltima de ellas, compartida con la particular biopic sobre el representante de Maradona, que sum\u00f3 otras cuatro: Actor protag\u00f3nico para Juan Minuj\u00edn, Direcci\u00f3n de Casting, Direcci\u00f3n de Arte y Maquillaje y Peluquer\u00eda. Por su parte, la muy exitosa <b><i>Envidiosa<\/i> gan\u00f3 en cuatro rubros<\/b>: Mejor Serie de Comedia o Drama, Actriz Protag\u00f3nica y de Reparto para Griselda Siciliani y Lorena Vega, respectivamente, y Guion Original. El C\u00f3ndor a Mejor Direcci\u00f3n es el \u00fanico que fue para <i>Iosi, el esp\u00eda arrepentido<\/i>, mientras que <i>Argentina 78<\/i> gan\u00f3 entre los documentales.\u00a0\u00a0<\/p>\n<div class=\"medium-insert-embeds\">\n<figure>\n<div class=\"medium-insert-embed\">\n<div align=\"center\">\n<figure role=\"group\" class=\"caption caption-div embedded-entity\"><figcaption>\u00abCroma\u00f1\u00f3n\u00bb, la serie m\u00e1s premiada.\u00a0<\/figcaption><\/figure>\n<\/div><\/div>\n<\/figure>\n<\/div>\n<p><!-- Live Blog Post --><\/div>\n<p><a href=\"https:\/\/www.pagina12.com.ar\/805515-el-jockey-fue-la-gran-ganadora-de-los-condor-de-plata\">source<\/a><\/p>\n","protected":false},"excerpt":{"rendered":"<p>El jockey no pudo en la categor\u00eda de Mejor Film Internacional del Oscar, donde no&#8230;<\/p>\n","protected":false},"author":0,"featured_media":197560,"comment_status":"open","ping_status":"open","sticky":false,"template":"","format":"standard","meta":{"footnotes":""},"categories":[4],"tags":[],"class_list":["post-197559","post","type-post","status-publish","format-standard","has-post-thumbnail","hentry","category-espectaculos"],"featured_image_urls":{"full":["https:\/\/radiofenix.com.ar\/2023\/wp-content\/uploads\/wp-header-logo.png",0,0,false],"thumbnail":["https:\/\/radiofenix.com.ar\/2023\/wp-content\/uploads\/wp-header-logo.png",1,1,false],"medium":["https:\/\/radiofenix.com.ar\/2023\/wp-content\/uploads\/wp-header-logo.png",1,1,false],"medium_large":["https:\/\/radiofenix.com.ar\/2023\/wp-content\/uploads\/wp-header-logo.png",1,1,false],"large":["https:\/\/radiofenix.com.ar\/2023\/wp-content\/uploads\/wp-header-logo.png",1,1,false],"1536x1536":["https:\/\/radiofenix.com.ar\/2023\/wp-content\/uploads\/wp-header-logo.png",1,1,false],"2048x2048":["https:\/\/radiofenix.com.ar\/2023\/wp-content\/uploads\/wp-header-logo.png",1,1,false],"newsium-slider-full":["https:\/\/radiofenix.com.ar\/2023\/wp-content\/uploads\/wp-header-logo.png",1,1,false],"newsium-featured":["https:\/\/radiofenix.com.ar\/2023\/wp-content\/uploads\/wp-header-logo.png",1,1,false],"newsium-medium":["https:\/\/radiofenix.com.ar\/2023\/wp-content\/uploads\/wp-header-logo.png",1,1,false]},"author_info":{"info":[""]},"category_info":"<a href=\"https:\/\/radiofenix.com.ar\/2023\/category\/espectaculos\/\" rel=\"category tag\">Espectaculos<\/a>","tag_info":"Espectaculos","comment_count":"0","_links":{"self":[{"href":"https:\/\/radiofenix.com.ar\/2023\/wp-json\/wp\/v2\/posts\/197559","targetHints":{"allow":["GET"]}}],"collection":[{"href":"https:\/\/radiofenix.com.ar\/2023\/wp-json\/wp\/v2\/posts"}],"about":[{"href":"https:\/\/radiofenix.com.ar\/2023\/wp-json\/wp\/v2\/types\/post"}],"replies":[{"embeddable":true,"href":"https:\/\/radiofenix.com.ar\/2023\/wp-json\/wp\/v2\/comments?post=197559"}],"version-history":[{"count":0,"href":"https:\/\/radiofenix.com.ar\/2023\/wp-json\/wp\/v2\/posts\/197559\/revisions"}],"wp:featuredmedia":[{"embeddable":true,"href":"https:\/\/radiofenix.com.ar\/2023\/wp-json\/wp\/v2\/media\/197560"}],"wp:attachment":[{"href":"https:\/\/radiofenix.com.ar\/2023\/wp-json\/wp\/v2\/media?parent=197559"}],"wp:term":[{"taxonomy":"category","embeddable":true,"href":"https:\/\/radiofenix.com.ar\/2023\/wp-json\/wp\/v2\/categories?post=197559"},{"taxonomy":"post_tag","embeddable":true,"href":"https:\/\/radiofenix.com.ar\/2023\/wp-json\/wp\/v2\/tags?post=197559"}],"curies":[{"name":"wp","href":"https:\/\/api.w.org\/{rel}","templated":true}]}}