{"id":197625,"date":"2025-02-27T08:57:52","date_gmt":"2025-02-27T08:57:52","guid":{"rendered":"https:\/\/radiofenix.com.ar\/2023\/israel-despide-a-la-familia-bibas\/"},"modified":"2025-02-27T08:57:52","modified_gmt":"2025-02-27T08:57:52","slug":"israel-despide-a-la-familia-bibas","status":"publish","type":"post","link":"https:\/\/radiofenix.com.ar\/2023\/israel-despide-a-la-familia-bibas\/","title":{"rendered":"Israel despide a la familia Bibas"},"content":{"rendered":"<div><!-- Body --><\/p>\n<p dir=\"ltr\">La familia de los tres rehenes muertos,<a href=\"https:\/\/www.pagina12.com.ar\/805923-confirmaron-que-el-cuerpo-entregado-a-israel-el-viernes-es-e\"> <b>Shiri, Ariel y Kfir, miembros de la familia argentina-israel\u00ed Bibas<\/b><\/a><b\/> pudo enterrar sus cuerpos este mi\u00e9rcoles, despu\u00e9s de que fueran <b><a href=\"https:\/\/www.pagina12.com.ar\/tags\/38898-conflicto-en-medio-oriente\">entregados por Hamas<\/a><\/b> el pasado 20 de febrero. El cortejo funebre, que cont\u00f3 con el acompa\u00f1amiento de multitudes y la solidaridad de las autoridades israel\u00edes, parti\u00f3 desde la ciudad de Rishon LeZion hasta el cementerio de Tsoher, cercano al kibbutz de Nir Oz, donde la familia resid\u00eda al momento de su secuestro.<\/p>\n<p dir=\"ltr\"><b>Miles de personas se congregaron para acompa\u00f1ar la procesi\u00f3n<\/b>, que culmin\u00f3 en una ceremonia retransmitida por televisi\u00f3n, seguida de un funeral formal privado. <b>Tambi\u00e9n hubo concentraciones masivas en la Plaza de los Rehenes en Tel Aviv,<\/b> donde se proyectaron im\u00e1genes del cortejo y los asistentes portaron globos naranjas y carteles que dec\u00edan  \u201clo sentimos\u00bb y \u201ccierren el trato ahora, tr\u00e1iganlos a casa\u201d.<\/p>\n<p dir=\"ltr\">Los presentes expresaron su apoyo a la familia, en particular a<b> <\/b><b>Yarden Bibas<\/b>, padre de los dos menores fallecidos, quien tambi\u00e9n fue secuestrado pero liberado con vida a principios de febrero, en el marco de un intercambio entre Ham\u00e1s e Israel como parte del acuerdo para el alto el fuego en la Franja de Gaza.<\/p>\n<h2><span>\u00abAy\u00fadenme para no caer en la oscuridad\u00bb<\/span><\/h2>\n<p dir=\"ltr\"><span>Durante la ceremonia, Yarden explic\u00f3 que su esposa y sus dos hijos fueron <\/span><span>enterrados en un mismo ata\u00fad<\/span><span> para que \u00abpermanezcan siempre juntos\u00bb y se lament\u00f3 no haber podido protegerlos. \u00abAy\u00fadenme para no caer en la oscuridad\u00bb, pidi\u00f3 el israel\u00ed en un discurso en el que <\/span><span>elogi\u00f3 a su mujer y a sus hijos<\/span><span>, que ten\u00edan diez meses y cuatro a\u00f1os a la hora de su secuestro.<\/span><\/p>\n<p dir=\"ltr\"><span>En su discurso, el exreh\u00e9n expres\u00f3 su deseo de volver a ver a su esposa, a quien llam\u00f3 su \u00abmejor amiga\u00bb.\u00a0 \u00ab\u00bfRecuerdas nuestra \u00faltima decisi\u00f3n juntos? <\/span><span>En la habitaci\u00f3n segura, te pregunt\u00e9 si deb\u00edamos &#8216;luchar o rendirnos. Dijiste &#8216;luchar&#8217;, as\u00ed que luch\u00e9.<\/span><span> Shiri&#8230; Si hubiera sabido lo que iba a pasar, no habr\u00eda disparado\u00bb, dijo Yarden, de 35 a\u00f1os, quien tambi\u00e9n lament\u00f3 <\/span><span>no haber compartido m\u00e1s tiempo<\/span><span> con su hijo menor, <\/span><span>Kfir<\/span><span>, el reh\u00e9n mas joven en la Franja.<\/span><\/p>\n<p dir=\"ltr\"><span>Yarden Bibas tambi\u00e9n pidi\u00f3 perd\u00f3n a su hijo mayor por no lograr salvarlo. \u00ab<\/span><span>Ariel, espero que no est\u00e9s enfadado conmigo por no protegerte adecuadamente<\/span><span> y por no estar ah\u00ed para ti. (&#8230;) Espero que est\u00e9s disfrutando del para\u00edso\u00bb, zanj\u00f3 su padre, vestido con una <\/span><span>kip\u00e1 naranja<\/span><span>, en alusi\u00f3n al cabello de sus hijos.<\/span><\/p>\n<p dir=\"ltr\">\u00abTe prometo, como le promet\u00ed a mam\u00e1 y pap\u00e1, que los monstruos m\u00e1s all\u00e1 de la cerca no tendr\u00e1n \u00e9xito en su misi\u00f3n<b>. No nos derrotar\u00e1n, no nos destruir\u00e1n<\/b>\u00ab, sentenci\u00f3.<\/p>\n<h2><span>Podr\u00eda haberse evitado<\/span><\/h2>\n<p dir=\"ltr\"><span>Este mi\u00e9rcoles, durante la ceremonia, la familia Bibas <\/span><span>agradeci\u00f3<\/span><span> por el acompa\u00f1amiento y record\u00f3 a los tres fallecidos, pero tambi\u00e9n pidi\u00f3 a todos los funcionarios israel\u00edes que <\/span><span>asumieran su responsabilidad<\/span><span> por su muerte.<\/span><\/p>\n<p dir=\"ltr\"><span><b>Dana Silberman-Sitton<\/b><\/span><span>, hermana de Shiri Bibas, pronunci\u00f3 un discurso emotivo en el que expres\u00f3 su <\/span><span>dificultad para lidiar con la situaci\u00f3n<\/span><span>, y tambi\u00e9n pidi\u00f3 perd\u00f3n en nombre del liderazgo del pa\u00eds y los militares \u00abque <\/span><span>no estuvieron all\u00ed para la familia ese d\u00eda y que tardaron tanto en traerlos de vuelta a casa<\/span><span>\u00ab.<\/span><\/p>\n<p dir=\"ltr\">La hermana de Yarden,<b> <\/b><b>Ofri Bibas-Levy<\/b>, por su parte, asegur\u00f3 que mantendr\u00eda un recuerdo de sus sobrinos y cu\u00f1ada \u00abfelices, riendo como una familia\u201d, pero reiter\u00f3 que sus muertes eran evitables. La mujer abord\u00f3 las peticiones de perd\u00f3n recibidas por parte de las autoridades y ciudadanos: \u00abEl perd\u00f3n significa aceptar la responsabilidad y comprometerse a actuar de manera diferente, aprender de los errores. No hay significado en el perd\u00f3n antes de que se investiguen los fracasos y todos los funcionarios asuman la responsabilidad\u00bb, afirm\u00f3.<\/p>\n<p dir=\"ltr\"><b><span>La hermana del reh\u00e9n liberado <\/span><span>critic\u00f3<\/span><span> duramente al primer ministro israel\u00ed, <\/span><span>Benjamin Netanyahu<\/span><\/b><span>, pidi\u00e9ndole que \u201c<\/span><span>se calle<\/span><span>\u201d tras haber revelado repetidamente detalles sobre los asesinatos en cautiverio de la esposa de Shiri, y sus peque\u00f1os hijos, en contra de los deseos de la familia. <\/span><\/p>\n<p dir=\"ltr\"><b><span>Tambi\u00e9n <\/span><span>arremeti\u00f3 contra los medios israel\u00edes<\/span><\/b><span> por lo que calific\u00f3 como una \u00ab<\/span><span>violaci\u00f3n flagrante de los deseos de la familia<\/span><span>\u00ab, al hacer publica informaci\u00f3n que los Bibas solicitaron se mantuviera privada. Adem\u00e1s, a\u00f1adi\u00f3 que <\/span><span>las autoridades no han completado a\u00fan su informe sobre los hechos<\/span><span> ni se lo present\u00f3 a la familia, que se enter\u00f3 de los detalles a trav\u00e9s de terceros.<\/span><\/p>\n<p dir=\"ltr\"><span>\u00ab<\/span><span>Podr\u00edan haberos salvado, pero prefirieron venganza.<\/span><span> Perdimos. Nuestra imagen de triunfo nunca se har\u00e1 realidad. Nuestra lucha contra los enemigos ser\u00e1 eterna, pero siempre debemos santificar la vida, el respeto a los muertos, y nunca dejar a nadie atr\u00e1s\u00bb, sentenci\u00f3 Ofri.<\/span><\/p>\n<h2><span>Un \u00abpa\u00eds de luto\u00bb<\/span><\/h2>\n<p dir=\"ltr\">Previo a la ceremonia, el presidente de Israel,<b> <\/b><b>Isaac Herzog<\/b>, conmemor\u00f3 a los tres fallecidos, considerados s\u00edmbolos de los rehenes en la Franja, en un mensaje publicado en sus redes sociales. \u00abUn pa\u00eds entero est\u00e1 de luto. Tenemos los corazones rotos y los acompa\u00f1amos en su descanso eterno\u00bb, declar\u00f3. La residencia presidencial, en Jerusal\u00e9n, se ilumin\u00f3 de naranja, en honor a los Bibas.<\/p>\n<p dir=\"ltr\">Por su parte, <b>Netanyahu pidi\u00f3 un minuto de silencio<\/b><b> por los Bibas<\/b> al acudir al juzgado este mi\u00e9rcoles, para testificar en su juicio por corrupci\u00f3n, seg\u00fan recogi\u00f3 el medio israel\u00ed Haaretz.<\/p>\n<p dir=\"ltr\">Tras la entrega de los cuerpos de los dos peque\u00f1os, el pasado jueves, el portavoz militar israel\u00ed,<b> <\/b><b>Daniel Hagari<\/b>, dijo que los milicianos gazat\u00edes mataron a Ariel y Kfir \u00abcon sus propias manos\u00bb, aludiendo al informe forense elaborado por Israel, que no se ha hecho p\u00fablico.\u00a0<\/p>\n<p dir=\"ltr\"><span>Seg\u00fan anunci\u00f3 este mi\u00e9rcoles, <b>Ham\u00e1s entregar\u00e1 en la madrugada del jueves cuatro cuerpos de rehenes israel\u00edes muertos <\/b>en Gaza durante su cautiverio, y afirm\u00f3 que <b>Israel liberar\u00e1 a cambio a m\u00e1s de 600 detenidos palestinos retenidos<\/b>, lo que pondr\u00eda fin a los intercambios previstos en la primera fase del alto al fuego.<\/span><\/p>\n<p><!-- Live Blog Post --><\/div>\n<p><a href=\"https:\/\/www.pagina12.com.ar\/806916-israel-despide-a-la-familia-bibas\">source<\/a><\/p>\n","protected":false},"excerpt":{"rendered":"<p>La familia de los tres rehenes muertos, Shiri, Ariel y Kfir, miembros de la familia&#8230;<\/p>\n","protected":false},"author":0,"featured_media":197626,"comment_status":"open","ping_status":"open","sticky":false,"template":"","format":"standard","meta":{"footnotes":""},"categories":[60],"tags":[],"class_list":["post-197625","post","type-post","status-publish","format-standard","has-post-thumbnail","hentry","category-internacional"],"featured_image_urls":{"full":["https:\/\/radiofenix.com.ar\/2023\/wp-content\/uploads\/wp-header-logo.png",0,0,false],"thumbnail":["https:\/\/radiofenix.com.ar\/2023\/wp-content\/uploads\/wp-header-logo.png",1,1,false],"medium":["https:\/\/radiofenix.com.ar\/2023\/wp-content\/uploads\/wp-header-logo.png",1,1,false],"medium_large":["https:\/\/radiofenix.com.ar\/2023\/wp-content\/uploads\/wp-header-logo.png",1,1,false],"large":["https:\/\/radiofenix.com.ar\/2023\/wp-content\/uploads\/wp-header-logo.png",1,1,false],"1536x1536":["https:\/\/radiofenix.com.ar\/2023\/wp-content\/uploads\/wp-header-logo.png",1,1,false],"2048x2048":["https:\/\/radiofenix.com.ar\/2023\/wp-content\/uploads\/wp-header-logo.png",1,1,false],"newsium-slider-full":["https:\/\/radiofenix.com.ar\/2023\/wp-content\/uploads\/wp-header-logo.png",1,1,false],"newsium-featured":["https:\/\/radiofenix.com.ar\/2023\/wp-content\/uploads\/wp-header-logo.png",1,1,false],"newsium-medium":["https:\/\/radiofenix.com.ar\/2023\/wp-content\/uploads\/wp-header-logo.png",1,1,false]},"author_info":{"info":[""]},"category_info":"<a href=\"https:\/\/radiofenix.com.ar\/2023\/category\/internacional\/\" rel=\"category tag\">Internacional<\/a>","tag_info":"Internacional","comment_count":"0","_links":{"self":[{"href":"https:\/\/radiofenix.com.ar\/2023\/wp-json\/wp\/v2\/posts\/197625","targetHints":{"allow":["GET"]}}],"collection":[{"href":"https:\/\/radiofenix.com.ar\/2023\/wp-json\/wp\/v2\/posts"}],"about":[{"href":"https:\/\/radiofenix.com.ar\/2023\/wp-json\/wp\/v2\/types\/post"}],"replies":[{"embeddable":true,"href":"https:\/\/radiofenix.com.ar\/2023\/wp-json\/wp\/v2\/comments?post=197625"}],"version-history":[{"count":0,"href":"https:\/\/radiofenix.com.ar\/2023\/wp-json\/wp\/v2\/posts\/197625\/revisions"}],"wp:featuredmedia":[{"embeddable":true,"href":"https:\/\/radiofenix.com.ar\/2023\/wp-json\/wp\/v2\/media\/197626"}],"wp:attachment":[{"href":"https:\/\/radiofenix.com.ar\/2023\/wp-json\/wp\/v2\/media?parent=197625"}],"wp:term":[{"taxonomy":"category","embeddable":true,"href":"https:\/\/radiofenix.com.ar\/2023\/wp-json\/wp\/v2\/categories?post=197625"},{"taxonomy":"post_tag","embeddable":true,"href":"https:\/\/radiofenix.com.ar\/2023\/wp-json\/wp\/v2\/tags?post=197625"}],"curies":[{"name":"wp","href":"https:\/\/api.w.org\/{rel}","templated":true}]}}