{"id":197645,"date":"2025-03-01T08:57:49","date_gmt":"2025-03-01T08:57:49","guid":{"rendered":"https:\/\/radiofenix.com.ar\/2023\/liberaron-al-detenido-por-23-dias-sin-pruebas\/"},"modified":"2025-03-01T08:57:49","modified_gmt":"2025-03-01T08:57:49","slug":"liberaron-al-detenido-por-23-dias-sin-pruebas","status":"publish","type":"post","link":"https:\/\/radiofenix.com.ar\/2023\/liberaron-al-detenido-por-23-dias-sin-pruebas\/","title":{"rendered":"Liberaron al detenido por 23 d\u00edas sin pruebas"},"content":{"rendered":"<div><!-- Body --><\/p>\n<p><b>Nicol\u00e1s Heredia, el joven brigadista acusado falsamente por comenzar los incendios en Mall\u00edn Ahogado &#8211;R\u00edo Negro&#8211; y por\u00a0<\/b>\u00abtener cara sospechosa\u00bb seg\u00fan un fiscal,<b>\u00a0fue liberado este viernes luego de 23 d\u00edas detenido en el Establecimiento de Ejecuci\u00f3n Penal N\u00ba 3 de Bariloche.<\/b> Su detenci\u00f3n se demor\u00f3 insensiblemente, en teor\u00eda a la espera de que avanzara la investigaci\u00f3n que defina su culpabilidad o no en los incendios.<\/p>\n<p>El joven proveniente de Senillosa, Neuqu\u00e9n, disfrutaba de sus vacaciones en R\u00edo Negro y\u00a0<b>fue detenido el mi\u00e9rcoles 5 de febrero al estar cerca de los incendios mientras ayudaba a combatirlos<\/b>\u00a0en Mall\u00edn Ahogado. Su detenci\u00f3n no dur\u00f3 lo mismo que la de los de otros acusados, por lo que se critic\u00f3 la arbitrariedad de la misma al conllevar tintes racistas. Nelson Vigueras, el abogado defensor, present\u00f3 pedidos para liberarlo de la prisi\u00f3n preventiva ya que no hab\u00eda pruebas en su contra y es un hombre con trabajo y domicilio declarados.<\/p>\n<p>Este viernes el letrado volvi\u00f3 a pedir el cese de la detenci\u00f3n de Heredia, tras ser peritados su tel\u00e9fono celular, una mochila y una botella de combustible que encontraron cerca de \u00e9l. <b>Al determinar que no estaban las huellas del acusado en la botella, decidieron devolverle la libertad<\/b>.<\/p>\n<p>En declaraciones a la radio AM 750, Nicol\u00e1s Heredia dijo que pas\u00f3 <b>\u00abde estar colaborando a estar en cana y ser tratado como un delincuente\u00bb<\/b>. Coment\u00f3 que fue a buscar comida para llevar a quienes colaboraban en extinguir el incendio, y fue enga\u00f1ado para ser llevado hasta la polic\u00eda y ser acusado falsamente. \u00abVos est\u00e1s en cana porque fuiste a prender fuego\u00bb, cont\u00f3 que le dijeron, a lo que \u00e9l respondi\u00f3 que estaba colaborando.<\/p>\n<p>Una vez detenido, estuvo dos d\u00edas en la Comisar\u00eda de Nahuel Huap\u00ed y en una noche lo trasladaron a la pensi\u00f3n de Bariloche. Nicol\u00e1s cont\u00f3 \u00abme metieron a una celda con 3 pibes ya condenados y me tiran un colch\u00f3n\u00bb. Tambi\u00e9n describi\u00f3 que \u00abel lugar era muy chico\u00bb por lo que \u00abno ten\u00edamos espacio\u00bb. All\u00ed cont\u00f3 que <b>vio \u00abcosas grav\u00edsimas, he visto gente apu\u00f1alada, gente peg\u00e1ndose\u00bb y que lo insultaron los guardac\u00e1rceles del penal<\/b>.<\/p>\n<p>Los maltratos empezaron al ingresar. <b>\u00abNi bien entr\u00e9 ya me andaban pegando\u00bb<\/b>, dijo Heredia. Adem\u00e1s, se\u00f1al\u00f3 que \u00abla gente que prendi\u00f3 fuego est\u00e1 en libertad\u00bb.<\/p>\n<p>\u00abLas condiciones han cambiado\u00bb, asegur\u00f3 el fiscal Francisco Arrien, aunque solicit\u00f3 que Nicol\u00e1s Heredia se presente cada 15 d\u00edas en una Comisar\u00eda en Senillosa hasta el mes de junio. Reci\u00e9n terminada la audiencia donde lo liberaron,\u00a0<b>P\u00e1gina\/12 se comunic\u00f3 con Mirta Sandra Gramajo, la madre de Nicol\u00e1s Heredia.<\/b> \u00abReci\u00e9n termin\u00f3 la audiencia, me trajeron al penal y estoy esperando que lo liberen a mi hijo e irnos para Senillosa\u00bb luego de \u00abla pesadilla que yo viv\u00ed desde el d\u00eda 5 de febrero\u00bb.<\/p>\n<h2>La palabra de la madre<\/h2>\n<p>Mirta describe a su hijo, Nicol\u00e1s, como \u00ab<b>una muy buena persona, siempre fue colaborador. Es re solidario. Mir\u00e1, estaba ayudando a apagar el fuego y \u00e9l fue a conocer El Bols\u00f3n<\/b>. Se junt\u00f3 con otro amigo y le dice `vamos a ayudar\u00b4, y se fue\u00bb.\u00a0<\/p>\n<p>La madre cont\u00f3 que el martes 4 de febrero (el d\u00eda anterior a la detenci\u00f3n), su hijo estuvo todo el d\u00eda trabajando junto a otros brigadistas y no ten\u00edan comida, por lo que organizaron que para el mi\u00e9rcoles 5 de febrero, Nicol\u00e1s vaya a buscar algo para comer. Cuando \u00e9l iba a volver se subi\u00f3 a la camioneta de un hombre que, acus\u00e1ndolo falsamente, lo entreg\u00f3 a \u00ablos milicos\u00bb. La mujer tambi\u00e9n narr\u00f3 paso por paso c\u00f3mo fue ese momento: <b>\u00abotro hombre lo carg\u00f3 en su camioneta, le dijo `che, flaco, subite que vamos all\u00e1\u00b4. \u00c9l pensaba que lo iba a llevar a donde estaban los compa\u00f1eros para llevar la comida, y no. El otro fue y lo entreg\u00f3 a la polic\u00eda. Es como que fue todo planeado\u00bb<\/b>.<\/p>\n<p>Asegur\u00f3 que Nicol\u00e1s \u00abla pas\u00f3 mal, estuvo 23 d\u00edas detenido\u00bb pero insisti\u00f3 desde el primer momento en que \u00abmi hijo es inocente\u00bb y <b>no se explica todav\u00eda \u00abpor qu\u00e9 hay dos fiscales que se <i>ciza\u00f1aron<\/i> con \u00e9l\u00bb<\/b>, criticando profundamente la labor de los fiscales Francisco Arrien y Mart\u00edn Lozada, quien se\u00f1al\u00f3 a Heredia por \u00abtener cara sospechosa\u00bb.<\/p>\n<p>Luego de la reciente liberaci\u00f3n de Nicol\u00e1s, Mirta cont\u00f3 que su hijo<b> \u00abest\u00e1 renervioso\u00bb,<\/b>\u00a0que quiere dormir \u00abporque en el pabell\u00f3n donde estaba no dorm\u00eda\u00bb, y destac\u00f3 el maltrato policial que tuvo en las dos comisar\u00edas donde lo fueron trasladando hasta llegar al pabell\u00f3n donde \u00abestaba con tres pibes condenados y \u00e9l era inocente\u00bb. Sobre su estad\u00eda en el penal se lament\u00f3: \u00ab\u00bfc\u00f3mo me lo van a tirar ah\u00ed? \u00c9l estaba en el piso, no ten\u00eda nada\u00bb. Adem\u00e1s <b>aclar\u00f3 que \u00e9l \u00abno ten\u00eda por qu\u00e9 estar en un penal, ten\u00eda que estar en una Comisar\u00eda en realidad\u00bb y agreg\u00f3 que \u00ablo golpearon y le quitaron sus cosas\u00bb<\/b>, criticando el manejo de las fuerzas de seguridad de R\u00edo Negro.<\/p>\n<p>Tambi\u00e9n desliz\u00f3 que entiende que la detenci\u00f3n puede haber ocurrido por motivos racistas. <b>\u00abNo soy una persona rica, somos humildes. Soy mam\u00e1 viuda de 6 hijos\u00bb<\/b>, sentenci\u00f3 Mirta, que aclar\u00f3 que su hijo estaba all\u00ed de vacaciones porque todav\u00eda \u00abno conoc\u00eda\u00bb el lugar. Mencion\u00f3 que se molest\u00f3 por las preguntas que le hicieron estas semanas sobre si le hab\u00edan pagado para que su hijo incendiara el lugar. \u00ab\u00bfC\u00f3mo me van a preguntar eso si \u00e9l fue a conocer?\u00bb, se quej\u00f3 y argument\u00f3: \u00ab\u00bfc\u00f3mo vamos a pensar en la plata si hizo changas para llegar a El Bols\u00f3n?\u00bb. A su vez afirm\u00f3: \u00absi fuera rica yo tendr\u00eda que tener un abogado, \u00bfno? Un buen abogado, y no haber vivido el calvario que viv\u00ed\u00bb.<\/p>\n<p>A ra\u00edz de la detenci\u00f3n de su hijo, Mirta reflexion\u00f3 sobre la Justicia. <b>\u00abYo, a esta altura, no voy a creer nunca m\u00e1s en la Justicia.<\/b> Si te estoy diciendo que mi hijo es inocente. Esa botella no era de \u00e9l, que lo dijo de entrada cuando lo agarraron. Y siguieron porfiando, siguieron porfiando<i>\u00a0<\/i>y no lo soltaban\u00bb. <b>Tambi\u00e9n se anim\u00f3 a preguntarse \u00absi ya no es el chico que era\u00bb previo a la detenci\u00f3n arbitraria, al maltrato policial y el injusto encierro<\/b>, porque era una persona que \u00abnunca desconfi\u00f3 de nadie y hac\u00eda todo siempre con respeto\u00bb.<\/p>\n<p>Ella misma cont\u00f3 que se enter\u00f3 un d\u00eda despu\u00e9s de\u00a0<b>la detenci\u00f3n \u00abporque ni siquiera fueron capaces de llamarme, no le dieron ni un permiso para que me llame\u00bb. Mirta se enter\u00f3 el jueves 6 de febrero \u00aben las redes sociales\u00bb<\/b> pero hasta ese momento \u00abno sab\u00eda nada de nada\u00bb, aunque ahora <b>con la liberaci\u00f3n, afirm\u00f3 que est\u00e1 \u00abrecontenta\u00bb y que estaba con ganas de \u00absacarlo e irme enseguida\u00bb<\/b>.\u00a0Sin embargo, todav\u00eda se pregunta \u00ab\u00bfpor qu\u00e9 tiene que seguir firmando cada 15 d\u00edas en la Comisar\u00eda de Senillosa? Si \u00e9l es inocente, no entiendo\u00bb.<\/p>\n<p>Por \u00faltimo, <b>agradeci\u00f3 a la sociedad de Senillosa porque \u00abhay gente que colabor\u00f3 con donaciones de plata\u00bb<\/b> para que Mirta pudiese viajar a Bariloche para llevarle comida a su hijo: le hac\u00eda falta \u00abporque me lo ten\u00edan ac\u00e1 como un perro en el penal\u00bb, y tambi\u00e9n para \u00abcomprarle ropa\u00bb, ya que en las comisar\u00edas por las que fue pasando, le quitaban sus pertenencias. \u00abO no tienen hijos o pensar\u00e1n que nunca van a pasar una situaci\u00f3n de esas\u00bb, consider\u00f3 Mirta respecto a la violencia institucional.<\/p>\n<p>Informe: Juan Mart\u00edn Bravo.<\/p>\n<p><!-- Live Blog Post --><\/div>\n<p><a href=\"https:\/\/www.pagina12.com.ar\/807556-liberaron-al-detenido-por-23-dias-sin-pruebas\">source<\/a><\/p>\n","protected":false},"excerpt":{"rendered":"<p>Nicol\u00e1s Heredia, el joven brigadista acusado falsamente por comenzar los incendios en Mall\u00edn Ahogado &#8211;R\u00edo&#8230;<\/p>\n","protected":false},"author":0,"featured_media":197646,"comment_status":"open","ping_status":"open","sticky":false,"template":"","format":"standard","meta":{"footnotes":""},"categories":[7],"tags":[],"class_list":["post-197645","post","type-post","status-publish","format-standard","has-post-thumbnail","hentry","category-sociedad"],"featured_image_urls":{"full":["https:\/\/radiofenix.com.ar\/2023\/wp-content\/uploads\/wp-header-logo.png",0,0,false],"thumbnail":["https:\/\/radiofenix.com.ar\/2023\/wp-content\/uploads\/wp-header-logo.png",1,1,false],"medium":["https:\/\/radiofenix.com.ar\/2023\/wp-content\/uploads\/wp-header-logo.png",1,1,false],"medium_large":["https:\/\/radiofenix.com.ar\/2023\/wp-content\/uploads\/wp-header-logo.png",1,1,false],"large":["https:\/\/radiofenix.com.ar\/2023\/wp-content\/uploads\/wp-header-logo.png",1,1,false],"1536x1536":["https:\/\/radiofenix.com.ar\/2023\/wp-content\/uploads\/wp-header-logo.png",1,1,false],"2048x2048":["https:\/\/radiofenix.com.ar\/2023\/wp-content\/uploads\/wp-header-logo.png",1,1,false],"newsium-slider-full":["https:\/\/radiofenix.com.ar\/2023\/wp-content\/uploads\/wp-header-logo.png",1,1,false],"newsium-featured":["https:\/\/radiofenix.com.ar\/2023\/wp-content\/uploads\/wp-header-logo.png",1,1,false],"newsium-medium":["https:\/\/radiofenix.com.ar\/2023\/wp-content\/uploads\/wp-header-logo.png",1,1,false]},"author_info":{"info":[""]},"category_info":"<a href=\"https:\/\/radiofenix.com.ar\/2023\/category\/sociedad\/\" rel=\"category tag\">Sociedad<\/a>","tag_info":"Sociedad","comment_count":"0","_links":{"self":[{"href":"https:\/\/radiofenix.com.ar\/2023\/wp-json\/wp\/v2\/posts\/197645","targetHints":{"allow":["GET"]}}],"collection":[{"href":"https:\/\/radiofenix.com.ar\/2023\/wp-json\/wp\/v2\/posts"}],"about":[{"href":"https:\/\/radiofenix.com.ar\/2023\/wp-json\/wp\/v2\/types\/post"}],"replies":[{"embeddable":true,"href":"https:\/\/radiofenix.com.ar\/2023\/wp-json\/wp\/v2\/comments?post=197645"}],"version-history":[{"count":0,"href":"https:\/\/radiofenix.com.ar\/2023\/wp-json\/wp\/v2\/posts\/197645\/revisions"}],"wp:featuredmedia":[{"embeddable":true,"href":"https:\/\/radiofenix.com.ar\/2023\/wp-json\/wp\/v2\/media\/197646"}],"wp:attachment":[{"href":"https:\/\/radiofenix.com.ar\/2023\/wp-json\/wp\/v2\/media?parent=197645"}],"wp:term":[{"taxonomy":"category","embeddable":true,"href":"https:\/\/radiofenix.com.ar\/2023\/wp-json\/wp\/v2\/categories?post=197645"},{"taxonomy":"post_tag","embeddable":true,"href":"https:\/\/radiofenix.com.ar\/2023\/wp-json\/wp\/v2\/tags?post=197645"}],"curies":[{"name":"wp","href":"https:\/\/api.w.org\/{rel}","templated":true}]}}