{"id":197649,"date":"2025-03-01T08:57:54","date_gmt":"2025-03-01T08:57:54","guid":{"rendered":"https:\/\/radiofenix.com.ar\/2023\/luisa-gonzalez-se-reunira-con-yamandu-orsi\/"},"modified":"2025-03-01T08:57:54","modified_gmt":"2025-03-01T08:57:54","slug":"luisa-gonzalez-se-reunira-con-yamandu-orsi","status":"publish","type":"post","link":"https:\/\/radiofenix.com.ar\/2023\/luisa-gonzalez-se-reunira-con-yamandu-orsi\/","title":{"rendered":"Luisa Gonz\u00e1lez se reunir\u00e1 con Yamand\u00fa Orsi"},"content":{"rendered":"<div><!-- Body --><\/p>\n<p>La presidenta del movimiento Revoluci\u00f3n Ciudadana y candidata a la presidencia del Ecuador, <b><a href=\"https:\/\/www.pagina12.com.ar\/802931-ecuador-la-esperanza-frente-a-la-derecha-agazapada\">Luisa Gonz\u00e1lez<\/a>, mantendr\u00e1 reuniones bilaterales con el presidente electo de Uruguay, Yamand\u00fa Orsi, as\u00ed como con <\/b>los mandatarios de Colombia,<b> Gustavo Petro<\/b>, y de Brasil, <b>Luiz In\u00e1cio Lula da Silva<\/b>.<\/p>\n<p>Los encuentros se llevar\u00e1n a cabo en el marco de la <a href=\"https:\/\/www.pagina12.com.ar\/807306-uruguay-en-visperas-de-la-vuelta-del-frente-amplio\"><b>investidura presidencial y la toma de posesi\u00f3n de Ors<\/b><\/a><b>i<\/b> y su vicepresidenta, <b>Carolina Cosse<\/b>, que tendr\u00e1 lugar este s\u00e1bado y a la que fue invitada la candidata ecuatoriana. \u00abEstos encuentros buscan fortalecer la integraci\u00f3n regional y alcanzar acuerdos estrat\u00e9gicos en \u00e1reas clave para el desarrollo econ\u00f3mico, la sostenibilidad y la cooperaci\u00f3n en materia de seguridad y comercio\u00bb, indic\u00f3 el equipo de Comunicaci\u00f3n y Relaciones P\u00fablicas de Gonz\u00e1lez en un comunicado.<\/p>\n<p>La nota agrega que durante su estad\u00eda en Uruguay, la candidata del correismo <b>sostuvo un encuentro con Cosse<\/b>. Ambas <b>coincidieron en la necesidad de fortalecer la cooperaci\u00f3n bilateral<\/b> y establecer acuerdos estrat\u00e9gicos que beneficien el desarrollo de Ecuador y Uruguay.<\/p>\n<p><b>Gonz\u00e1lez tambi\u00e9n aprovech\u00f3 la ocasi\u00f3n para compartir un momento especial con el expresidente uruguayo Jos\u00e9 \u201cPepe\u201d Mujica<\/b> y su esposa<b>  Luc\u00eda Topolansky<\/b> en las afueras de Montevideo. \u00abMujica, s\u00edmbolo mundial de liderazgo y compromiso social, reflexion\u00f3 sobre la importancia de la unidad en la diversidad, afirmando que: &#8216;Aprender a tener unidad con diversidad y aceptar las diferencias es clave para el futuro de los pueblos&#8217;, detall\u00f3 el comunicado. \u00ab(Es) una visi\u00f3n que compagina con la de Luisa Gonz\u00e1lez, quien reafirm\u00f3 su determinaci\u00f3n para ejercer una pol\u00edtica basada en el servicio y la inclusi\u00f3n, destacando que su prop\u00f3sito es construir un Ecuador m\u00e1s justo, equitativo y lleno de oportunidades para todos\u00bb, a\u00f1adi\u00f3.<\/p>\n<p><!-- Live Blog Post --><\/div>\n<p><a href=\"https:\/\/www.pagina12.com.ar\/807572-luisa-gonzalez-se-reunira-con-yamandu-orsi\">source<\/a><\/p>\n","protected":false},"excerpt":{"rendered":"<p>La presidenta del movimiento Revoluci\u00f3n Ciudadana y candidata a la presidencia del Ecuador, Luisa Gonz\u00e1lez,&#8230;<\/p>\n","protected":false},"author":0,"featured_media":197650,"comment_status":"open","ping_status":"open","sticky":false,"template":"","format":"standard","meta":{"footnotes":""},"categories":[60],"tags":[],"class_list":["post-197649","post","type-post","status-publish","format-standard","has-post-thumbnail","hentry","category-internacional"],"featured_image_urls":{"full":["https:\/\/radiofenix.com.ar\/2023\/wp-content\/uploads\/wp-header-logo.png",0,0,false],"thumbnail":["https:\/\/radiofenix.com.ar\/2023\/wp-content\/uploads\/wp-header-logo.png",1,1,false],"medium":["https:\/\/radiofenix.com.ar\/2023\/wp-content\/uploads\/wp-header-logo.png",1,1,false],"medium_large":["https:\/\/radiofenix.com.ar\/2023\/wp-content\/uploads\/wp-header-logo.png",1,1,false],"large":["https:\/\/radiofenix.com.ar\/2023\/wp-content\/uploads\/wp-header-logo.png",1,1,false],"1536x1536":["https:\/\/radiofenix.com.ar\/2023\/wp-content\/uploads\/wp-header-logo.png",1,1,false],"2048x2048":["https:\/\/radiofenix.com.ar\/2023\/wp-content\/uploads\/wp-header-logo.png",1,1,false],"newsium-slider-full":["https:\/\/radiofenix.com.ar\/2023\/wp-content\/uploads\/wp-header-logo.png",1,1,false],"newsium-featured":["https:\/\/radiofenix.com.ar\/2023\/wp-content\/uploads\/wp-header-logo.png",1,1,false],"newsium-medium":["https:\/\/radiofenix.com.ar\/2023\/wp-content\/uploads\/wp-header-logo.png",1,1,false]},"author_info":{"info":[""]},"category_info":"<a href=\"https:\/\/radiofenix.com.ar\/2023\/category\/internacional\/\" rel=\"category tag\">Internacional<\/a>","tag_info":"Internacional","comment_count":"0","_links":{"self":[{"href":"https:\/\/radiofenix.com.ar\/2023\/wp-json\/wp\/v2\/posts\/197649","targetHints":{"allow":["GET"]}}],"collection":[{"href":"https:\/\/radiofenix.com.ar\/2023\/wp-json\/wp\/v2\/posts"}],"about":[{"href":"https:\/\/radiofenix.com.ar\/2023\/wp-json\/wp\/v2\/types\/post"}],"replies":[{"embeddable":true,"href":"https:\/\/radiofenix.com.ar\/2023\/wp-json\/wp\/v2\/comments?post=197649"}],"version-history":[{"count":0,"href":"https:\/\/radiofenix.com.ar\/2023\/wp-json\/wp\/v2\/posts\/197649\/revisions"}],"wp:featuredmedia":[{"embeddable":true,"href":"https:\/\/radiofenix.com.ar\/2023\/wp-json\/wp\/v2\/media\/197650"}],"wp:attachment":[{"href":"https:\/\/radiofenix.com.ar\/2023\/wp-json\/wp\/v2\/media?parent=197649"}],"wp:term":[{"taxonomy":"category","embeddable":true,"href":"https:\/\/radiofenix.com.ar\/2023\/wp-json\/wp\/v2\/categories?post=197649"},{"taxonomy":"post_tag","embeddable":true,"href":"https:\/\/radiofenix.com.ar\/2023\/wp-json\/wp\/v2\/tags?post=197649"}],"curies":[{"name":"wp","href":"https:\/\/api.w.org\/{rel}","templated":true}]}}