{"id":197651,"date":"2025-03-01T08:57:56","date_gmt":"2025-03-01T08:57:56","guid":{"rendered":"https:\/\/radiofenix.com.ar\/2023\/criptoestafa-mauricio-novelli-le-respondio-a-the-new-york-times\/"},"modified":"2025-03-01T08:57:56","modified_gmt":"2025-03-01T08:57:56","slug":"criptoestafa-mauricio-novelli-le-respondio-a-the-new-york-times","status":"publish","type":"post","link":"https:\/\/radiofenix.com.ar\/2023\/criptoestafa-mauricio-novelli-le-respondio-a-the-new-york-times\/","title":{"rendered":"Criptoestafa: Mauricio Novelli le respondi\u00f3 a The New York Times"},"content":{"rendered":"<div id=\"\">\n<p>El texto firmado por los periodistas Jack Nicas y David Yaffe-Bellany asegura que Novelli, organizador del mencionado evento, se ofrec\u00eda como <strong>intermediario para obtener un \u201cmeet and greet\u201d con el mandatario argentino, a cambio de pagos que se elevaban a U$S50.000<\/strong>.<\/p>\n<p>La publicaci\u00f3n hace hincapi\u00e9 en que la presunta reuni\u00f3n privada con Milei en el marco del Tech Forum fue al final una foto grupal, y dos de esos empresarios contaron al <em>The New York Times<\/em> que <strong>para profundizar el contacto con el Presidente deb\u00edan pagar m\u00e1s de lo ya abonado<\/strong>.<\/p>\n<div contenteditable=\"false\" class=\"embed_cont type_imagen\" id=\"8044901-Libre-1715527550_wrap\">\n<p>Javier Milei en el Tech Forum.jpg <span onclick=\"parent.parent.TinyMCETdcuerpo.preview_embed('8044901-Libre-1715527550')\" class=\"embed_colapse less\" id=\"8044901-Libre-1715527550_colapse\"\/>  <span onclick=\"parent.parent.TinyMCETdcuerpo.delete_embed('8044901-Libre-1715527550')\" class=\"embed_delete less\" id=\"8044901-Libre-1715527550_delete\"\/><\/p>\n<div id=\"8044901-Libre-1715527550_content\" class=\"embed_content\"><img decoding=\"async\" src=\"https:\/\/media.minutouno.com\/p\/424531f5a38c0fb96321fc1b753ee33b\/adjuntos\/150\/imagenes\/042\/222\/0042222694\/610x0\/smart\/javier-milei-el-tech-forumjpg.jpg\" alt=\"Javier Milei en el Tech Forum.\" title=\"Javier Milei en el Tech Forum.\" width=\"610\" height=\"undefined\" id=\"8044901-Libre-1715527550_embed\"\/><\/div>\n<div id=\"8044901-Libre-1715527550_epigrafe\" class=\"embed_epigrafe\">\n<p> Javier Milei en el Tech Forum.<\/p>\n<\/div><\/div>\n<p>Otro empresario citado por la publicaci\u00f3n asegur\u00f3 que \u201c(Hayden) Davis hizo una oferta a\u00fan m\u00e1s descarada por escrito: <strong>ofrecer\u00eda una reuni\u00f3n con Milei y una asociaci\u00f3n con el gobierno argentino a cambio de aproximadamente 90 millones de d\u00f3lares en criptomonedas<\/strong> durante 27 meses\u201d.<\/p>\n<h2>La r\u00e9plica de Mauricio Novelli al New York Times<\/h2>\n<p>Una vez publicado el art\u00edculo de <em>The New York Times<\/em>, Mauricio Novelli declar\u00f3 que \u201cse trata de una mentira total. <strong>Niego enfaticamente haber cobrado dinero para facilitar reuniones con autoridades gubernamentales<\/strong>. Es un disparate\u201d, enfatizo.<\/p>\n<p>\u201cTech Forum fue un evento de networking muy significativo para el ecosistema cripto, <strong>disenado para conectar a empresas tecnologicas, inversores y lideres del sector financiero y su acceso y participacion<\/strong> fue gratuito\u201d, a\u00f1adi\u00f3.<\/p>\n<p>Tambi\u00e9n asegur\u00f3 que ese evento \u201cse financi\u00f3 exclusivamente con sponsoreo de empresas privadas. Los costos asociados a la participaci\u00f3n como sponsor o partner reflejaban la calidad y la exclusividad del evento. Tal como es uso y costumbre en eventos de esta naturaleza, <strong>el pago por participaci\u00f3n garantizaba a las empresas visibilidad ante inversores y compa\u00f1\u00edas claves del sector tecnol\u00f3gico<\/strong>\u201d, a\u00f1adi\u00f3.<\/p>\n<p>Por ultimo, Novelli manifesto sentirse absolutamente tranquilo respecto de su accionar, refiriendo que \u201c<strong>jam\u00e1s cobr\u00e9 un centavo para armar reuniones en la Casa de Gobierno<\/strong> as\u00ed como <strong>tampoco gan\u00e9 un centavo con el trading de Libra<\/strong>. Ni yo ni nadie de Tech Forum manejamos o gestionamos fondos de Libra\u201d, concluy\u00f3.<\/p>\n<div contenteditable=\"false\" class=\"embed_cont type_freetext\" rel=\"freetext\" id=\"embed87_wrap\">\n<p> Embed <span onclick=\"parent.parent.TinyMCETdcuerpo.preview_embed('embed87')\" class=\"embed_colapse less\" id=\"embed87_colapse\"\/>  <span onclick=\"parent.parent.TinyMCETdcuerpo.delete_embed('embed87')\" class=\"embed_delete less\" id=\"embed87_delete\"\/><\/p>\n<div id=\"embed87_content\" class=\"embed_content\">\n<div id=\"embed87_embed\">\n<figure class=\"figure\"><a href=\"https:\/\/t.me\/minutounocom\" target=\"_blank\" rel=\"noopener\"><img decoding=\"async\" src=\"https:\/\/media.minutouno.com\/adjuntos\/150\/banners\/039\/099\/0039099175.jpg\" class=\"figure-img img-fluid\" style=\"width:100%;height:auto;\"\/><\/a><\/figure>\n<\/p><\/div>\n<\/div><\/div>\n<\/div>\n<p><a href=\"https:\/\/www.minutouno.com\/politica\/criptoestafa-mauricio-novelli-le-respondio-the-new-york-times-n6118935\">source<\/a><\/p>\n","protected":false},"excerpt":{"rendered":"<p>El texto firmado por los periodistas Jack Nicas y David Yaffe-Bellany asegura que Novelli, organizador&#8230;<\/p>\n","protected":false},"author":0,"featured_media":197652,"comment_status":"open","ping_status":"open","sticky":false,"template":"","format":"standard","meta":{"footnotes":""},"categories":[2],"tags":[],"class_list":["post-197651","post","type-post","status-publish","format-standard","has-post-thumbnail","hentry","category-politica"],"featured_image_urls":{"full":["https:\/\/radiofenix.com.ar\/2023\/wp-content\/uploads\/wp-header-logo.png",0,0,false],"thumbnail":["https:\/\/radiofenix.com.ar\/2023\/wp-content\/uploads\/wp-header-logo.png",1,1,false],"medium":["https:\/\/radiofenix.com.ar\/2023\/wp-content\/uploads\/wp-header-logo.png",1,1,false],"medium_large":["https:\/\/radiofenix.com.ar\/2023\/wp-content\/uploads\/wp-header-logo.png",1,1,false],"large":["https:\/\/radiofenix.com.ar\/2023\/wp-content\/uploads\/wp-header-logo.png",1,1,false],"1536x1536":["https:\/\/radiofenix.com.ar\/2023\/wp-content\/uploads\/wp-header-logo.png",1,1,false],"2048x2048":["https:\/\/radiofenix.com.ar\/2023\/wp-content\/uploads\/wp-header-logo.png",1,1,false],"newsium-slider-full":["https:\/\/radiofenix.com.ar\/2023\/wp-content\/uploads\/wp-header-logo.png",1,1,false],"newsium-featured":["https:\/\/radiofenix.com.ar\/2023\/wp-content\/uploads\/wp-header-logo.png",1,1,false],"newsium-medium":["https:\/\/radiofenix.com.ar\/2023\/wp-content\/uploads\/wp-header-logo.png",1,1,false]},"author_info":{"info":[""]},"category_info":"<a href=\"https:\/\/radiofenix.com.ar\/2023\/category\/politica\/\" rel=\"category tag\">Pol\u00edtica<\/a>","tag_info":"Pol\u00edtica","comment_count":"0","_links":{"self":[{"href":"https:\/\/radiofenix.com.ar\/2023\/wp-json\/wp\/v2\/posts\/197651","targetHints":{"allow":["GET"]}}],"collection":[{"href":"https:\/\/radiofenix.com.ar\/2023\/wp-json\/wp\/v2\/posts"}],"about":[{"href":"https:\/\/radiofenix.com.ar\/2023\/wp-json\/wp\/v2\/types\/post"}],"replies":[{"embeddable":true,"href":"https:\/\/radiofenix.com.ar\/2023\/wp-json\/wp\/v2\/comments?post=197651"}],"version-history":[{"count":0,"href":"https:\/\/radiofenix.com.ar\/2023\/wp-json\/wp\/v2\/posts\/197651\/revisions"}],"wp:featuredmedia":[{"embeddable":true,"href":"https:\/\/radiofenix.com.ar\/2023\/wp-json\/wp\/v2\/media\/197652"}],"wp:attachment":[{"href":"https:\/\/radiofenix.com.ar\/2023\/wp-json\/wp\/v2\/media?parent=197651"}],"wp:term":[{"taxonomy":"category","embeddable":true,"href":"https:\/\/radiofenix.com.ar\/2023\/wp-json\/wp\/v2\/categories?post=197651"},{"taxonomy":"post_tag","embeddable":true,"href":"https:\/\/radiofenix.com.ar\/2023\/wp-json\/wp\/v2\/tags?post=197651"}],"curies":[{"name":"wp","href":"https:\/\/api.w.org\/{rel}","templated":true}]}}