{"id":197653,"date":"2025-03-01T08:57:58","date_gmt":"2025-03-01T08:57:58","guid":{"rendered":"https:\/\/radiofenix.com.ar\/2023\/reabrira-el-teatro-argentino-de-la-ciudad-de-buenos-aires\/"},"modified":"2025-03-01T08:57:58","modified_gmt":"2025-03-01T08:57:58","slug":"reabrira-el-teatro-argentino-de-la-ciudad-de-buenos-aires","status":"publish","type":"post","link":"https:\/\/radiofenix.com.ar\/2023\/reabrira-el-teatro-argentino-de-la-ciudad-de-buenos-aires\/","title":{"rendered":"Reabrir\u00e1 el Teatro Argentino de la Ciudad de Buenos Aires"},"content":{"rendered":"<div><!-- Body --><\/p>\n<p>Es curioso que hasta el momento no hubiera ninguna sala de teatro con el nombre de Norma Aleandro en la ciudad de Buenos Aires. Eso ya no es as\u00ed porque este mi\u00e9rcoles se present\u00f3 oficialmente un nuevo espacio que, al mismo tiempo, es m\u00edtico. Se trata de la reapertura del <b>Teatro Argentino<\/b> ubicado en Bartolom\u00e9 Mitre 1444, donde en su \u00e9poca de m\u00e1ximo esplendor actuaron legendarios artistas como Parravicini, Pablo Podest\u00e1 y Florencio S\u00e1nchez. El evento se llev\u00f3 a cabo en el Sal\u00f3n Dorado del Teatro Col\u00f3n y cont\u00f3 con la participaci\u00f3n de artistas, gestores culturales, funcionarios y prensa. Estuvieron presentes la bailarina <b>Eleonora Cassano<\/b> y los actores <b>Marcos Montes, Boy Olmi y Alan Daicz<\/b>, entre otros.<\/p>\n<p>\u00abEl mi\u00e9rcoles 2 de mayo de 1973 estaba previsto el estreno de <b>la comedia musical <i>Jesucristo Superstar<\/i><\/b>, un gran evento en el Teatro Argentino. Pero eso nunca sucedi\u00f3. En la ma\u00f1ana del d\u00eda del debut, antes de las 8, mientras mucha gente trabajaba y ultimaba detalles para el estreno, un grupo comando de siete personas entr\u00f3 a los tiros, vandaliz\u00f3 y prendi\u00f3 fuego el espacio. Ese teatro pertenec\u00eda a Alejandro Romay, que tuvo que cerrar las puertas. As\u00ed permaneci\u00f3 por m\u00e1s de 50 a\u00f1os hasta que la desarrolladora Alto Grande compr\u00f3 ese espacio para un emprendimiento inmobiliario y asumi\u00f3 el compromiso de volver a construir una sala\u00bb, narr\u00f3 al inicio del encuentro el actor <b>Gerardo Chendo<\/b>, que ofici\u00f3 de conductor.<\/p>\n<p>Afortunadamente, la Ley 14.800 establece en su art\u00edculo 2\u00ba que \u00aben los casos de demolici\u00f3n de salas teatrales, el propietario de la finca tendr\u00e1 la obligaci\u00f3n de construir en el nuevo edificio un ambiente teatral de caracter\u00edsticas semejantes a la sala demolida\u00bb. Ese fue el compromiso asumido por la empresa liderada por <b>Mariano Maioli<\/b>, que se puso al frente de la reapertura del Teatro Argentino con un proyecto que tendr\u00e1 dos etapas: la puesta a punto del Foyer\u00a0\u2013un lugar vers\u00e1til que albergar\u00e1 obras de arte, instalaciones interactivas y eventos culturales\u2013 y la inauguraci\u00f3n de la Sala Norma Aleandro, con <b>capacidad para m\u00e1s de 700 personas y una terraza que combinar\u00e1 propuestas gastron\u00f3micas con experiencias esc\u00e9nicas.<\/b><\/p>\n<p>Para amenizar la velada, el m\u00fasico <b>Gast\u00f3n Vietto<\/b> interpret\u00f3 una canci\u00f3n de su autor\u00eda (\u00abRegreso\u00bb) y \u00abSeguir viviendo sin tu amor\u00bb, de Luis Alberto Spinetta. La actriz homenajeada no pudo estar presente pero su representante, <b>Alejandro Vannelli<\/b>, expres\u00f3 ante el auditorio: \u00ab\u00a1Qu\u00e9 alegr\u00eda que se abra un teatro en este momento de Argentina y del mundo! Para la cultura es muy necesario. Como su representante, puedo decir que Norma es conocida por todos ustedes y seguramente, al igual que yo, han disfrutado, se han emocionado, se han re\u00eddo y se han conmocionado con algunos de sus trabajos maravillosos en cine, teatro o televisi\u00f3n\u00bb, y mencion\u00f3 <i>La tregua<\/i>, <i>La historia oficial<\/i>,\u00a0<i>El hijo de la novia<\/i>, <i>Las peque\u00f1as patriotas<\/i>,\u00a0<i>Escenas de la vida conyugal <\/i>y <i>Agosto <\/i>como ejemplos ic\u00f3nicos.<\/p>\n<p>\u00ab\u00bfQu\u00e9 mejor que nombrar a una sala de teatro estando Norma viva, con ganas, con energ\u00eda? Fue una buena idea de Mariano y toda la gente que trabaja con \u00e9l. Como representante he disfrutado y sigo disfrutado de su talento y de su humor maravilloso que nos ha hecho pasar unos tecitos muy lindos a la tarde, as\u00ed que es un gran orgullo. Ya son m\u00e1s de 30 a\u00f1os junto a Norma\u00bb. Vannelli record\u00f3 tambi\u00e9n su experiencia como espectador en aquel m\u00edtico espacio, donde vio el estreno de <i>Israfel<\/i>, de Abelardo Castillo, con protag\u00f3nico de Alfredo Alc\u00f3n y direcci\u00f3n de Inda Ledesma. El representante record\u00f3 que ten\u00eda entradas para ver <i>Jesucristo Superstar <\/i>y durante mucho tiempo las guard\u00f3 como una reliquia. \u00abSe abre un teatro despu\u00e9s de tantos que se han incendiado o dinamitado por alguna bomba como pas\u00f3 con El Picadero durante la dictadura o con el Estrellas, donde Nacha presentaba su espect\u00e1culo <i>Las mil y una Nachas<\/i>.<b> No va a haber inteligencia artificial que pueda tirar abajo el teatro porque es una ceremonia irrepetible. \u00a1Viva el teatro!\u00bb<\/b>, festej\u00f3.<\/p>\n<p>A lo largo del encuentro tambi\u00e9n tomaron la palabra el empresario Mariano Maioli y parte del equipo multidisciplinario que se arm\u00f3 para llevar adelante este proyecto: <b>Diego Sebasti\u00e1n Oria<\/b> (director art\u00edstico)\u00a0dijo que el Teatro Argentino buscar\u00e1 \u00abencontrar a un p\u00fablico que tal vez todav\u00eda no lleg\u00f3 al teatro\u00bb y\u00a0<b>Mat\u00edas Taverna <\/b>(director de producci\u00f3n)\u00a0inform\u00f3 que est\u00e1n \u00ababiertos a recibir propuestas y son todos m\u00e1s que bienvenidos al teatro a partir de julio del 2025\u00bb. Maioli, por su parte, agradeci\u00f3 a su familia, a su equipo y a las autoridades del Teatro Col\u00f3n por albergar la presentaci\u00f3n, y record\u00f3 los or\u00edgenes de un proyecto ambicioso: la propuesta\u00a0para reconstruir el Teatro Argentino fue presentada por el gestor y dramaturgo Miguel Rottenberg (padre del productor Carlos Rottenberg fallecido en abril de 2024): \u00abHicimos una reuni\u00f3n con Alejandro Romay, a quien tuve el gusto de conocer, y con Rottenberg. A partir de ah\u00ed fue todo lindo, nos pusimos de acuerdo y cerramos el trato. Fue complejo y llev\u00f3 mucho esfuerzo, pero eso me encanta\u00bb.<\/p>\n<p>Hacia el final se proyect\u00f3 un video donde\u00a0<b>Ricardo Dar\u00edn, Andrea Pietra, Adri\u00e1n Suar y Marcos Montes<\/b> celebraron el talento y la calidad humana de Aleandro, mientras que el arquitecto <b>Oscar Fuentes <\/b>y la ministra de Cultura de CABA, <b>Gabriela Ricardes<\/b>, hablaron sobre la reapertura. El GCBA declar\u00f3 de inter\u00e9s cultural el evento y la ministra expres\u00f3 su \u00abapoyo a todos aquellos que desean emprender en esta ciudad y generar trabajo en la capital cultural conocida en el mundo por su teatro\u00bb. El cierre musical estuvo a cargo de la cantante <b>Sandra Mihanovich<\/b>, quien celebr\u00f3 la noticia de un nuevo teatro e interpret\u00f3 \u00abAlgo est\u00e1 sucediendo\u00bb, \u00abEs la vida que me alcanza\u00bb y \u00abHonrar la vida\u00bb. Luego se comparti\u00f3 un breve audio de Norma, quien expres\u00f3 su agradecimiento, y Chendo dedic\u00f3 el encuentro \u00aba quienes siguen creyendo que la cultura, en todas sus manifestaciones, es indispensable porque nos hace la vida m\u00e1s hermosa y nos constituye como seres humanos\u00bb.<\/p>\n<p><!-- Live Blog Post --><\/div>\n<p><a href=\"https:\/\/www.pagina12.com.ar\/807488-reabrira-el-teatro-argentino-de-la-ciudad-de-buenos-aires\">source<\/a><\/p>\n","protected":false},"excerpt":{"rendered":"<p>Es curioso que hasta el momento no hubiera ninguna sala de teatro con el nombre&#8230;<\/p>\n","protected":false},"author":0,"featured_media":197654,"comment_status":"open","ping_status":"open","sticky":false,"template":"","format":"standard","meta":{"footnotes":""},"categories":[4],"tags":[],"class_list":["post-197653","post","type-post","status-publish","format-standard","has-post-thumbnail","hentry","category-espectaculos"],"featured_image_urls":{"full":["https:\/\/radiofenix.com.ar\/2023\/wp-content\/uploads\/wp-header-logo.png",0,0,false],"thumbnail":["https:\/\/radiofenix.com.ar\/2023\/wp-content\/uploads\/wp-header-logo.png",1,1,false],"medium":["https:\/\/radiofenix.com.ar\/2023\/wp-content\/uploads\/wp-header-logo.png",1,1,false],"medium_large":["https:\/\/radiofenix.com.ar\/2023\/wp-content\/uploads\/wp-header-logo.png",1,1,false],"large":["https:\/\/radiofenix.com.ar\/2023\/wp-content\/uploads\/wp-header-logo.png",1,1,false],"1536x1536":["https:\/\/radiofenix.com.ar\/2023\/wp-content\/uploads\/wp-header-logo.png",1,1,false],"2048x2048":["https:\/\/radiofenix.com.ar\/2023\/wp-content\/uploads\/wp-header-logo.png",1,1,false],"newsium-slider-full":["https:\/\/radiofenix.com.ar\/2023\/wp-content\/uploads\/wp-header-logo.png",1,1,false],"newsium-featured":["https:\/\/radiofenix.com.ar\/2023\/wp-content\/uploads\/wp-header-logo.png",1,1,false],"newsium-medium":["https:\/\/radiofenix.com.ar\/2023\/wp-content\/uploads\/wp-header-logo.png",1,1,false]},"author_info":{"info":[""]},"category_info":"<a href=\"https:\/\/radiofenix.com.ar\/2023\/category\/espectaculos\/\" rel=\"category tag\">Espectaculos<\/a>","tag_info":"Espectaculos","comment_count":"0","_links":{"self":[{"href":"https:\/\/radiofenix.com.ar\/2023\/wp-json\/wp\/v2\/posts\/197653","targetHints":{"allow":["GET"]}}],"collection":[{"href":"https:\/\/radiofenix.com.ar\/2023\/wp-json\/wp\/v2\/posts"}],"about":[{"href":"https:\/\/radiofenix.com.ar\/2023\/wp-json\/wp\/v2\/types\/post"}],"replies":[{"embeddable":true,"href":"https:\/\/radiofenix.com.ar\/2023\/wp-json\/wp\/v2\/comments?post=197653"}],"version-history":[{"count":0,"href":"https:\/\/radiofenix.com.ar\/2023\/wp-json\/wp\/v2\/posts\/197653\/revisions"}],"wp:featuredmedia":[{"embeddable":true,"href":"https:\/\/radiofenix.com.ar\/2023\/wp-json\/wp\/v2\/media\/197654"}],"wp:attachment":[{"href":"https:\/\/radiofenix.com.ar\/2023\/wp-json\/wp\/v2\/media?parent=197653"}],"wp:term":[{"taxonomy":"category","embeddable":true,"href":"https:\/\/radiofenix.com.ar\/2023\/wp-json\/wp\/v2\/categories?post=197653"},{"taxonomy":"post_tag","embeddable":true,"href":"https:\/\/radiofenix.com.ar\/2023\/wp-json\/wp\/v2\/tags?post=197653"}],"curies":[{"name":"wp","href":"https:\/\/api.w.org\/{rel}","templated":true}]}}