{"id":197803,"date":"2025-03-14T08:57:53","date_gmt":"2025-03-14T08:57:53","guid":{"rendered":"https:\/\/radiofenix.com.ar\/2023\/caos-los-crimenes-de-manson-en-netflix-buscando-otra-luz\/"},"modified":"2025-03-14T08:57:53","modified_gmt":"2025-03-14T08:57:53","slug":"caos-los-crimenes-de-manson-en-netflix-buscando-otra-luz","status":"publish","type":"post","link":"https:\/\/radiofenix.com.ar\/2023\/caos-los-crimenes-de-manson-en-netflix-buscando-otra-luz\/","title":{"rendered":"&quot;Caos: los cr\u00edmenes de Manson&quot;, en Netflix: buscando otra luz"},"content":{"rendered":"<div><!-- Body --><\/p>\n<h2>Caos: los cr\u00edmenes de Manson &#8211; 6 puntos<\/h2>\n<p><i>(Chaos: The Manson Murders, <\/i>Estados Unidos\/2025)<\/p>\n<p><b>Direcci\u00f3n:<\/b> Errol Morris<\/p>\n<p><b>Duraci\u00f3n: <\/b>95 minutos<\/p>\n<p><i>Disponible en Netflix<\/i><\/p>\n<p>TRAILER:\u00a0<\/p>\n<p>\u201c\u00bfOtro documental sobre<b> los asesinatos del Clan Manson?\u201d<\/b> La pregunta resulta por dem\u00e1s v\u00e1lida en un contexto donde las series y pel\u00edculas que indagan en los pormenores de cr\u00edmenes c\u00e9lebres \u2013el g\u00e9nero llamado <i>true crime<\/i>\u2013 se han vuelto <b>uno de los platos predilectos de la dieta ofertada por las plataformas.<\/b> Es, adem\u00e1s, uno los casos policiales m\u00e1s analizados, teorizados y conocidos de las \u00faltimas d\u00e9cadas. Y ya pasaron m\u00e1s de 55 a\u00f1os desde aquel <b>8 y 9 de agosto de 1969<\/b> en que un grupo de seguidores de este \u201cgur\u00fa espiritual\u201d con \u00ednfulas de deidad <b>asesin\u00f3 a siete personas,<\/b> incluyendo a la actriz <b>Sharon Tate, <\/b>por entonces pareja del realizador Roman Polanski y embarazada de m\u00e1s de ocho de meses. <\/p>\n<p><iframe style=\"border: 0px; position: absolute; top: 0px; left: 0px; height: 100%;\" allowfullscreen=\"\" frameborder=\"0\" src=\"https:\/\/www.youtube.com\/embed\/EOuqwp-krD0\"><\/iframe><\/p>\n<p>Pero quien ocupa la silla plegable de <i>Caos: Los cr\u00edmenes de Manson<\/i> no es otro que <b>Errol Morris, <\/b>quien dedic\u00f3 buena parte de su filmograf\u00eda a investigaciones en las que conviven <b>lo criminal, lo pol\u00edtico, lo social y la historia estadounidense.<\/b> Ver sino <i>La delgada l\u00ednea azul <\/i>(1988), sobre el juicio y la condena de Randall Dale Adams por el tiroteo en 1976 del polic\u00eda de Dallas <b>Robert W. Wood, <\/b>sin el cual es muy probable que el g\u00e9nero <i>true crime<\/i> no ser\u00eda lo que es. Esos cuatro elementos vuelven a conjugarse a lo largo de los poco m\u00e1s de 90 minutos de esta flamante producci\u00f3n de la plataforma <b>Netflix<\/b>. <\/p>\n<p>Pero la idea de analizar bajo este prisma el caso Manson no es de Morris, sino del <b>periodista Tom O\u2019Neill,<\/b> a quien en 1999 le pidieron un art\u00edculo por el 30\u00ba aniversario de los hechos. Aquella investigaci\u00f3n fue la base de una mucha m\u00e1s grande que se convirti\u00f3 en el libro <i>CHAOS: Charles Manson, the CIA, and the Secret History of the Sixties<\/i>, publicado en 2019 y en el que puso el foco en<b> tres programas desarrollados por el FBI y la CIA<\/b> a partir de principios de 1960 con la idea de incidir en los temas m\u00e1s \u00e1lgidos de la agenda sociopol\u00edtica del momento. <\/p>\n<p>El <b>Mkultra<\/b>, por ejemplo, investigaba las drogas psicoactivas y alucin\u00f3genas para ver qu\u00e9 tan posible era conseguir que una persona pudiera cumplir cualquier orden sin siquiera pensar en pensarlas. Por su parte, <b>Cointelpro <\/b>y el mencionado <b>Chaos <\/b>propon\u00edan la <b>infiltraci\u00f3n <\/b>en organizaciones de izquierda y de defensa de los derechos racionales, con la afroamericana <b>Black Panther<\/b> a la cabeza. La posibilidad que desliza O\u2019Neill, y que cuadra a la perfecci\u00f3n con los intereses habituales de Morris, es que <b>Charles Manson pudo haber formado parte,<\/b> a falta de uno,<b> de todos ellos. <\/b><\/p>\n<p>Morris no firma a libro cerrado esa teor\u00eda, aunque s\u00ed exhibe diversos documentos, videos de archivo y entrevistas (incluyendo al propio O\u2019Neill y a funcionarios p\u00fablicos que participaron del juicio) relacionado con los programas y las puntas que los unen con Manson. Por fuera de eso, Caos recorre los <b>antecedentes <\/b>del personaje, su vida en comunidad con un s\u00e9quito de chicas en el Spahn Ranch de San Francisco, la din\u00e1mica de los cr\u00edmenes de 1969, el proceso jur\u00eddico y las repercusiones de un caso que, queda claro, sigue despertando partes iguales de<b> fascinaci\u00f3n y morbo.\u00a0<\/b><\/p>\n<p><!-- Live Blog Post --><\/div>\n<p><a href=\"https:\/\/www.pagina12.com.ar\/810502-caos-los-crimenes-de-manson-en-netflix-buscando-otra-luz\">source<\/a><\/p>\n","protected":false},"excerpt":{"rendered":"<p>Caos: los cr\u00edmenes de Manson &#8211; 6 puntos (Chaos: The Manson Murders, Estados Unidos\/2025) Direcci\u00f3n:&#8230;<\/p>\n","protected":false},"author":0,"featured_media":197804,"comment_status":"open","ping_status":"open","sticky":false,"template":"","format":"standard","meta":{"footnotes":""},"categories":[4],"tags":[],"class_list":["post-197803","post","type-post","status-publish","format-standard","has-post-thumbnail","hentry","category-espectaculos"],"featured_image_urls":{"full":["https:\/\/radiofenix.com.ar\/2023\/wp-content\/uploads\/wp-header-logo.png",0,0,false],"thumbnail":["https:\/\/radiofenix.com.ar\/2023\/wp-content\/uploads\/wp-header-logo.png",1,1,false],"medium":["https:\/\/radiofenix.com.ar\/2023\/wp-content\/uploads\/wp-header-logo.png",1,1,false],"medium_large":["https:\/\/radiofenix.com.ar\/2023\/wp-content\/uploads\/wp-header-logo.png",1,1,false],"large":["https:\/\/radiofenix.com.ar\/2023\/wp-content\/uploads\/wp-header-logo.png",1,1,false],"1536x1536":["https:\/\/radiofenix.com.ar\/2023\/wp-content\/uploads\/wp-header-logo.png",1,1,false],"2048x2048":["https:\/\/radiofenix.com.ar\/2023\/wp-content\/uploads\/wp-header-logo.png",1,1,false],"newsium-slider-full":["https:\/\/radiofenix.com.ar\/2023\/wp-content\/uploads\/wp-header-logo.png",1,1,false],"newsium-featured":["https:\/\/radiofenix.com.ar\/2023\/wp-content\/uploads\/wp-header-logo.png",1,1,false],"newsium-medium":["https:\/\/radiofenix.com.ar\/2023\/wp-content\/uploads\/wp-header-logo.png",1,1,false]},"author_info":{"info":[""]},"category_info":"<a href=\"https:\/\/radiofenix.com.ar\/2023\/category\/espectaculos\/\" rel=\"category tag\">Espectaculos<\/a>","tag_info":"Espectaculos","comment_count":"0","_links":{"self":[{"href":"https:\/\/radiofenix.com.ar\/2023\/wp-json\/wp\/v2\/posts\/197803","targetHints":{"allow":["GET"]}}],"collection":[{"href":"https:\/\/radiofenix.com.ar\/2023\/wp-json\/wp\/v2\/posts"}],"about":[{"href":"https:\/\/radiofenix.com.ar\/2023\/wp-json\/wp\/v2\/types\/post"}],"replies":[{"embeddable":true,"href":"https:\/\/radiofenix.com.ar\/2023\/wp-json\/wp\/v2\/comments?post=197803"}],"version-history":[{"count":0,"href":"https:\/\/radiofenix.com.ar\/2023\/wp-json\/wp\/v2\/posts\/197803\/revisions"}],"wp:featuredmedia":[{"embeddable":true,"href":"https:\/\/radiofenix.com.ar\/2023\/wp-json\/wp\/v2\/media\/197804"}],"wp:attachment":[{"href":"https:\/\/radiofenix.com.ar\/2023\/wp-json\/wp\/v2\/media?parent=197803"}],"wp:term":[{"taxonomy":"category","embeddable":true,"href":"https:\/\/radiofenix.com.ar\/2023\/wp-json\/wp\/v2\/categories?post=197803"},{"taxonomy":"post_tag","embeddable":true,"href":"https:\/\/radiofenix.com.ar\/2023\/wp-json\/wp\/v2\/tags?post=197803"}],"curies":[{"name":"wp","href":"https:\/\/api.w.org\/{rel}","templated":true}]}}