{"id":197815,"date":"2025-03-15T08:57:59","date_gmt":"2025-03-15T08:57:59","guid":{"rendered":"https:\/\/radiofenix.com.ar\/2023\/comienza-potencia-nina-ciclo-de-musica-para-las-infancias\/"},"modified":"2025-03-15T08:57:59","modified_gmt":"2025-03-15T08:57:59","slug":"comienza-potencia-nina-ciclo-de-musica-para-las-infancias","status":"publish","type":"post","link":"https:\/\/radiofenix.com.ar\/2023\/comienza-potencia-nina-ciclo-de-musica-para-las-infancias\/","title":{"rendered":"Comienza &quot;Potencia Ni\u00f1a&quot;, ciclo de m\u00fasica para las infancias"},"content":{"rendered":"<div><!-- Body --><\/p>\n<p>Empoderar a las ni\u00f1eces. Politizar la ternura. Con esas propuestas, comienza <b><i>Potencia Ni\u00f1a,\u00a0<\/i>ciclo de m\u00fasica para las infancias<\/b> que invita a <b>cuatro encuentros con arte y reflexi\u00f3n<\/b>.<i> <\/i>Ser\u00e1 <b>desde este s\u00e1bado 15 de marzo, todos los s\u00e1bados a las 16.30 horas<\/b>, en el Espacio Experimental Le\u00f3nidas Barletta (Sala Inda Ledesma) del <b>Centro Cultural de la Cooperaci\u00f3n, ubicado en Roque S\u00e1enz Pe\u00f1a 943<\/b>. Las entradas se adquieren en: <a href=\"https:\/\/www.centrocultural.coop\/eventos\/potencia-nina\" target=\"_blank\" rel=\"noopener\">https:\/\/www.centrocultural.coop\/eventos\/potencia-nina<\/a><\/p>\n<p>La convocatoria re\u00fane a artistas y profesionales de diversos campos porque, adem\u00e1s de canto y baile, el festival propone una serie de debates para repensar el mundo de la ni\u00f1ez. Y es por eso que a la participaci\u00f3n de <b>Vuelta Canela, Anda Calabaza, Mariana Baggio, Teresa Usandivaras, Ana Iniesta y la Banda de la Luna<\/b>, y las payasas <b>Nidea, Pokita Pocket y Filomena<\/b>, se suman el soci\u00f3logo <b>Santiago Morales<\/b> y la educadora <b>Gabriela Magistris<\/b>.<\/p>\n<p>El s\u00e1bado 15 inicia con <i><b>Derechos perdidos<\/b><\/i>, mientras el s\u00e1bado 22<i> <\/i>ser\u00e1 el turno de <i>Ni\u00f1eces libres. <\/i>Las<i>\u00a0<\/i>jornadas contar\u00e1n con <b>debates po\u00e9tico musicales<\/b> donde los ejes tem\u00e1ticos girar\u00e1n en torno al juego, a la diversidad como derecho, los mandatos de g\u00e9nero y la representaci\u00f3n hist\u00f3rica de las infancias, entre otros. Y la programaci\u00f3n continuar\u00e1 el s\u00e1bado 29 con <i>Cuerpo y juego<\/i>, y el s\u00e1bado 5 de abril con <i>Barcos y mariposas musiqueras,<\/i>\u00a0con agendas\u00a0que pondr\u00e1n el foco en el cuerpo y en la historia de la m\u00fasica infantil. <\/p>\n<p>\u201cLes ni\u00f1es necesitan sus espacios propios. Y en estos tiempos duros vale m\u00e1s entender el contexto y abrazarnos de manera certera\u201d, comenta la cantante <b>Ana Iniesta, una de las creadoras de este proyecto art\u00edstico multidisciplinario<\/b>. \u201cEsta es<i> <\/i>una apuesta en la que buscamos enlazar m\u00faltiples lenguajes para que las ni\u00f1eces, y todas las personas que asistan, vivan una experiencia est\u00e9tica y de encuentro con la belleza y el pensamiento en sus m\u00faltiples registros\u201d, completa el soci\u00f3logo Santiago Morales, integrante de Ternura Revelde<i>, <\/i>un colectivo de educadoras y educadores populares formado en 2018 con el objetivo de \u201cponerle un freno al adultocentrismo y expandir el protagonismo de ni\u00f1as y ni\u00f1os\u201d.  <\/p>\n<p>\u201cHabr\u00e1 mucha m\u00fasica, desaf\u00edos, sorpresas, poes\u00eda, belleza, juegos y alegr\u00eda\u201d, anticipa por su lado <b>Nina Lenze<\/b>, quien encarna a la entra\u00f1able Filomena en el grupo Vuelta Canela. \u201cNuestra participaci\u00f3n propondr\u00e1 un intercambio con el p\u00fablico, y sobre todo con las infancias, porque con esta propuesta se trata, precisamente, de darles voz\u201d, agrega.   <\/p>\n<p><b>-\u00bfC\u00f3mo surgi\u00f3 la idea de armar este ciclo?<\/b><\/p>\n<p><b>Ana Iniesta:<\/b> -Surgi\u00f3 a partir de las ganas de hacer un cruce entre quienes escriben el corpus te\u00f3rico -les creadores de Ternura Revelde- acerca de la crueldad del adultocentrismo y sus consecuencias, y quienes le hacemos frente a eso en nuestra acci\u00f3n po\u00e9tica pensando en les ni\u00f1es como sujetos inteligentes y sensibles. Sent\u00ed que era necesario inaugurar un espacio donde conocernos y compartir, porque nos falta ese lugar de creaci\u00f3n colectiva, y hoy las infancias nos necesitan pensando y haciendo juntes. Sobre todo en este contexto de cierre de espacios culturales que nos afecta especialmente a los grupos que no pertenecemos al \u201cmainstream\u201d.<\/p>\n<p><b>-\u00bfCu\u00e1les son las problem\u00e1ticas y tem\u00e1ticas en torno a las infancias que se debatir\u00e1n durante el ciclo? <\/b><\/p>\n<p><b>Santiago Morales:<\/b> -Hablaremos acerca de algunos derechos perdidos y pensaremos algunas cosas en las que no solemos indagar como, por ejemplo, qu\u00e9 significa ser una persona adulta y qu\u00e9 estereotipos y mandatos se nos imponen socialmente. Y, fundamentalmente, cantaremos, nos reiremos y seremos asaltados por el asombro, esa poderosa emoci\u00f3n que cada vez nos visita menos cuando somos grandes. <\/p>\n<p><b>Nina Lenze:<\/b> -El ciclo ser\u00e1 una hermosa experiencia para seguir profundizando en el desaf\u00edo de dar un espacio a la voz de las ni\u00f1eces. Que puedan expresar sus deseos, preguntas e ideas. Que sean protagonistas de este momento. Que nos ense\u00f1en y les ense\u00f1emos. Tenemos que corrernos un poco de nuestra visi\u00f3n y posici\u00f3n adulta, y abrir el di\u00e1logo. Darles libertad, pero con responsabilidad, conciencia y contenci\u00f3n.<\/p>\n<p><b>-\u00bfQu\u00e9 desaf\u00edos implica crear contenido pedag\u00f3gico y art\u00edstico para las ni\u00f1eces de hoy? <\/b><\/p>\n<p><b>A.I.:<\/b> -Crear es siempre un desaf\u00edo vital para estar cerca de les ni\u00f1es. Escuchar qu\u00e9 les pasa, qu\u00e9 piensan, con qu\u00e9 se divierten y qu\u00e9 palabras usan es fundamental para sostener en nuestros espacios de encuentro la inocencia, el tiempo no apurado, y el cantar, bailar y jugar, valores que no queremos perder frente a la deshumanizaci\u00f3n que traen la inteligencia artificial y la exposici\u00f3n abusiva a las pantallas. No vemos al p\u00fablico infantil como un consumidor pasivo, y creemos que los modelos que estereotipan hacen mucho da\u00f1o y perpet\u00faan mandatos sociales que, lejos de dar disfrute y fortalecer su autonom\u00eda, convierte a les ni\u00f1es en dependientes del sistema. Por el contrario, desde nuestro lugar queremos ni\u00f1eces felices, sanas, con autocr\u00edtica y emp\u00e1ticas. <\/p>\n<p><b>S.M.:<\/b> -Nuestra sociedad expulsa a las ni\u00f1as y ni\u00f1os de los lugares que las personas adultas consideramos que nos pertenecen. Por eso, un inmenso desaf\u00edo es ofrecer formas de disfrute de tipo intergeneracional. Esa apuesta es un camino hacia la recuperaci\u00f3n de los espacios comunes, p\u00fablicos y comunitarios. Ante un mercado de plataformas que pretende que las ni\u00f1as y ni\u00f1os sean consumidores de contenido random, sensacionalista y efectivo, a los fines de capturar su atenci\u00f3n, este ciclo busca que las ni\u00f1as y ni\u00f1os sean ciudadanos que ejerzan todos sus derechos, especialmente uno perdido, olvidado y subestimado como el derecho a la belleza.<\/p>\n<p><b>-\u00bfQu\u00e9 expectativas tienen con estos encuentros? <\/b><\/p>\n<p><b>A.I.:<\/b> -Esperamos encontrarnos con una sala llena de ni\u00f1es y de adultes con el cuerpo y la voz disponibles para cantar, bailar y dejarse interpelar por las consignas y din\u00e1micas en las que escucharemos las voces de todes por igual. \u00bfCu\u00e1ndo y d\u00f3nde se pregunta a les ni\u00f1es por lo que piensan y sienten? Cuando le propuse encarar este proyecto a Santiago, ambos pensamos: \u201c\u00bfC\u00f3mo esto no se hizo antes?\u201d. Espero que cada fecha sea un encuentro distinto que nos sorprenda y abrace, invocando la potencia ni\u00f1a colectiva.<\/p>\n<p><b>N.L.:<\/b> -Nos da mucha alegr\u00eda ser parte de esta propuesta desafiante. Y tambi\u00e9n mucho v\u00e9rtigo y emoci\u00f3n. Porque ser parte de este ciclo implica seguir profundizando en algo que nos proponemos todos los d\u00edas con Vuelta Canela. Estamos felices de compartir con personas que queremos y admiramos, y que trabajan con tanto compromiso. Cada encuentro ser\u00e1 de mucho aprendizaje y disfrute. <\/p>\n<p><b>S.M.:<\/b> -Me hace ilusi\u00f3n que logremos, juntos y juntas, grandes y no tanto, reconciliar al coraz\u00f3n con la raz\u00f3n, a la est\u00e9tica con la \u00e9tica y al placer con lo intergeneracional. Que las personas adultas podamos re\u00edr como cuando \u00e9ramos ni\u00f1as y ni\u00f1os, y que cada ni\u00f1a y ni\u00f1o vea reflejada su dignidad en los ojos de las personas adultas que los acompa\u00f1en. No se logra con un ciclo, pero lo que buscamos es sembrar.<\/p>\n<p><!-- Live Blog Post --><\/div>\n<p><a href=\"https:\/\/www.pagina12.com.ar\/810804-comienza-potencia-nina-ciclo-de-musica-para-las-infancias\">source<\/a><\/p>\n","protected":false},"excerpt":{"rendered":"<p>Empoderar a las ni\u00f1eces. Politizar la ternura. Con esas propuestas, comienza Potencia Ni\u00f1a,\u00a0ciclo de m\u00fasica&#8230;<\/p>\n","protected":false},"author":0,"featured_media":197816,"comment_status":"open","ping_status":"open","sticky":false,"template":"","format":"standard","meta":{"footnotes":""},"categories":[4],"tags":[],"class_list":["post-197815","post","type-post","status-publish","format-standard","has-post-thumbnail","hentry","category-espectaculos"],"featured_image_urls":{"full":["https:\/\/radiofenix.com.ar\/2023\/wp-content\/uploads\/wp-header-logo.png",0,0,false],"thumbnail":["https:\/\/radiofenix.com.ar\/2023\/wp-content\/uploads\/wp-header-logo.png",1,1,false],"medium":["https:\/\/radiofenix.com.ar\/2023\/wp-content\/uploads\/wp-header-logo.png",1,1,false],"medium_large":["https:\/\/radiofenix.com.ar\/2023\/wp-content\/uploads\/wp-header-logo.png",1,1,false],"large":["https:\/\/radiofenix.com.ar\/2023\/wp-content\/uploads\/wp-header-logo.png",1,1,false],"1536x1536":["https:\/\/radiofenix.com.ar\/2023\/wp-content\/uploads\/wp-header-logo.png",1,1,false],"2048x2048":["https:\/\/radiofenix.com.ar\/2023\/wp-content\/uploads\/wp-header-logo.png",1,1,false],"newsium-slider-full":["https:\/\/radiofenix.com.ar\/2023\/wp-content\/uploads\/wp-header-logo.png",1,1,false],"newsium-featured":["https:\/\/radiofenix.com.ar\/2023\/wp-content\/uploads\/wp-header-logo.png",1,1,false],"newsium-medium":["https:\/\/radiofenix.com.ar\/2023\/wp-content\/uploads\/wp-header-logo.png",1,1,false]},"author_info":{"info":[""]},"category_info":"<a href=\"https:\/\/radiofenix.com.ar\/2023\/category\/espectaculos\/\" rel=\"category tag\">Espectaculos<\/a>","tag_info":"Espectaculos","comment_count":"0","_links":{"self":[{"href":"https:\/\/radiofenix.com.ar\/2023\/wp-json\/wp\/v2\/posts\/197815","targetHints":{"allow":["GET"]}}],"collection":[{"href":"https:\/\/radiofenix.com.ar\/2023\/wp-json\/wp\/v2\/posts"}],"about":[{"href":"https:\/\/radiofenix.com.ar\/2023\/wp-json\/wp\/v2\/types\/post"}],"replies":[{"embeddable":true,"href":"https:\/\/radiofenix.com.ar\/2023\/wp-json\/wp\/v2\/comments?post=197815"}],"version-history":[{"count":0,"href":"https:\/\/radiofenix.com.ar\/2023\/wp-json\/wp\/v2\/posts\/197815\/revisions"}],"wp:featuredmedia":[{"embeddable":true,"href":"https:\/\/radiofenix.com.ar\/2023\/wp-json\/wp\/v2\/media\/197816"}],"wp:attachment":[{"href":"https:\/\/radiofenix.com.ar\/2023\/wp-json\/wp\/v2\/media?parent=197815"}],"wp:term":[{"taxonomy":"category","embeddable":true,"href":"https:\/\/radiofenix.com.ar\/2023\/wp-json\/wp\/v2\/categories?post=197815"},{"taxonomy":"post_tag","embeddable":true,"href":"https:\/\/radiofenix.com.ar\/2023\/wp-json\/wp\/v2\/tags?post=197815"}],"curies":[{"name":"wp","href":"https:\/\/api.w.org\/{rel}","templated":true}]}}