{"id":197817,"date":"2025-03-16T08:57:45","date_gmt":"2025-03-16T08:57:45","guid":{"rendered":"https:\/\/radiofenix.com.ar\/2023\/se-disparo-el-desempeo-en-caba\/"},"modified":"2025-03-16T08:57:45","modified_gmt":"2025-03-16T08:57:45","slug":"se-disparo-el-desempeo-en-caba","status":"publish","type":"post","link":"https:\/\/radiofenix.com.ar\/2023\/se-disparo-el-desempeo-en-caba\/","title":{"rendered":"Se dispar\u00f3 el desempeo en CABA"},"content":{"rendered":"<div><!-- Body --><\/p>\n<p>La cantidad de personas que est\u00e1n desempleadas en la Ciudad de Buenos Aires <b>salt\u00f3 de 4,6 al 7,5 por ciento en un a\u00f1o<\/b>, lo que equivale a 38.000 nuevos desocupados. El problema afecta principalmente a quienes habitan la zona Sur porte\u00f1a y a las mujeres.\u00a0El 72,8 por ciento llevaba menos de cinco a\u00f1os en su puesto antes de perderlo. La mayor\u00eda trabajaba en el sector privado.\u00a0<\/p>\n<p>De acuerdo con el relevamiento del Instituto de Estad\u00edstica y Censos porte\u00f1o (DGEC), el n\u00famero de personas sin trabajo dentro de la Poblaci\u00f3n Econ\u00f3micamente Activa pas\u00f3 de 75.500 en el cuarto trimestre de 2023 a <b>113.500 en el mismo per\u00edodo de 2024<\/b>.<\/p>\n<p>El informe destaca que el desempleo creci\u00f3 un 50,7 por ciento en t\u00e9rminos interanuales, con un impacto m\u00e1s marcado en las mujeres. <b>La tasa de desocupaci\u00f3n femenina alcanz\u00f3 el 7,8 por ciento<\/b>, mientras que la masculina se ubic\u00f3 en 5,7 por ciento.<\/p>\n<p><b>La situaci\u00f3n es a\u00fan m\u00e1s cr\u00edtica en la zona Sur de la Ciudad<\/b>, donde se encuentran las Comunas 4, 8, 9 y 10, que concentran los mayores niveles de pobreza. En esta regi\u00f3n, la desocupaci\u00f3n escal\u00f3 al <b>9,2<\/b> por ciento. Un a\u00f1o atr\u00e1s era del 5,1 por ciento.<\/p>\n<h2><b>M\u00e1s buscan empleos<\/b><\/h2>\n<p>Ante la p\u00e9rdida de poder adquisitivo, cada vez son m\u00e1s las personas que necesitan otro ingreso para solventar los gastos mensuales. La suba del desempleo ocurre en un contexto donde <b>incluso aquellos que ya est\u00e1n ocupados se encuentran buscando un segundo empleo.\u00a0<\/b><\/p>\n<p>Actualmente, la poblaci\u00f3n activa de la CABA asciende a 1.700.000 personas, de las cuales 1.586.000 est\u00e1n ocupadas y 113.500 desocupadas. Dentro del grupo de trabajadores, el 11,5 por ciento busc\u00f3 otro ingreso en los \u00faltimos 30 d\u00edas.<\/p>\n<p>El principal porcentaje de los despidos en territorio porte\u00f1o, a diferencia de lo que suele repetir el presidente de la Naci\u00f3n, Javier Milei, ocurri\u00f3 en el sector privado.\u00a0<\/p>\n<p><b>Un 93 por ciento de los desocupados tuvo su \u00faltima ocupaci\u00f3n en empresas privadas<\/b>: el 85,5 por ciento trabajaba en el sector servicios y el 72,8 por ciento llevaba menos de cinco a\u00f1os en su puesto antes de perderlo.<\/p>\n<p>Por su parte, <b>el 71,7 por ciento de los despedidos eran asalariados en relaci\u00f3n de dependencia<\/b>, mientras que el 26,2 por ciento trabajaba de manera independiente.<\/p>\n<p>El sector de\u00a0<b>trabajadores por cuenta propia cay\u00f3 al 20,9 por ciento<\/b>, el nivel m\u00e1s bajo de los \u00faltimos tres a\u00f1os, con una retracci\u00f3n del 5,3 por ciento en esta categor\u00eda.<\/p>\n<p>La mayor proporci\u00f3n de estas personas perdieron su empleo recientemente y se encuentran buscando activamente un nuevo trabajo.<\/p>\n<h2><b>Informalidad al alza<\/b><\/h2>\n<p>La estimaci\u00f3n tambi\u00e9n alerta sobre el crecimiento del empleo at\u00edpico, con contratos temporales y condiciones laborales precarias.\u00a0<\/p>\n<p>En la actualidad, <b>el 6,9 por ciento de los asalariados<\/b> (sin contar el servicio dom\u00e9stico) trabaja bajo acuerdos que incluyen algunos beneficios, como d\u00edas pagos por enfermedad o vacaciones, pero <b>sin estabilidad laboral<\/b>.<\/p>\n<p>En cuanto a la informalidad, <b>el 15,7 por ciento de los asalariados carece de aportes jubilatorios <\/b>y derechos b\u00e1sicos, mientras que un 7,9 por ciento accede solo a algunos beneficios sin descuentos previsionales.<\/p>\n<p>Si se incluye el empleo dom\u00e9stico, la informalidad es a\u00fan mayor, ya que este sector presenta una alta proporci\u00f3n de trabajadores no registrados.<\/p>\n<p>La tasa de <b>subocupaci\u00f3n horaria<\/b>, por su parte, qued\u00f3 en 8,7 por ciento. Se trata de\u00a0 quienes trabajan menos de 35 horas semanales y pretenden aumentar la carga laboral. <b>Dentro de este grupo, las mujeres representaron el 58 por ciento.<\/b><\/p>\n<p>El deterioro del mercado laboral en la Ciudad de Buenos Aires no solo es m\u00e1s grave que el de hace un a\u00f1o, tambi\u00e9n <b>supera el registrado a fines de 2022<\/b>, cuando la tasa de desocupaci\u00f3n era del 5,8 por ciento.<\/p>\n<p>El mayor impacto recae sobre los grupos de menor calificaci\u00f3n, con disparidades seg\u00fan g\u00e9nero y ubicaci\u00f3n geogr\u00e1fica, donde el desempleo se propaga todav\u00eda con m\u00e1s fuerza.\u00a0<\/p>\n<p><!-- Live Blog Post --><\/div>\n<p><a href=\"https:\/\/www.pagina12.com.ar\/810866-se-disparo-el-desempeo-en-caba\">source<\/a><\/p>\n","protected":false},"excerpt":{"rendered":"<p>La cantidad de personas que est\u00e1n desempleadas en la Ciudad de Buenos Aires salt\u00f3 de&#8230;<\/p>\n","protected":false},"author":0,"featured_media":197818,"comment_status":"open","ping_status":"open","sticky":false,"template":"","format":"standard","meta":{"footnotes":""},"categories":[5],"tags":[],"class_list":["post-197817","post","type-post","status-publish","format-standard","has-post-thumbnail","hentry","category-economia"],"featured_image_urls":{"full":["https:\/\/radiofenix.com.ar\/2023\/wp-content\/uploads\/wp-header-logo.png",0,0,false],"thumbnail":["https:\/\/radiofenix.com.ar\/2023\/wp-content\/uploads\/wp-header-logo.png",1,1,false],"medium":["https:\/\/radiofenix.com.ar\/2023\/wp-content\/uploads\/wp-header-logo.png",1,1,false],"medium_large":["https:\/\/radiofenix.com.ar\/2023\/wp-content\/uploads\/wp-header-logo.png",1,1,false],"large":["https:\/\/radiofenix.com.ar\/2023\/wp-content\/uploads\/wp-header-logo.png",1,1,false],"1536x1536":["https:\/\/radiofenix.com.ar\/2023\/wp-content\/uploads\/wp-header-logo.png",1,1,false],"2048x2048":["https:\/\/radiofenix.com.ar\/2023\/wp-content\/uploads\/wp-header-logo.png",1,1,false],"newsium-slider-full":["https:\/\/radiofenix.com.ar\/2023\/wp-content\/uploads\/wp-header-logo.png",1,1,false],"newsium-featured":["https:\/\/radiofenix.com.ar\/2023\/wp-content\/uploads\/wp-header-logo.png",1,1,false],"newsium-medium":["https:\/\/radiofenix.com.ar\/2023\/wp-content\/uploads\/wp-header-logo.png",1,1,false]},"author_info":{"info":[""]},"category_info":"<a href=\"https:\/\/radiofenix.com.ar\/2023\/category\/economia\/\" rel=\"category tag\">Economia<\/a>","tag_info":"Economia","comment_count":"0","_links":{"self":[{"href":"https:\/\/radiofenix.com.ar\/2023\/wp-json\/wp\/v2\/posts\/197817","targetHints":{"allow":["GET"]}}],"collection":[{"href":"https:\/\/radiofenix.com.ar\/2023\/wp-json\/wp\/v2\/posts"}],"about":[{"href":"https:\/\/radiofenix.com.ar\/2023\/wp-json\/wp\/v2\/types\/post"}],"replies":[{"embeddable":true,"href":"https:\/\/radiofenix.com.ar\/2023\/wp-json\/wp\/v2\/comments?post=197817"}],"version-history":[{"count":0,"href":"https:\/\/radiofenix.com.ar\/2023\/wp-json\/wp\/v2\/posts\/197817\/revisions"}],"wp:featuredmedia":[{"embeddable":true,"href":"https:\/\/radiofenix.com.ar\/2023\/wp-json\/wp\/v2\/media\/197818"}],"wp:attachment":[{"href":"https:\/\/radiofenix.com.ar\/2023\/wp-json\/wp\/v2\/media?parent=197817"}],"wp:term":[{"taxonomy":"category","embeddable":true,"href":"https:\/\/radiofenix.com.ar\/2023\/wp-json\/wp\/v2\/categories?post=197817"},{"taxonomy":"post_tag","embeddable":true,"href":"https:\/\/radiofenix.com.ar\/2023\/wp-json\/wp\/v2\/tags?post=197817"}],"curies":[{"name":"wp","href":"https:\/\/api.w.org\/{rel}","templated":true}]}}