{"id":197831,"date":"2025-03-17T08:58:03","date_gmt":"2025-03-17T08:58:03","guid":{"rendered":"https:\/\/radiofenix.com.ar\/2023\/para-repensar-la-escuela-y-la-ensenanza\/"},"modified":"2025-03-17T08:58:03","modified_gmt":"2025-03-17T08:58:03","slug":"para-repensar-la-escuela-y-la-ensenanza","status":"publish","type":"post","link":"https:\/\/radiofenix.com.ar\/2023\/para-repensar-la-escuela-y-la-ensenanza\/","title":{"rendered":"Para repensar la escuela y la ense\u00f1anza"},"content":{"rendered":"<div><!-- Body --><\/p>\n<p>El pr\u00f3ximo <b>s\u00e1bado 22 <\/b>de marzo, la <b>Facultad de Ciencias Sociales <\/b>de la <b>UBA <\/b>ser\u00e1 el escenario del Congreso Educativo Nacional <b>\u00abImaginar y Transformar\u00bb<\/b>, un espacio de encuentro para toda la comunidad educativa del pa\u00eds, que invita a \u201crepensar la escuela y la ense\u00f1anza frente a los nuevos desaf\u00edos en clave de pensar una nueva estatalidad en materia educativa\u201d.<\/p>\n<p>Docentes, estudiante y organizaciones del campo popular vinculadas a la educaci\u00f3n confluir\u00e1n en una gran jornada de debate. \u201cEl prop\u00f3sito es abordar qu\u00e9 transformaciones en la ense\u00f1anza son necesarias para garantizar <b>m\u00e1s y mejores aprendizajes en la escuela<\/b>, c\u00f3mo ordenar y potenciar el <b>v\u00ednculo de la escuela con la tecnolog\u00eda,<\/b> con el sistema cient\u00edfico tecnol\u00f3gico y el universitario y con todos los actores de la vida en comunidad\u201d, explicaron desde la organizaci\u00f3n del Congreso. Tendr\u00e1 un lugar destacado<b> la formaci\u00f3n y la carrera docente<\/b>.\u00a0<\/p>\n<p>\u201cEs fundamental abordar c\u00f3mo la escuela acompa\u00f1a los procesos de vida de infancias y adolescencias y qu\u00e9 cambios son necesarios en el dise\u00f1o institucional para fortalecer la educaci\u00f3n p\u00fablica\u201d, agregaron.<\/p>\n<p>El congreso es parte de un proceso que vienen llevando adelante distintas  organizaciones pol\u00edticas que pretenden dise\u00f1ar lineamientos program\u00e1ticos educativos para construir <b>la escuela que necesitamos.<\/b>\u00a0<\/p>\n<p>La jornada contar\u00e1 con mesas de intercambio de experiencias educativas por la ma\u00f1ana, donde se esperan representantes de todo el pa\u00eds, y debate en comisiones tem\u00e1ticas por la tarde.\u00a0<\/p>\n<p>La inscripci\u00f3n es libre y gratuita y se invita a participar a todas las personas interesadas en repensar y transformar la educaci\u00f3n en Argentina.<b> S\u00e1bado 22 de marzo de 2025. Desde las 9 hs, en la Facultad de Ciencias Sociales de la Universidad de Buenos Aires, ubicada en\u00a0 Santiago del Estero 1029.\u00a0<\/b><\/p>\n<p><!-- Live Blog Post --><\/div>\n<p><a href=\"https:\/\/www.pagina12.com.ar\/811228-para-repensar-la-escuela-y-la-ensenanza\">source<\/a><\/p>\n","protected":false},"excerpt":{"rendered":"<p>El pr\u00f3ximo s\u00e1bado 22 de marzo, la Facultad de Ciencias Sociales de la UBA ser\u00e1&#8230;<\/p>\n","protected":false},"author":0,"featured_media":197832,"comment_status":"open","ping_status":"open","sticky":false,"template":"","format":"standard","meta":{"footnotes":""},"categories":[7],"tags":[],"class_list":["post-197831","post","type-post","status-publish","format-standard","has-post-thumbnail","hentry","category-sociedad"],"featured_image_urls":{"full":["https:\/\/radiofenix.com.ar\/2023\/wp-content\/uploads\/wp-header-logo.png",0,0,false],"thumbnail":["https:\/\/radiofenix.com.ar\/2023\/wp-content\/uploads\/wp-header-logo.png",1,1,false],"medium":["https:\/\/radiofenix.com.ar\/2023\/wp-content\/uploads\/wp-header-logo.png",1,1,false],"medium_large":["https:\/\/radiofenix.com.ar\/2023\/wp-content\/uploads\/wp-header-logo.png",1,1,false],"large":["https:\/\/radiofenix.com.ar\/2023\/wp-content\/uploads\/wp-header-logo.png",1,1,false],"1536x1536":["https:\/\/radiofenix.com.ar\/2023\/wp-content\/uploads\/wp-header-logo.png",1,1,false],"2048x2048":["https:\/\/radiofenix.com.ar\/2023\/wp-content\/uploads\/wp-header-logo.png",1,1,false],"newsium-slider-full":["https:\/\/radiofenix.com.ar\/2023\/wp-content\/uploads\/wp-header-logo.png",1,1,false],"newsium-featured":["https:\/\/radiofenix.com.ar\/2023\/wp-content\/uploads\/wp-header-logo.png",1,1,false],"newsium-medium":["https:\/\/radiofenix.com.ar\/2023\/wp-content\/uploads\/wp-header-logo.png",1,1,false]},"author_info":{"info":[""]},"category_info":"<a href=\"https:\/\/radiofenix.com.ar\/2023\/category\/sociedad\/\" rel=\"category tag\">Sociedad<\/a>","tag_info":"Sociedad","comment_count":"0","_links":{"self":[{"href":"https:\/\/radiofenix.com.ar\/2023\/wp-json\/wp\/v2\/posts\/197831","targetHints":{"allow":["GET"]}}],"collection":[{"href":"https:\/\/radiofenix.com.ar\/2023\/wp-json\/wp\/v2\/posts"}],"about":[{"href":"https:\/\/radiofenix.com.ar\/2023\/wp-json\/wp\/v2\/types\/post"}],"replies":[{"embeddable":true,"href":"https:\/\/radiofenix.com.ar\/2023\/wp-json\/wp\/v2\/comments?post=197831"}],"version-history":[{"count":0,"href":"https:\/\/radiofenix.com.ar\/2023\/wp-json\/wp\/v2\/posts\/197831\/revisions"}],"wp:featuredmedia":[{"embeddable":true,"href":"https:\/\/radiofenix.com.ar\/2023\/wp-json\/wp\/v2\/media\/197832"}],"wp:attachment":[{"href":"https:\/\/radiofenix.com.ar\/2023\/wp-json\/wp\/v2\/media?parent=197831"}],"wp:term":[{"taxonomy":"category","embeddable":true,"href":"https:\/\/radiofenix.com.ar\/2023\/wp-json\/wp\/v2\/categories?post=197831"},{"taxonomy":"post_tag","embeddable":true,"href":"https:\/\/radiofenix.com.ar\/2023\/wp-json\/wp\/v2\/tags?post=197831"}],"curies":[{"name":"wp","href":"https:\/\/api.w.org\/{rel}","templated":true}]}}