{"id":197833,"date":"2025-03-17T08:58:05","date_gmt":"2025-03-17T08:58:05","guid":{"rendered":"https:\/\/radiofenix.com.ar\/2023\/liga-de-espana-real-madrid-le-gano-al-villarreal-y-es-puntero\/"},"modified":"2025-03-17T08:58:05","modified_gmt":"2025-03-17T08:58:05","slug":"liga-de-espana-real-madrid-le-gano-al-villarreal-y-es-puntero","status":"publish","type":"post","link":"https:\/\/radiofenix.com.ar\/2023\/liga-de-espana-real-madrid-le-gano-al-villarreal-y-es-puntero\/","title":{"rendered":"Liga de Espa\u00f1a: Real Madrid le gan\u00f3 al Villarreal y es puntero"},"content":{"rendered":"<div><!-- Body --><\/p>\n<p><b>Real Madrid retom\u00f3 el liderazgo de la Liga de Espa\u00f1a tras vencer 2-1<\/b> <b>como visitante a Villarreal<\/b>, en un partido v\u00e1lido por la <b>fecha 28<\/b>, jugada parcialmente este s\u00e1bado.<\/p>\n<p><b>Con un doblete del delantero Kylian Mbapp\u00e9<\/b>, los Merengues se llevaron los tres puntos y contin\u00faan su camino firmes, d\u00edas despu\u00e9s de haber conseguido la clasificaci\u00f3n a los cuartos de final de la Champions League.<\/p>\n<p>De todas maneras, <b>si Barcelona derrota este domingo desde las 16<\/b> (DSports) <b>al Atl\u00e9tico Madrid tambi\u00e9n llegar\u00e1 a la cima del certamen.<\/b><\/p>\n<p><b>El encuentro comenz\u00f3 con un Villarreal muy agresivo, que logr\u00f3 sorprender con Juan Foyth, quien abri\u00f3 el marcador <\/b>tras un rebote en el \u00e1rea chica, adelantando a los locales. Real Madrid encontr\u00f3 la igualdad cuando Mbapp\u00e9 aprovech\u00f3 un rebote corto de Conde y puso el 1-1 en La Cer\u00e1mica.<\/p>\n<p>Luego, Lucas V\u00e1zquez asisti\u00f3 a Mbapp\u00e9, quien con un disparo preciso sell\u00f3 el 2-1. Desde ese momento, el Merengue impuso su juego.<\/p>\n<p><iframe style=\"border: 0px; position: absolute; top: 0px; left: 0px; height: 100%;\" allowfullscreen=\"\" frameborder=\"0\" src=\"https:\/\/www.youtube.com\/embed\/CHdIcKXLq2k\"><\/iframe><\/p>\n<p>En el complemento, el Submarino Amarillo sali\u00f3 decidido a buscar la igualdad y gener\u00f3 varias ocasiones y tuvo una gran oportunidad a siete minutos de que se cumpliera el tiempo reglamentario, cuando Baena asisti\u00f3 a Ayoze P\u00e9rez, pero el delantero fall\u00f3 su remate.<\/p>\n<p>Con esta victoria, <b>Real Madrid sigue firme en la pelea por el t\u00edtulo, mientras que el Villarreal contin\u00faa en la lucha por puestos europeos.<\/b><\/p>\n<p><b>Mallorca consigui\u00f3 una pol\u00e9mica victoria 2-1 ante el Espanyol <\/b>en Son Moix. <b>El encuentro estuvo marcado por la tensi\u00f3n, los penales y la redenci\u00f3n del delantero Vedat Muriqi<\/b>, quien pas\u00f3 de ser el villano de los mallorquinos a convertirse en el h\u00e9roe por convertir el gol que le dio la victoria al equipo.<\/p>\n<p>El kosovar Muriqi marc\u00f3 un gol en contra que adelant\u00f3 al Espanyol en un partido que, hasta entonces, estaba parejo. Poco despu\u00e9s, tuvo la chance de revertir su historia con un penal a favor del Mallorca, pero el arquero Joan Garc\u00eda detuvo su remate.<\/p>\n<p>Mallorca, sin embargo, no baj\u00f3 los brazos. Liderados por Sergi Darder, que enfrentaba a su ex equipo, los locales empataron con un gol del japon\u00e9s Takuma Asano.<\/p>\n<p><iframe style=\"border: 0px; position: absolute; top: 0px; left: 0px; height: 100%;\" allowfullscreen=\"\" frameborder=\"0\" src=\"https:\/\/www.youtube.com\/embed\/a_ntKQVpUbk\"><\/iframe><\/p>\n<p>En tiempo cumplido, un nuevo penal fue atajado por Garc\u00eda, esta vez a Abd\u00f3n Prats. Sin embargo, el VAR intervino para se\u00f1alar que el delantero Walid Cheddira se hab\u00eda adelantado en el \u00e1rea en el momento del disparo, invalidando la jugada y permitiendo una nueva ejecuci\u00f3n.<\/p>\n<p>Muriqi, a pesar de haber errado el anterior penal, pidi\u00f3 la pelota y se hizo cargo del remate. Esta vez, con una definici\u00f3n impecable al \u00e1ngulo, el kosovar sell\u00f3 en los minutos adicionales el triunfo del <b>Mallorca<\/b>, que suma <b>tres puntos clave y sigue so\u00f1ando con la clasificaci\u00f3n a las competiciones europeas<\/b>, mientras que el <b>Espanyol se mantiene comprometido en la lucha por evitar el descenso.<\/b><\/p>\n<p>La jornada tambi\u00e9n cont\u00f3 con la<b> victoria 1-0 del Celta de Vigo sobre Valladolid<\/b>, con gol del defensor Marcos Alonso Mendoza, en tanto <b>el Girona de Paulo Gazzaniga empat\u00f3 1-1 con el Valencia de Enzo Barrenechea.<\/b><\/p>\n<p><iframe style=\"border: 0px; position: absolute; top: 0px; left: 0px; height: 100%;\" allowfullscreen=\"\" frameborder=\"0\" src=\"https:\/\/www.youtube.com\/embed\/vjm0Odl_rFU\"><\/iframe><\/p>\n<p>La jornada seguir\u00e1 <b>este domingo<\/b> con Legan\u00e9s-Betis (10, ESPN);<b> Sevilla-Athl\u00e9tic Bilbao (12.15);<\/b> Rayo Vallecano-Real Sociedad <b>y Osasuna-Getafe<\/b>, ambos a las <b>14.30.\u00a0<\/b><\/p>\n<h2>Posiciones en la Liga de Espa\u00f1a<\/h2>\n<p><iframe loading=\"lazy\" frameborder=\"0\" src=\"https:\/\/rd.pagina12.com.ar\/html\/v3\/minapp\/page\/page.html?channel=deportes.futbol.espana&amp;lang=es_LA&amp;page=posiciones\" width=\"100%\" height=\"700\"><\/iframe><\/p>\n<p>      <!-- Live Blog Post --><\/div>\n<p><a href=\"https:\/\/www.pagina12.com.ar\/811025-liga-de-espana-real-madrid-le-gano-al-villarreal-y-es-punter\">source<\/a><\/p>\n","protected":false},"excerpt":{"rendered":"<p>Real Madrid retom\u00f3 el liderazgo de la Liga de Espa\u00f1a tras vencer 2-1 como visitante&#8230;<\/p>\n","protected":false},"author":0,"featured_media":197834,"comment_status":"open","ping_status":"open","sticky":false,"template":"","format":"standard","meta":{"footnotes":""},"categories":[3],"tags":[],"class_list":["post-197833","post","type-post","status-publish","format-standard","has-post-thumbnail","hentry","category-deportes"],"featured_image_urls":{"full":["https:\/\/radiofenix.com.ar\/2023\/wp-content\/uploads\/wp-header-logo.png",0,0,false],"thumbnail":["https:\/\/radiofenix.com.ar\/2023\/wp-content\/uploads\/wp-header-logo.png",1,1,false],"medium":["https:\/\/radiofenix.com.ar\/2023\/wp-content\/uploads\/wp-header-logo.png",1,1,false],"medium_large":["https:\/\/radiofenix.com.ar\/2023\/wp-content\/uploads\/wp-header-logo.png",1,1,false],"large":["https:\/\/radiofenix.com.ar\/2023\/wp-content\/uploads\/wp-header-logo.png",1,1,false],"1536x1536":["https:\/\/radiofenix.com.ar\/2023\/wp-content\/uploads\/wp-header-logo.png",1,1,false],"2048x2048":["https:\/\/radiofenix.com.ar\/2023\/wp-content\/uploads\/wp-header-logo.png",1,1,false],"newsium-slider-full":["https:\/\/radiofenix.com.ar\/2023\/wp-content\/uploads\/wp-header-logo.png",1,1,false],"newsium-featured":["https:\/\/radiofenix.com.ar\/2023\/wp-content\/uploads\/wp-header-logo.png",1,1,false],"newsium-medium":["https:\/\/radiofenix.com.ar\/2023\/wp-content\/uploads\/wp-header-logo.png",1,1,false]},"author_info":{"info":[""]},"category_info":"<a href=\"https:\/\/radiofenix.com.ar\/2023\/category\/deportes\/\" rel=\"category tag\">Deportes<\/a>","tag_info":"Deportes","comment_count":"0","_links":{"self":[{"href":"https:\/\/radiofenix.com.ar\/2023\/wp-json\/wp\/v2\/posts\/197833","targetHints":{"allow":["GET"]}}],"collection":[{"href":"https:\/\/radiofenix.com.ar\/2023\/wp-json\/wp\/v2\/posts"}],"about":[{"href":"https:\/\/radiofenix.com.ar\/2023\/wp-json\/wp\/v2\/types\/post"}],"replies":[{"embeddable":true,"href":"https:\/\/radiofenix.com.ar\/2023\/wp-json\/wp\/v2\/comments?post=197833"}],"version-history":[{"count":0,"href":"https:\/\/radiofenix.com.ar\/2023\/wp-json\/wp\/v2\/posts\/197833\/revisions"}],"wp:featuredmedia":[{"embeddable":true,"href":"https:\/\/radiofenix.com.ar\/2023\/wp-json\/wp\/v2\/media\/197834"}],"wp:attachment":[{"href":"https:\/\/radiofenix.com.ar\/2023\/wp-json\/wp\/v2\/media?parent=197833"}],"wp:term":[{"taxonomy":"category","embeddable":true,"href":"https:\/\/radiofenix.com.ar\/2023\/wp-json\/wp\/v2\/categories?post=197833"},{"taxonomy":"post_tag","embeddable":true,"href":"https:\/\/radiofenix.com.ar\/2023\/wp-json\/wp\/v2\/tags?post=197833"}],"curies":[{"name":"wp","href":"https:\/\/api.w.org\/{rel}","templated":true}]}}