{"id":197835,"date":"2025-03-17T08:58:08","date_gmt":"2025-03-17T08:58:08","guid":{"rendered":"https:\/\/radiofenix.com.ar\/2023\/el-vaticano-difundio-la-primera-foto-de-francisco-desde-su-internacion\/"},"modified":"2025-03-17T08:58:08","modified_gmt":"2025-03-17T08:58:08","slug":"el-vaticano-difundio-la-primera-foto-de-francisco-desde-su-internacion","status":"publish","type":"post","link":"https:\/\/radiofenix.com.ar\/2023\/el-vaticano-difundio-la-primera-foto-de-francisco-desde-su-internacion\/","title":{"rendered":"El Vaticano difundi\u00f3 la primera foto de Francisco desde su internaci\u00f3n"},"content":{"rendered":"<div><!-- Body --><\/p>\n<p><b>El Vaticano public\u00f3 este domingo la primera imagen del papa Francisco desde su <a href=\"https:\/\/www.pagina12.com.ar\/810996-el-papa-francisco-sigue-estable-y-presenta-mejoras-graduales\">ingreso <\/a>en el Hospital Gemelli de Roma, hace 31 d\u00edas<\/b>, donde se lo ve de espaldas\u00a0celebrando la misa en la capilla del centro m\u00e9dico. En su <a href=\"https:\/\/www.pagina12.com.ar\/811127-nuestro-fisico-esta-debil-pero-nada-impide-amar-y-rezar\">mensaje del \u00c1ngelus<\/a>\u00a0del d\u00eda, enviado por escrito por quinta semana consecutiva,<b> Francisco reconoci\u00f3 estar \u00abatravesando un momento de prueba\u00bb con un <a href=\"https:\/\/www.pagina12.com.ar\/810610-francisco-celebro-sus-12-anos-de-pontificado-con-un-pronosti\">f\u00edsico \u00abd\u00e9bil\u00bb<\/a><\/b>, aunque eso no le impide estar para otros en la fe.<\/p>\n<div class=\"iframely-embed medium-embedded-content\" data-html=\"Jmx0O2Jsb2NrcXVvdGUgY2xhc3M9InR3aXR0ZXItdHdlZXQiIGRhdGEtZG50PSJ0cnVlIiBhbGlnbj0iY2VudGVyIiZndDsmbHQ7cCBsYW5nPSJlcyIgZGlyPSJsdHIiJmd0O0xhIE9maWNpbmEgZGUgUHJlbnNhIGRlIGxhICZsdDthIGhyZWY9Imh0dHBzOi8vdHdpdHRlci5jb20vaGFzaHRhZy9TYW50YVNlZGU\/c3JjPWhhc2gmYW1wO2FtcDtyZWZfc3JjPXR3c3JjJTVFdGZ3IiZndDsjU2FudGFTZWRlJmx0Oy9hJmd0OyBkaWZ1bmRlIHVuYSBpbWFnZW4gZGVsICZsdDthIGhyZWY9Imh0dHBzOi8vdHdpdHRlci5jb20vaGFzaHRhZy9QYXBhRnJhbmNpc2NvP3NyYz1oYXNoJmFtcDthbXA7cmVmX3NyYz10d3NyYyU1RXRmdyImZ3Q7I1BhcGFGcmFuY2lzY28mbHQ7L2EmZ3Q7IGVuIG9yYWNpw7NuLCBkZXNwdcOpcyBkZSBjb25jZWxlYnJhciBsYSBFdWNhcmlzdMOtYSBlc3RhIG1hw7FhbmEuIEVzIGVsIHByaW1lcm8gZGVzZGUgbGEgaG9zcGl0YWxpemFjacOzbiBlbCAxNCBkZSBmZWJyZXJvLiBMYXMgY29uZGljaW9uZXMgZGVsIFBvbnTDrWZpY2Ugc2UgbWFudGllbmVuIGVzdGFibGVzLSZsdDthIGhyZWY9Imh0dHBzOi8vdC5jby9HNFIwR2dHMDRxIiZndDtodHRwczovL3QuY28vRzRSMEdnRzA0cSZsdDsvYSZndDsmbHQ7L3AmZ3Q7JmFtcDttZGFzaDsgVmF0aWNhbiBOZXdzIChAdmF0aWNhbm5ld3NfZXMpICZsdDthIGhyZWY9Imh0dHBzOi8vdHdpdHRlci5jb20vdmF0aWNhbm5ld3NfZXMvc3RhdHVzLzE5MDEzNDYwMTc5NjM4ODA4ODE\/cmVmX3NyYz10d3NyYyU1RXRmdyImZ3Q7TWFyY2ggMTYsIDIwMjUmbHQ7L2EmZ3Q7Jmx0Oy9ibG9ja3F1b3RlJmd0OwombHQ7c2NyaXB0IGFzeW5jIHNyYz0iaHR0cHM6Ly9wbGF0Zm9ybS50d2l0dGVyLmNvbS93aWRnZXRzLmpzIiBjaGFyc2V0PSJ1dGYtOCImZ3Q7Jmx0Oy9zY3JpcHQmZ3Q7CgombHQ7ZGl2IGNsYXNzPSJtZWRpdW0taW5zZXJ0LWVtYmVkcy1tZXRhIiZndDsmbHQ7c2NyaXB0IHR5cGU9InRleHQvanNvbiImZ3Q7eyJ1cmwiOiJodHRwczovL3R3aXR0ZXIuY29tL3ZhdGljYW5uZXdzX2VzL3N0YXR1cy8xOTAxMzQ2MDE3OTYzODgwODgxIiwidHlwZSI6InJpY2giLCJ2ZXJzaW9uIjoiMS4wIiwidGl0bGUiOiJWYXRpY2FuIE5ld3Mgb24gVHdpdHRlciAvIFgiLCJhdXRob3IiOiJWYXRpY2FuIE5ld3MiLCJhdXRob3JfdXJsIjoiaHR0cHM6Ly90d2l0dGVyLmNvbS92YXRpY2FubmV3c19lcyIsInByb3ZpZGVyX25hbWUiOiJUd2l0dGVyIiwiZGVzY3JpcHRpb24iOiJMYSBPZmljaW5hIGRlIFByZW5zYSBkZSBsYSAjU2FudGFTZWRlIGRpZnVuZGUgdW5hIGltYWdlbiBkZWwgI1BhcGFGcmFuY2lzY28gZW4gb3JhY2nDs24sIGRlc3B1w6lzIGRlIGNvbmNlbGVicmFyIGxhIEV1Y2FyaXN0w61hIGVzdGEgbWHDsWFuYS4gRXMgZWwgcHJpbWVybyBkZXNkZSBsYSBob3NwaXRhbGl6YWNpw7NuIGVsIDE0IGRlIGZlYnJlcm8uIExhcyBjb25kaWNpb25lcyBkZWwgUG9udMOtZmljZSBzZSBtYW50aWVuZW4gZXN0YWJsZXMtaHR0cHM6Ly90LmNvL0c0UjBHZ0cwNHHigJQgVmF0aWNhbiBOZXdzIChAdmF0aWNhbm5ld3NfZXMpIE1hcmNoIDE2LCAyMDI1XG5cblxuIiwiY2FjaGVfYWdlIjo4NjQwMCwib3B0aW9ucyI6eyJfaGlkZV9tZWRpYSI6eyJsYWJlbCI6IkhpZGUgcGhvdG9zLCB2aWRlb3MsIGFuZCBjYXJkcyIsInZhbHVlIjpmYWxzZX0sIl90aGVtZSI6eyJ2YWx1ZSI6IiIsInZhbHVlcyI6eyJkYXJrIjoiVXNlIGRhcmsgdGhlbWUifX0sIl9tYXh3aWR0aCI6eyJ2YWx1ZSI6IiIsImxhYmVsIjoiQWRqdXN0IHdpZHRoIiwicGxhY2Vob2xkZXIiOiIyMjAtNTUwLCBpbiBweCJ9fX0mbHQ7L3NjcmlwdCZndDsmbHQ7L2RpdiZndDs=\">\n                <a data-iframely-url=\"\" href=\"https:\/\/twitter.com\/vaticannews_es\/status\/1901346017963880881\">https:\/\/twitter.com\/vaticannews_es\/status\/1901346017963880881<\/a>\n              <\/div>\n<p><b>\u00abEsta ma\u00f1ana, el papa Francisco ha concelebrado la santa misa en la capilla del departamento de la d\u00e9cima planta del policl\u00ednico\u00bb<\/b>,<b> indic\u00f3 la Santa Sede <\/b>en un comunicado emitido desde la capital italiana, donde el argentino permanece hospitalizado desde el 14 de febrero. La imagen difundida por el Vaticano muestra a Francisco\u00a0sentado frente al altar de su capilla privada, vestido de blanco con una estola morada, el color lit\u00fargico de la Cuaresma, que dio comienzo el 5 de marzo. Aunque se inform\u00f3 que otros sacerdotes participaron en la misa, en la foto el papa aparece solo y sin la c\u00e1nula nasal de alto flujo que usa durante el d\u00eda para respirar.<\/p>\n<h2>\u00abRayos de amor\u00bb<\/h2>\n<p><b>Como en semanas anteriores, el Vaticano solo public\u00f3 <a href=\"https:\/\/www.vatican.va\/content\/francesco\/es\/angelus\/2025\/documents\/20250316-angelus.html\" target=\"_blank\" rel=\"noopener\">el texto del \u00c1ngelus<\/a>\u00a0este domingo<\/b>, en el que el papa manifest\u00f3 que <b>su desaf\u00edo se une al de \u00abtantos hermanos y hermanas enfermos y fr\u00e1giles\u00bb<\/b>\u00a0y remarc\u00f3 que la labor en hospitales y centros de asistencia y su \u00abatenci\u00f3n amorosa ilumina las habitaciones, los pasillos, los ambulatorios y los servicios m\u00e1s humildes\u00bb.<\/p>\n<p>\u00abNuestro f\u00edsico est\u00e1 d\u00e9bil, pero, incluso as\u00ed, nada puede impedirnos amar, rezar, entregarnos, estar los unos para los otros, en la fe, se\u00f1ales luminosas de esperanza\u00bb, escribi\u00f3 el papa en su Ave Mar\u00eda, en el que invit\u00f3 a los fieles a unirse a \u00e9l la oraci\u00f3n a Dios \u00abque nunca nos abandona y que, en los momentos de dolor, nos pone al lado a personas que reflejan un rayo de su amor\u00bb, y agradeci\u00f3 a quienes rezan por su salud y a quienes lo asisten \u00abcon tanta dedicaci\u00f3n\u00bb.<\/p>\n<p>Este domingo\u00a0grupos de ni\u00f1os acudieron al hospital para participar en un evento organizado por el Comit\u00e9 Pontificio para la Jornada Mundial del Ni\u00f1o, con el fin de mostrar apoyo al papa. \u00abSe que rezan por m\u00ed muchos ni\u00f1os, algunos de ellos han venido hoy aqu\u00ed al Gemelli en se\u00f1al de cercan\u00eda. \u00a1Gracias, queridos ni\u00f1os! El papa los quiere y espera siempre encontrarlos\u00bb, expres\u00f3 Francisco a los m\u00e1s de 300 peque\u00f1os reunidos ante el hospital con globos, dibujos y cartas de apoyo. \u00abPara nosotros es muy emotivo poder traer a nuestros hijos aqu\u00ed y hacerles sentir cerca del papa en este momento dif\u00edcil\u00bb, coment\u00f3 una madre presente en la actividad.<\/p>\n<div class=\"iframely-embed medium-embedded-content\" data-html=\"Jmx0O2Jsb2NrcXVvdGUgY2xhc3M9InR3aXR0ZXItdHdlZXQiIGRhdGEtZG50PSJ0cnVlIiBhbGlnbj0iY2VudGVyIiZndDsmbHQ7cCBsYW5nPSJlbiIgZGlyPSJsdHIiJmd0O0NoaWxkcmVuIGdhdGhlciBvdXRzaWRlIFJvbWUmYW1wOyMzOTtzIEdlbWVsbGkgaG9zcGl0YWwgdG8gcHJheSBmb3IgYW5kIGJlIGNsb3NlIHRvIFBvcGUgRnJhbmNpcywgd2hvIGNvbnRpbnVlcyB0byByZWNvdmVyIGZyb20gYSBib3V0IG9mIHBuZXVtb25pYSBhbmQgb3RoZXIgaGVhbHRoIGlzc3Vlcy4gJmx0O2EgaHJlZj0iaHR0cHM6Ly90LmNvL3VXdWpzTnFzaFIiJmd0O3BpYy50d2l0dGVyLmNvbS91V3Vqc05xc2hSJmx0Oy9hJmd0OyZsdDsvcCZndDsmYW1wO21kYXNoOyBWYXRpY2FuIE5ld3MgKEBWYXRpY2FuTmV3cykgJmx0O2EgaHJlZj0iaHR0cHM6Ly90d2l0dGVyLmNvbS9WYXRpY2FuTmV3cy9zdGF0dXMvMTkwMTMzMzcyNzgwNjE4MTc5Mz9yZWZfc3JjPXR3c3JjJTVFdGZ3IiZndDtNYXJjaCAxNiwgMjAyNSZsdDsvYSZndDsmbHQ7L2Jsb2NrcXVvdGUmZ3Q7CiZsdDtzY3JpcHQgYXN5bmMgc3JjPSJodHRwczovL3BsYXRmb3JtLnR3aXR0ZXIuY29tL3dpZGdldHMuanMiIGNoYXJzZXQ9InV0Zi04IiZndDsmbHQ7L3NjcmlwdCZndDsKCiZsdDtkaXYgY2xhc3M9Im1lZGl1bS1pbnNlcnQtZW1iZWRzLW1ldGEiJmd0OyZsdDtzY3JpcHQgdHlwZT0idGV4dC9qc29uIiZndDt7InVybCI6Imh0dHBzOi8vdHdpdHRlci5jb20vVmF0aWNhbk5ld3Mvc3RhdHVzLzE5MDEzMzM3Mjc4MDYxODE3OTMiLCJ0eXBlIjoicmljaCIsInZlcnNpb24iOiIxLjAiLCJ0aXRsZSI6IlZhdGljYW4gTmV3cyBvbiBUd2l0dGVyIC8gWCIsImF1dGhvciI6IlZhdGljYW4gTmV3cyIsImF1dGhvcl91cmwiOiJodHRwczovL3R3aXR0ZXIuY29tL1ZhdGljYW5OZXdzIiwicHJvdmlkZXJfbmFtZSI6IlR3aXR0ZXIiLCJkZXNjcmlwdGlvbiI6IkNoaWxkcmVuIGdhdGhlciBvdXRzaWRlIFJvbWUncyBHZW1lbGxpIGhvc3BpdGFsIHRvIHByYXkgZm9yIGFuZCBiZSBjbG9zZSB0byBQb3BlIEZyYW5jaXMsIHdobyBjb250aW51ZXMgdG8gcmVjb3ZlciBmcm9tIGEgYm91dCBvZiBwbmV1bW9uaWEgYW5kIG90aGVyIGhlYWx0aCBpc3N1ZXMuIHBpYy50d2l0dGVyLmNvbS91V3Vqc05xc2hS4oCUIFZhdGljYW4gTmV3cyAoQFZhdGljYW5OZXdzKSBNYXJjaCAxNiwgMjAyNVxuXG5cbiIsInRodW1ibmFpbF91cmwiOiJodHRwczovL3Bicy50d2ltZy5jb20vZXh0X3R3X3ZpZGVvX3RodW1iLzE5MDEzMzM2NDg0NzQ3NjczNjAvcHUvaW1nL095RkFkdEhZUnBZQVE1eWQuanBnOmxhcmdlIiwidGh1bWJuYWlsX3dpZHRoIjo3MjAsInRodW1ibmFpbF9oZWlnaHQiOjcyMCwiY2FjaGVfYWdlIjo4NjQwMCwib3B0aW9ucyI6eyJfaGlkZV9tZWRpYSI6eyJsYWJlbCI6IkhpZGUgcGhvdG9zLCB2aWRlb3MsIGFuZCBjYXJkcyIsInZhbHVlIjpmYWxzZX0sIl90aGVtZSI6eyJ2YWx1ZSI6IiIsInZhbHVlcyI6eyJkYXJrIjoiVXNlIGRhcmsgdGhlbWUifX0sIl9tYXh3aWR0aCI6eyJ2YWx1ZSI6IiIsImxhYmVsIjoiQWRqdXN0IHdpZHRoIiwicGxhY2Vob2xkZXIiOiIyMjAtNTUwLCBpbiBweCJ9fX0mbHQ7L3NjcmlwdCZndDsmbHQ7L2RpdiZndDs=\">\n                <a data-iframely-url=\"\" href=\"https:\/\/twitter.com\/VaticanNews\/status\/1901333727806181793\">https:\/\/twitter.com\/VaticanNews\/status\/1901333727806181793<\/a>\n              <\/div>\n<h2><span>Estable y con una mejora gradual<\/span><\/h2>\n<p>A pesar de que no se emiti\u00f3 un nuevo parte m\u00e9dico este domingo, fuentes cercanas a la Santa Sede se\u00f1alaron que <b>la situaci\u00f3n del papa \u00absigue siendo estable\u00bb <\/b>y que <b>\u00abcontin\u00faa con el tratamiento, incluida la terapia respiratoria y motora\u00bb<\/b>. La misma fuente indic\u00f3 que Francisco\u00a0no recibi\u00f3 visitas y pas\u00f3 el d\u00eda entre la oraci\u00f3n, el descanso y algo de trabajo.<\/p>\n<p>Francisco fue ingresado el 14 de febrero por problemas respiratorios, tras lo cual se le diagnostic\u00f3 una neumon\u00eda bilateral de la que a\u00fan se encuentra en recuperaci\u00f3n. Para ello permanece en la capital italiana, conectado a c\u00e1nulas nasales que estimulan el funcionamiento de sus pulmones. Hasta ahora, el \u00fanico mensaje directo del papa hab\u00eda sido un audio breve, difundido el 6 de marzo, en el que agradeci\u00f3 las oraciones de los fieles con una voz cansada y respiraci\u00f3n entrecortada.<\/p>\n<p>El \u00faltimo parte m\u00e9dico, publicado el s\u00e1bado por la noche, indicaba que su estado de salud se manten\u00eda \u00abestable\u00bb y que, aunque su mejora es gradual, deb\u00eda continuar la terapia contra la neumon\u00eda bilateral en el hospital. El tratamiento le ha permitido reducir \u00abprogresivamente\u00bb el uso de la mascarilla de ox\u00edgeno en favor de la c\u00e1nula nasal de alto flujo, y mostr\u00f3 progresos en la fisioterapia motora, seg\u00fan inform\u00f3 la Oficina del Prensa del Vaticano este domingo. Sin embargo, fuentes cercanas a Francisco indicaron que, pese a su recuperaci\u00f3n,\u00a0sigue con un ritmo de actividad reducido y con limitaciones en su movilidad.\u00a0<\/p>\n<p>No se descarta que, una vez que reciba el alta, contin\u00fae con su tratamiento desde su residencia en el Vaticano. Esta hospitalizaci\u00f3n es la m\u00e1s larga en sus 12 a\u00f1os de pontificado y genera preocupaci\u00f3n sobre la continuidad del Santo Padre de 1.400 millones de cat\u00f3licos, que en los \u00faltimos tiempos rechaz\u00f3 renunciar como lo hizo su predecesor,\u00a0Benedicto XVI,\u00a0en 2013. <b>El martes pasado, <span>Francisco\u00a0<\/span>incluso relanz\u00f3 su gran proyecto de reformas sobre el futuro de la Iglesia, que busca una mayor descentralizaci\u00f3n y participaci\u00f3n de laicos<\/b>, y se proyect\u00f3 incluso hasta octubre de 2028, cuando se prev\u00e9 la asamblea final.<\/p>\n<p><!-- Live Blog Post --><\/div>\n<p><script async src=\"\/\/platform.twitter.com\/widgets.js\" charset=\"utf-8\"><\/script><br \/><a href=\"https:\/\/www.pagina12.com.ar\/811182-el-vaticano-difundio-la-primera-foto-de-francisco-desde-su-i\">source<\/a><\/p>\n","protected":false},"excerpt":{"rendered":"<p>El Vaticano public\u00f3 este domingo la primera imagen del papa Francisco desde su ingreso en&#8230;<\/p>\n","protected":false},"author":0,"featured_media":197836,"comment_status":"open","ping_status":"open","sticky":false,"template":"","format":"standard","meta":{"footnotes":""},"categories":[60],"tags":[],"class_list":["post-197835","post","type-post","status-publish","format-standard","has-post-thumbnail","hentry","category-internacional"],"featured_image_urls":{"full":["https:\/\/radiofenix.com.ar\/2023\/wp-content\/uploads\/wp-header-logo.png",0,0,false],"thumbnail":["https:\/\/radiofenix.com.ar\/2023\/wp-content\/uploads\/wp-header-logo.png",1,1,false],"medium":["https:\/\/radiofenix.com.ar\/2023\/wp-content\/uploads\/wp-header-logo.png",1,1,false],"medium_large":["https:\/\/radiofenix.com.ar\/2023\/wp-content\/uploads\/wp-header-logo.png",1,1,false],"large":["https:\/\/radiofenix.com.ar\/2023\/wp-content\/uploads\/wp-header-logo.png",1,1,false],"1536x1536":["https:\/\/radiofenix.com.ar\/2023\/wp-content\/uploads\/wp-header-logo.png",1,1,false],"2048x2048":["https:\/\/radiofenix.com.ar\/2023\/wp-content\/uploads\/wp-header-logo.png",1,1,false],"newsium-slider-full":["https:\/\/radiofenix.com.ar\/2023\/wp-content\/uploads\/wp-header-logo.png",1,1,false],"newsium-featured":["https:\/\/radiofenix.com.ar\/2023\/wp-content\/uploads\/wp-header-logo.png",1,1,false],"newsium-medium":["https:\/\/radiofenix.com.ar\/2023\/wp-content\/uploads\/wp-header-logo.png",1,1,false]},"author_info":{"info":[""]},"category_info":"<a href=\"https:\/\/radiofenix.com.ar\/2023\/category\/internacional\/\" rel=\"category tag\">Internacional<\/a>","tag_info":"Internacional","comment_count":"0","_links":{"self":[{"href":"https:\/\/radiofenix.com.ar\/2023\/wp-json\/wp\/v2\/posts\/197835","targetHints":{"allow":["GET"]}}],"collection":[{"href":"https:\/\/radiofenix.com.ar\/2023\/wp-json\/wp\/v2\/posts"}],"about":[{"href":"https:\/\/radiofenix.com.ar\/2023\/wp-json\/wp\/v2\/types\/post"}],"replies":[{"embeddable":true,"href":"https:\/\/radiofenix.com.ar\/2023\/wp-json\/wp\/v2\/comments?post=197835"}],"version-history":[{"count":0,"href":"https:\/\/radiofenix.com.ar\/2023\/wp-json\/wp\/v2\/posts\/197835\/revisions"}],"wp:featuredmedia":[{"embeddable":true,"href":"https:\/\/radiofenix.com.ar\/2023\/wp-json\/wp\/v2\/media\/197836"}],"wp:attachment":[{"href":"https:\/\/radiofenix.com.ar\/2023\/wp-json\/wp\/v2\/media?parent=197835"}],"wp:term":[{"taxonomy":"category","embeddable":true,"href":"https:\/\/radiofenix.com.ar\/2023\/wp-json\/wp\/v2\/categories?post=197835"},{"taxonomy":"post_tag","embeddable":true,"href":"https:\/\/radiofenix.com.ar\/2023\/wp-json\/wp\/v2\/tags?post=197835"}],"curies":[{"name":"wp","href":"https:\/\/api.w.org\/{rel}","templated":true}]}}