{"id":197837,"date":"2025-03-17T08:58:10","date_gmt":"2025-03-17T08:58:10","guid":{"rendered":"https:\/\/radiofenix.com.ar\/2023\/quieren-expulsar-a-patricia-bullrich-como-socia-de-independiente\/"},"modified":"2025-03-17T08:58:10","modified_gmt":"2025-03-17T08:58:10","slug":"quieren-expulsar-a-patricia-bullrich-como-socia-de-independiente","status":"publish","type":"post","link":"https:\/\/radiofenix.com.ar\/2023\/quieren-expulsar-a-patricia-bullrich-como-socia-de-independiente\/","title":{"rendered":"Quieren expulsar a Patricia Bullrich como socia de Independiente"},"content":{"rendered":"<div id=\"\">\n<p><span class=\"saysCMSEmphasis\" id=\"saysCMSEmphasiswyn1ha0frn\">\u00abNosotros vamos a pedirles formalmente a todos los clubes que cuyas hinchadas participaron una declaraciones de repudio y que expulsen a todos los asociados que participaron de la marcha. Expulsi\u00f3n inmediata\u00bb<\/span>, sostuvo la ministra de Seguridad en una conferencia posterior a la violenta jornada en el Congreso.<\/p>\n<p>Fue as\u00ed que en las diferentes canchas del pa\u00eds comenzaron a responderle con c\u00e1nticos de todo tipo.<\/p>\n<p>Esta vez, tras el empate 1-1 en el cl\u00e1sico de Avellaneda, un fan\u00e1tico del \u00abRojo\u00bb habl\u00f3 con <em>C5N<\/em> para pedir la expulsi\u00f3n de la funcionaria como socia de ese equipo.<\/p>\n<p><span class=\"saysCMSEmphasis\" id=\"saysCMSEmphasisdidrqbomyq9\">\u00abBullrich hay que echarla como socia. Ella quiere echar a los hinchas que van a manifestar, nosotros pedimos que Bullrich se vaya como socia de Independiente\u00bb<\/span>, sentenci\u00f3.<\/p>\n<div contenteditable=\"false\" class=\"embed_cont type_video\" id=\"8050804-359904347_wrap\">\n<p> bullrich socia independiente <span onclick=\"parent.parent.TinyMCETdcuerpo.preview_embed('8050804-359904347')\" class=\"embed_colapse less\" id=\"8050804-359904347_colapse\"\/>  <span onclick=\"parent.parent.TinyMCETdcuerpo.delete_embed('8050804-359904347')\" class=\"embed_delete less\" id=\"8050804-359904347_delete\"\/><\/p>\n<\/p><\/div>\n<h2>Axel Kicillof desminti\u00f3 una fake news sobre la marcha de jubilados en el Congreso: \u00abPiezas de la chantada\u00bb<\/h2>\n<p data-start=\"54\" data-end=\"427\">El gobernador de la provincia de Buenos Aires, <strong>Axel Kicillof<\/strong>, respondi\u00f3 este domingo a notas period\u00edsticas sobre la marcha del \u00faltimo mi\u00e9rcoles en el <strong>Congreso<\/strong>, que cont\u00f3 con una brutal represi\u00f3n del <strong>Gobierno Nacional<\/strong>, que lo responsabilizaban del incidente.<\/p>\n<p data-start=\"54\" data-end=\"427\"><strong>Kicillof calific\u00f3 los art\u00edculos del diario <em>Clar\u00edn<\/em> como \u00abmuestras de fraude y descomposici\u00f3n en la profesi\u00f3n period\u00edstica\u00bb<\/strong>, en relaci\u00f3n a las notas tituladas \u00abDirigentes del peronismo, detr\u00e1s del financiamiento a las barras que chocaron con polic\u00edas en el Congreso\u00bb y \u00abEn alerta por una nueva marcha frente al Congreso, el Gobierno ajusta el operativo y esperan m\u00e1s gente en la calle\u00bb.<\/p>\n<p data-start=\"737\" data-end=\"1064\">El diario cit\u00f3 <strong>\u00abfuentes indubitables\u00bb<\/strong> y aleg\u00f3 que un funcionario del gobierno bonaerense y un intendente del Partido Justicialista (PJ) habr\u00edan ofrecido $50.000 \u00abpor cabeza\u00bb a un l\u00edder de barrabravas de un club para generar disturbios y provocar la represi\u00f3n policial. Seg\u00fan <em data-start=\"1010\" data-end=\"1018\">Clar\u00edn<\/em>, el barrabrava habr\u00eda rechazado la propuesta.<\/p>\n<p data-start=\"1066\" data-end=\"1323\">En respuesta, a trav\u00e9s de su cuenta de X, Kicillof acus\u00f3 a <em data-start=\"1097\" data-end=\"1105\">Clar\u00edn<\/em> de formar parte de una \u00abmaniobra del gobierno de Milei\u00bb para desviar la atenci\u00f3n de la \u00abbrutal represi\u00f3n\u00bb que, seg\u00fan \u00e9l, ellos mismos ordenaron. \u00abEs una verg\u00fcenza. Y es, adem\u00e1s, algo muy serio\u00bb, lament\u00f3.<\/p>\n<p data-start=\"1325\" data-end=\"1490\" data-is-last-node=\"\" data-is-only-node=\"\">Finalmente, el mandatario provincia expres\u00f3 que \u00ablos gobiernos con tendencias autoritarias siempre han dependido de una prensa c\u00f3mplice para difundir mentiras y ocultar la verdad\u00bb.<\/p>\n<\/div>\n<p><a href=\"https:\/\/www.minutouno.com\/politica\/quieren-expulsar-patricia-bullrich-como-socia-independiente-n6124025\">source<\/a><\/p>\n","protected":false},"excerpt":{"rendered":"<p>\u00abNosotros vamos a pedirles formalmente a todos los clubes que cuyas hinchadas participaron una declaraciones&#8230;<\/p>\n","protected":false},"author":0,"featured_media":197838,"comment_status":"open","ping_status":"open","sticky":false,"template":"","format":"standard","meta":{"footnotes":""},"categories":[2],"tags":[],"class_list":["post-197837","post","type-post","status-publish","format-standard","has-post-thumbnail","hentry","category-politica"],"featured_image_urls":{"full":["https:\/\/radiofenix.com.ar\/2023\/wp-content\/uploads\/wp-header-logo.png",0,0,false],"thumbnail":["https:\/\/radiofenix.com.ar\/2023\/wp-content\/uploads\/wp-header-logo.png",1,1,false],"medium":["https:\/\/radiofenix.com.ar\/2023\/wp-content\/uploads\/wp-header-logo.png",1,1,false],"medium_large":["https:\/\/radiofenix.com.ar\/2023\/wp-content\/uploads\/wp-header-logo.png",1,1,false],"large":["https:\/\/radiofenix.com.ar\/2023\/wp-content\/uploads\/wp-header-logo.png",1,1,false],"1536x1536":["https:\/\/radiofenix.com.ar\/2023\/wp-content\/uploads\/wp-header-logo.png",1,1,false],"2048x2048":["https:\/\/radiofenix.com.ar\/2023\/wp-content\/uploads\/wp-header-logo.png",1,1,false],"newsium-slider-full":["https:\/\/radiofenix.com.ar\/2023\/wp-content\/uploads\/wp-header-logo.png",1,1,false],"newsium-featured":["https:\/\/radiofenix.com.ar\/2023\/wp-content\/uploads\/wp-header-logo.png",1,1,false],"newsium-medium":["https:\/\/radiofenix.com.ar\/2023\/wp-content\/uploads\/wp-header-logo.png",1,1,false]},"author_info":{"info":[""]},"category_info":"<a href=\"https:\/\/radiofenix.com.ar\/2023\/category\/politica\/\" rel=\"category tag\">Pol\u00edtica<\/a>","tag_info":"Pol\u00edtica","comment_count":"0","_links":{"self":[{"href":"https:\/\/radiofenix.com.ar\/2023\/wp-json\/wp\/v2\/posts\/197837","targetHints":{"allow":["GET"]}}],"collection":[{"href":"https:\/\/radiofenix.com.ar\/2023\/wp-json\/wp\/v2\/posts"}],"about":[{"href":"https:\/\/radiofenix.com.ar\/2023\/wp-json\/wp\/v2\/types\/post"}],"replies":[{"embeddable":true,"href":"https:\/\/radiofenix.com.ar\/2023\/wp-json\/wp\/v2\/comments?post=197837"}],"version-history":[{"count":0,"href":"https:\/\/radiofenix.com.ar\/2023\/wp-json\/wp\/v2\/posts\/197837\/revisions"}],"wp:featuredmedia":[{"embeddable":true,"href":"https:\/\/radiofenix.com.ar\/2023\/wp-json\/wp\/v2\/media\/197838"}],"wp:attachment":[{"href":"https:\/\/radiofenix.com.ar\/2023\/wp-json\/wp\/v2\/media?parent=197837"}],"wp:term":[{"taxonomy":"category","embeddable":true,"href":"https:\/\/radiofenix.com.ar\/2023\/wp-json\/wp\/v2\/categories?post=197837"},{"taxonomy":"post_tag","embeddable":true,"href":"https:\/\/radiofenix.com.ar\/2023\/wp-json\/wp\/v2\/tags?post=197837"}],"curies":[{"name":"wp","href":"https:\/\/api.w.org\/{rel}","templated":true}]}}