{"id":197849,"date":"2025-03-18T08:57:58","date_gmt":"2025-03-18T08:57:58","guid":{"rendered":"https:\/\/radiofenix.com.ar\/2023\/el-duro-comunicado-del-pj-por-la-fake-news-de-patricia-bullrich\/"},"modified":"2025-03-18T08:57:58","modified_gmt":"2025-03-18T08:57:58","slug":"el-duro-comunicado-del-pj-por-la-fake-news-de-patricia-bullrich","status":"publish","type":"post","link":"https:\/\/radiofenix.com.ar\/2023\/el-duro-comunicado-del-pj-por-la-fake-news-de-patricia-bullrich\/","title":{"rendered":"El duro comunicado del PJ por la fake news de Patricia Bullrich"},"content":{"rendered":"<div id=\"\">\n<div contenteditable=\"false\" class=\"embed_cont type_freetext\" rel=\"freetext\" id=\"embed227_wrap\" data-provider=\"Twitter\">\n<p>Embed &#8211; https:\/\/publish.twitter.com\/oembed?url=https:\/\/twitter.com\/p_justicialista\/status\/1901612285535146362&amp;partner=&amp;hide_thread=false<span onclick=\"parent.parent.TinyMCETdcuerpo.preview_embed('embed227')\" class=\"embed_colapse less\" id=\"embed227_colapse\"\/><span onclick=\"parent.parent.TinyMCETdcuerpo.delete_embed('embed227')\" class=\"embed_delete less\" id=\"embed227_delete\"\/><\/p>\n<div id=\"embed227_content\" class=\"embed_content\">\n<div id=\"embed227_embed\">\n<blockquote data-td-script-src=\"https:\/\/platform.twitter.com\/widgets.js\" class=\"twitter-tweet\">\n<p dir=\"ltr\" lang=\"es\"> Comunicado del Partido Justicialista <\/p>\n<p>El Partido Justicialista alerta sobre la desvergonzada campa\u00f1a de desinformaci\u00f3n y mentiras que en los \u00faltimos d\u00edas lleva adelante el monopolio Clar\u00edn contra sectores del peronismo.<\/p>\n<p>Dicha campa\u00f1a busca encubrir la responsabilidad del\u2026 <a href=\"https:\/\/t.co\/OIVuRCqZDd\">pic.twitter.com\/OIVuRCqZDd<\/a><\/p>\n<p> \u2014 Partido Justicialista (@p_justicialista) <a href=\"https:\/\/twitter.com\/p_justicialista\/status\/1901612285535146362?ref_src=twsrc%5Etfw\">March 17, 2025<\/a><\/p><\/blockquote>\n<\/div><\/div>\n<\/p><\/div>\n<p><strong> \u00abEl Partido Justicialista alerta sobre la desvergonzada campa\u00f1a de desinformaci\u00f3n y mentiras que en los \u00faltimos d\u00edas lleva adelante el monopolio Clar\u00edn contra sectores del peronismo\u00bb<\/strong>, comienza el duro comunicado.<\/p>\n<p>Y sigue: \u00abDicha campa\u00f1a<span class=\"saysCMSEmphasis\" id=\"saysCMSEmphasis6cmk4r1aaq4\"> busca encubrir la responsabilidad del gobierno nacional y, en particular, de la ministra de Seguridad, Patricia Bullrich, en la represi\u00f3n ilegal contra jubilados<\/span>, fot\u00f3grafos y ciudadanos en general que se manifestaron el mi\u00e9rcoles pasado frente al Congreso de la Naci\u00f3n\u00bb.<\/p>\n<p>\u00abEste<span class=\"saysCMSEmphasis\" id=\"saysCMSEmphasis3tseg6rsmd8\"> alineamiento sin fisuras entre las mentiras que Clar\u00edn publica en sus tapas y el relato oficial desplegado luego de la represi\u00f3n tiene lugar en el mismo momento en que el grupo empresario busca quedarse con Telef\u00f3nica, <\/span> hecho que le permitir\u00eda consolidar un monopolio absoluto en el sector de las telecomunicaciones\u00bb, alert\u00f3 el PJ.<\/p>\n<div contenteditable=\"false\" class=\"embed_cont type_imagen\" id=\"8049961-Libre-1997526640_wrap\">\n<p>represion gas pimienta.jpg <span onclick=\"parent.parent.TinyMCETdcuerpo.preview_embed('8049961-Libre-1997526640')\" class=\"embed_colapse less\" id=\"8049961-Libre-1997526640_colapse\"\/>  <span onclick=\"parent.parent.TinyMCETdcuerpo.delete_embed('8049961-Libre-1997526640')\" class=\"embed_delete less\" id=\"8049961-Libre-1997526640_delete\"\/><\/p>\n<div id=\"8049961-Libre-1997526640_content\" class=\"embed_content\"><img decoding=\"async\" src=\"https:\/\/media.minutouno.com\/p\/d602259ff530d8e2449260c6d8f987c3\/adjuntos\/150\/imagenes\/042\/258\/0042258845\/610x0\/smart\/represion-gas-pimientajpg.jpg\" alt=\"\" title=\"\" width=\"610\" height=\"undefined\" id=\"8049961-Libre-1997526640_embed\"\/><\/div>\n<\/p><\/div>\n<p>Y abund\u00f3: \u00abTampoco puede escapar al m\u00e1s elemental criterio, la actitud del gobierno nacional, incluido el propio Javier Milei y su ejercito de trolls, que pasaron de postear en X &#8216;Clar\u00edn la gran estafa argentina&#8217; y vociferar a los cuatro vientos que no iban a permitir ni autorizar la fusi\u00f3n, a un repentino silencio, casi a nivel de mudez, que ya no deja margen a las dudas o especulaciones. <span class=\"saysCMSEmphasis\" id=\"saysCMSEmphasis9wf4ypnapd\">El Gobierno est\u00e1 negociando con Clar\u00edn la autorizaci\u00f3n de la adquisici\u00f3n de Telef\u00f3nica, que lo convertir\u00e1 en un monopolio absoluto. Lo mismo que hizo Macri cuando autoriz\u00f3 la compra de Telecom y Nextel durante su gesti\u00f3n\u00bb.<\/span><\/p>\n<p>\u00abEn los \u00faltimos 10 a\u00f1os le fue muy mal a los argentinos, pero a Clar\u00edn le fue excelente. Una verdadera d\u00e9cada ganada que termina con la suma de Telecom y Telef\u00f3nica\u00bb, concluye el comunicado.<\/p>\n<div contenteditable=\"false\" class=\"embed_cont type_freetext\" rel=\"freetext\" id=\"embed15_wrap\">\n<p>Embed <span onclick=\"parent.parent.TinyMCETdcuerpo.preview_embed('embed15')\" class=\"embed_colapse less\" id=\"embed15_colapse\"\/>  <span onclick=\"parent.parent.TinyMCETdcuerpo.delete_embed('embed15')\" class=\"embed_delete less\" id=\"embed15_delete\"\/><\/p>\n<div id=\"embed15_content\" class=\"embed_content\">\n<div id=\"embed15_embed\">\n<figure class=\"figure\"><a href=\"https:\/\/t.me\/minutounocom\" target=\"_blank\" rel=\"noopener\"><img decoding=\"async\" src=\"https:\/\/media.minutouno.com\/adjuntos\/150\/banners\/039\/099\/0039099175.jpg\" class=\"figure-img img-fluid\" style=\"width:100%;height:auto;\"\/><\/a><\/figure>\n<\/p><\/div>\n<\/div><\/div>\n<\/p><\/div>\n<p><a href=\"https:\/\/www.minutouno.com\/politica\/el-duro-comunicado-del-pj-la-fake-news-patricia-bullrich-n6124208\">source<\/a><\/p>\n","protected":false},"excerpt":{"rendered":"<p>Embed &#8211; https:\/\/publish.twitter.com\/oembed?url=https:\/\/twitter.com\/p_justicialista\/status\/1901612285535146362&amp;partner=&amp;hide_thread=false Comunicado del Partido Justicialista El Partido Justicialista alerta sobre la desvergonzada campa\u00f1a&#8230;<\/p>\n","protected":false},"author":0,"featured_media":197850,"comment_status":"open","ping_status":"open","sticky":false,"template":"","format":"standard","meta":{"footnotes":""},"categories":[2],"tags":[],"class_list":["post-197849","post","type-post","status-publish","format-standard","has-post-thumbnail","hentry","category-politica"],"featured_image_urls":{"full":["https:\/\/radiofenix.com.ar\/2023\/wp-content\/uploads\/wp-header-logo.png",0,0,false],"thumbnail":["https:\/\/radiofenix.com.ar\/2023\/wp-content\/uploads\/wp-header-logo.png",1,1,false],"medium":["https:\/\/radiofenix.com.ar\/2023\/wp-content\/uploads\/wp-header-logo.png",1,1,false],"medium_large":["https:\/\/radiofenix.com.ar\/2023\/wp-content\/uploads\/wp-header-logo.png",1,1,false],"large":["https:\/\/radiofenix.com.ar\/2023\/wp-content\/uploads\/wp-header-logo.png",1,1,false],"1536x1536":["https:\/\/radiofenix.com.ar\/2023\/wp-content\/uploads\/wp-header-logo.png",1,1,false],"2048x2048":["https:\/\/radiofenix.com.ar\/2023\/wp-content\/uploads\/wp-header-logo.png",1,1,false],"newsium-slider-full":["https:\/\/radiofenix.com.ar\/2023\/wp-content\/uploads\/wp-header-logo.png",1,1,false],"newsium-featured":["https:\/\/radiofenix.com.ar\/2023\/wp-content\/uploads\/wp-header-logo.png",1,1,false],"newsium-medium":["https:\/\/radiofenix.com.ar\/2023\/wp-content\/uploads\/wp-header-logo.png",1,1,false]},"author_info":{"info":[""]},"category_info":"<a href=\"https:\/\/radiofenix.com.ar\/2023\/category\/politica\/\" rel=\"category tag\">Pol\u00edtica<\/a>","tag_info":"Pol\u00edtica","comment_count":"0","_links":{"self":[{"href":"https:\/\/radiofenix.com.ar\/2023\/wp-json\/wp\/v2\/posts\/197849","targetHints":{"allow":["GET"]}}],"collection":[{"href":"https:\/\/radiofenix.com.ar\/2023\/wp-json\/wp\/v2\/posts"}],"about":[{"href":"https:\/\/radiofenix.com.ar\/2023\/wp-json\/wp\/v2\/types\/post"}],"replies":[{"embeddable":true,"href":"https:\/\/radiofenix.com.ar\/2023\/wp-json\/wp\/v2\/comments?post=197849"}],"version-history":[{"count":0,"href":"https:\/\/radiofenix.com.ar\/2023\/wp-json\/wp\/v2\/posts\/197849\/revisions"}],"wp:featuredmedia":[{"embeddable":true,"href":"https:\/\/radiofenix.com.ar\/2023\/wp-json\/wp\/v2\/media\/197850"}],"wp:attachment":[{"href":"https:\/\/radiofenix.com.ar\/2023\/wp-json\/wp\/v2\/media?parent=197849"}],"wp:term":[{"taxonomy":"category","embeddable":true,"href":"https:\/\/radiofenix.com.ar\/2023\/wp-json\/wp\/v2\/categories?post=197849"},{"taxonomy":"post_tag","embeddable":true,"href":"https:\/\/radiofenix.com.ar\/2023\/wp-json\/wp\/v2\/tags?post=197849"}],"curies":[{"name":"wp","href":"https:\/\/api.w.org\/{rel}","templated":true}]}}