{"id":197855,"date":"2025-03-19T08:57:46","date_gmt":"2025-03-19T08:57:46","guid":{"rendered":"https:\/\/radiofenix.com.ar\/2023\/reclaman-la-implementacion-del-boleto-gratuito-universitario\/"},"modified":"2025-03-19T08:57:46","modified_gmt":"2025-03-19T08:57:46","slug":"reclaman-la-implementacion-del-boleto-gratuito-universitario","status":"publish","type":"post","link":"https:\/\/radiofenix.com.ar\/2023\/reclaman-la-implementacion-del-boleto-gratuito-universitario\/","title":{"rendered":"Reclaman la implementaci\u00f3n del boleto gratuito universitario\u00a0"},"content":{"rendered":"<div><!-- Body --><\/p>\n<p>Los<b> centros de estudiantes <\/b>de facultades e institutos superiores porte\u00f1os reclaman que el Gobierno de la Ciudad de Buenos Aires (GCBA) <b>haga efectivo el acceso al boleto gratuito universitario<\/b> <a href=\"https:\/\/www.pagina12.com.ar\/790029-legislatura-aprobaron-el-boleto-universitario\">aprobado por la Legislatura <\/a>a fines del a\u00f1o pasado. La ley, aprobada por <b>amplia mayor\u00eda<\/b>, signific\u00f3 un hist\u00f3rico triunfo para el movimiento estudiantil tras <b>d\u00e9cadas de sostener el reclamo<\/b>, y ahora advierten que el GCBA <b>todav\u00eda no puso en funcionamiento lo estipulado<\/b> en la norma, aunque se esperaba que a esta altura ya se pudiera acceder al boleto, durante el inicio de este ciclo lectivo.<\/p>\n<p>Cuando a principios de febrero los y las estudiantes ingresaron en la web oficial del boleto educativo porte\u00f1o no encontraron <b>ning\u00fan cambio<\/b> con respecto al a\u00f1o pasado. La inscripci\u00f3n ya estaba disponible el a\u00f1o pasado para los y las alumnas de los niveles <b>inicial, primario y secundario. Pero faltan\u00a0<\/b>los universitarios. El tiempo pas\u00f3, las materias abrieron su inscripci\u00f3n y buena parte de las facultades e institutos ya empezaron sus clases. La web, sin embargo, sigue igual, <b>sin actualizar la ampliaci\u00f3n del boleto<\/b> a los niveles superiores como lo estableci\u00f3 la ley aprobada a mediados de diciembre.\u00a0<\/p>\n<p><b>Isabel Gonz\u00e1lez Puente<\/b>, presidenta del Centro de Estudiantes de Filosof\u00eda y Letras (CEFYL) de la UBA advierte a <b>P\u00e1gina\/12 <\/b>que \u00ab<b>no tenemos ning\u00fan tipo de informaci\u00f3n<\/b> de c\u00f3mo ni cu\u00e1ndo vamos a poder acceder al boleto\u00bb. \u00abTodav\u00eda no se estableci\u00f3 ning\u00fan per\u00edodo de implementaci\u00f3n ni de inscripci\u00f3n claro, tampoco sabemos qu\u00e9 documentaci\u00f3n tendremos que presentar ni a d\u00f3nde ni cu\u00e1ndo tendr\u00edamos que mandarla, y <b>ya est\u00e1n comenzando las clases<\/b>\u00ab, agrega la presidenta del CEFYL, uno de los centros que impuls\u00f3 el reclamo que deriv\u00f3 en la aprobaci\u00f3n de la ley.<\/p>\n<h2>\u00abNecesitamos respuestas\u00bb<\/h2>\n<p><b>Agostina Olivera<\/b>, presidenta del centro de Ciencias Sociales, a\u00f1ade que la situaci\u00f3n \u00abdeja a <b>miles de compa\u00f1eros con la incertidumbre<\/b> de si van a poder seguir cursando o no\u00bb. \u00abAh\u00ed es donde los <b>centros hacemos esfuerzos para acompa\u00f1ar<\/b>, en Sociales por ejemplo damos una beca de transporte, pero <b>necesitamos que el GCBA d\u00e9 respuestas<\/b>\u00ab, sostiene. Gonz\u00e1lez Puente, por su parte, coincide con el diagn\u00f3stico de la situaci\u00f3n de los estudiantes y en la necesidad de la <b>inmediata implementaci\u00f3n<\/b> de la gratuidad del boleto: \u00abEstamos en una <b>situaci\u00f3n econ\u00f3mica cr\u00edtica<\/b> que repercute directamente en la posibilidad de seguir cursando. En el AMBA los boletos ya acumulan un aumento del 600 por ciento y hay <b>compa\u00f1eros y compa\u00f1eras que est\u00e1n eligiendo cursar menos materias porque si no, no les alcanza<\/b>\u00ab, apunta.\u00a0<\/p>\n<p>Seg\u00fan pudo saber este diario, la ley fue <b>promulgada <\/b>autom\u00e1ticamente en el Bolet\u00edn Oficial como ocurre con todas las normas porte\u00f1as diez d\u00edas despu\u00e9s de que el Ejecutivo reciba el giro de la Legislatura tras la aprobaci\u00f3n. Sin embargo, <b>todav\u00eda no hay una reglamentaci\u00f3n que detalle c\u00f3mo se pondr\u00e1 en ejecuci\u00f3n<\/b> la ampliaci\u00f3n del boleto. <b>P\u00e1gina\/12 consult\u00f3<\/b> a fuentes del <b>Ministerio de Educaci\u00f3n porte\u00f1o<\/b> y respondieron que, a la espera de esa reglamentaci\u00f3n, en estas semanas se conformar\u00e1 una <b>mesa de trabajo<\/b> entre representantes del GCBA y de Naci\u00f3n &#8211;a cargo de las l\u00edneas de colectivos\u00a0interjurisdiccionales&#8211; \u00abpara <b>encontrar la mejor forma de implementar el boleto y definir los alcances<\/b>\u00ab. La puesta en marcha, por ahora, no tiene fecha definida.\u00a0<\/p>\n<h2>Qu\u00e9 dice la ley<\/h2>\n<p>La ley aprobada en diciembre <a href=\"https:\/\/www.pagina12.com.ar\/787855-avanza-en-la-legislatura-el-boleto-universitario\">estipula determinados <b>requisitos<\/b><\/a><b> <\/b>para poder acceder al boleto, por lo que los detalles del modo de reglamentaci\u00f3n y de inscripci\u00f3n son claves para saber c\u00f3mo se acceder\u00e1 al beneficio. El principal punto es el que estipula un <b>tope econ\u00f3mico<\/b> para poder ingresar al subsidio. Aunque los y las estudiantes reclamaban que el boleto gratuito fuera <b>universal<\/b>, la Legislatura termin\u00f3 definiendo que s\u00f3lo podr\u00e1n acceder aquellos que pertenezcan, como m\u00e1ximo, a hogares de \u00ab<b>sector medio fr\u00e1gil\u00bb\u00a0<\/b>seg\u00fan la clasificaci\u00f3n actualizada del Instituto de Estad\u00edsticas y Censos porte\u00f1o. El reciente informe del instituto sobre el mes de <b>febrero <\/b>arroj\u00f3 que ese sector lo ocupan las <b>familias con ingresos mensuales de hasta 1,7 millones de pesos<\/b>. Quienes formen parte de familias con ingresos superiores no tendr\u00e1n el boleto gratuito.\u00a0<\/p>\n<p>Olivera cataloga a este tope como una \u00ab<b>restricci\u00f3n clara<\/b>\u00bb al acceso al boleto, a lo que suma la <b>exclusi\u00f3n de los y las estudiantes sin residencia en la ciudad<\/b>. En este punto, los centros de estudiantes advierten que buena parte de los y las alumnas que estudian en los establecimientos de la ciudad <b>vienen desde diversos puntos del conurbano<\/b>. Tambi\u00e9n est\u00e1 el caso de los <b>oriundos de otras provincias<\/b> que vienen a la ciudad s\u00f3lo por los per\u00edodos de cursada, <b>sin tener residencia<\/b> declarada. Pese esas \u00abrestricciones\u00bb, Olivera sostiene que \u00abcomo movimiento estudiantil <b>celebramos el avance de la ley<\/b>, ya que es una deuda hist\u00f3rica que la ciudad mas rica del pa\u00eds ven\u00eda teniendo con sus universitarios, pero hoy ya habiendo arrancado las clases <b>nos encontramos sin fechas ni claridad<\/b> sobre c\u00f3mo podemos realizar el tramite para tener el boleto\u00bb.\u00a0<\/p>\n<p>Adem\u00e1s de la extensi\u00f3n al nivel superior, la ley incluye otras ampliaciones al boleto ya existente, como la <b>incorporaci\u00f3n de los familiares acompa\u00f1antes<\/b> de alumnos y alumnas <b>menores de 12 a\u00f1os<\/b>. Ese punto estipula que los acompa\u00f1antes acceder\u00e1n a la <b>subvenci\u00f3n del 55 por ciento del pasaje<\/b>. Tambi\u00e9n se ampli\u00f3 la cantidad total de boletos a cubrir para llegar a un <b>m\u00e1ximo de 96 mensuales<\/b> repartidos con un tope de cuatro diarios.\u00a0<\/p>\n<p><!-- Live Blog Post --><\/div>\n<p><a href=\"https:\/\/www.pagina12.com.ar\/811673-reclaman-la-implementacion-del-boleto-gratuito-universitario\">source<\/a><\/p>\n","protected":false},"excerpt":{"rendered":"<p>Los centros de estudiantes de facultades e institutos superiores porte\u00f1os reclaman que el Gobierno de&#8230;<\/p>\n","protected":false},"author":0,"featured_media":197856,"comment_status":"open","ping_status":"open","sticky":false,"template":"","format":"standard","meta":{"footnotes":""},"categories":[7],"tags":[],"class_list":["post-197855","post","type-post","status-publish","format-standard","has-post-thumbnail","hentry","category-sociedad"],"featured_image_urls":{"full":["https:\/\/radiofenix.com.ar\/2023\/wp-content\/uploads\/wp-header-logo.png",0,0,false],"thumbnail":["https:\/\/radiofenix.com.ar\/2023\/wp-content\/uploads\/wp-header-logo.png",1,1,false],"medium":["https:\/\/radiofenix.com.ar\/2023\/wp-content\/uploads\/wp-header-logo.png",1,1,false],"medium_large":["https:\/\/radiofenix.com.ar\/2023\/wp-content\/uploads\/wp-header-logo.png",1,1,false],"large":["https:\/\/radiofenix.com.ar\/2023\/wp-content\/uploads\/wp-header-logo.png",1,1,false],"1536x1536":["https:\/\/radiofenix.com.ar\/2023\/wp-content\/uploads\/wp-header-logo.png",1,1,false],"2048x2048":["https:\/\/radiofenix.com.ar\/2023\/wp-content\/uploads\/wp-header-logo.png",1,1,false],"newsium-slider-full":["https:\/\/radiofenix.com.ar\/2023\/wp-content\/uploads\/wp-header-logo.png",1,1,false],"newsium-featured":["https:\/\/radiofenix.com.ar\/2023\/wp-content\/uploads\/wp-header-logo.png",1,1,false],"newsium-medium":["https:\/\/radiofenix.com.ar\/2023\/wp-content\/uploads\/wp-header-logo.png",1,1,false]},"author_info":{"info":[""]},"category_info":"<a href=\"https:\/\/radiofenix.com.ar\/2023\/category\/sociedad\/\" rel=\"category tag\">Sociedad<\/a>","tag_info":"Sociedad","comment_count":"0","_links":{"self":[{"href":"https:\/\/radiofenix.com.ar\/2023\/wp-json\/wp\/v2\/posts\/197855","targetHints":{"allow":["GET"]}}],"collection":[{"href":"https:\/\/radiofenix.com.ar\/2023\/wp-json\/wp\/v2\/posts"}],"about":[{"href":"https:\/\/radiofenix.com.ar\/2023\/wp-json\/wp\/v2\/types\/post"}],"replies":[{"embeddable":true,"href":"https:\/\/radiofenix.com.ar\/2023\/wp-json\/wp\/v2\/comments?post=197855"}],"version-history":[{"count":0,"href":"https:\/\/radiofenix.com.ar\/2023\/wp-json\/wp\/v2\/posts\/197855\/revisions"}],"wp:featuredmedia":[{"embeddable":true,"href":"https:\/\/radiofenix.com.ar\/2023\/wp-json\/wp\/v2\/media\/197856"}],"wp:attachment":[{"href":"https:\/\/radiofenix.com.ar\/2023\/wp-json\/wp\/v2\/media?parent=197855"}],"wp:term":[{"taxonomy":"category","embeddable":true,"href":"https:\/\/radiofenix.com.ar\/2023\/wp-json\/wp\/v2\/categories?post=197855"},{"taxonomy":"post_tag","embeddable":true,"href":"https:\/\/radiofenix.com.ar\/2023\/wp-json\/wp\/v2\/tags?post=197855"}],"curies":[{"name":"wp","href":"https:\/\/api.w.org\/{rel}","templated":true}]}}