{"id":197857,"date":"2025-03-19T08:57:48","date_gmt":"2025-03-19T08:57:48","guid":{"rendered":"https:\/\/radiofenix.com.ar\/2023\/san-martin-de-san-juan-busca-tecnico\/"},"modified":"2025-03-19T08:57:48","modified_gmt":"2025-03-19T08:57:48","slug":"san-martin-de-san-juan-busca-tecnico","status":"publish","type":"post","link":"https:\/\/radiofenix.com.ar\/2023\/san-martin-de-san-juan-busca-tecnico\/","title":{"rendered":"San Mart\u00edn de San Juan busca t\u00e9cnico"},"content":{"rendered":"<div><!-- Body --><\/p>\n<p>A casi una semana de la salida de Andr\u00e9s Yllana de Aldosivi, el otro ascendido de esta temporada, <b>San Mart\u00edn de San Juan, tambi\u00e9n se qued\u00f3 sin entrenador. Ra\u00fal Antu\u00f1a present\u00f3 la renuncia tras la derrota 2-0 como local ante Platense<\/b> del lunes por la noche, que dej\u00f3 al Santo en la \u00faltima posici\u00f3n de la Zona B con seis puntos en diez fechas.<\/p>\n<p>\u00abS\u00ed, renunci\u00e9. Hay veces que hay que dar un paso al costado. <b>San Mart\u00edn est\u00e1 sobre las personas y los nombres propios\u00bb, coment\u00f3<\/b> el DT una vez conocida la noticia.<\/p>\n<p><iframe style=\"border: 0px; position: absolute; top: 0px; left: 0px; height: 100%;\" allowfullscreen=\"\" frameborder=\"0\" src=\"https:\/\/www.youtube.com\/embed\/Una1HVTkzxQ\"><\/iframe><\/p>\n<p>\u00abEst\u00e1 San Mart\u00edn antes que Antu\u00f1a. Fue todo muy r\u00e1pido y una decisi\u00f3n que no esper\u00e1bamos. <b>El que venga se encuentra con un plantel impresionante. Vamos a estar hasta que est\u00e9 el pr\u00f3ximo cuerpo t\u00e9cnico\u00bb, agreg\u00f3 Antu\u00f1a<\/b>, quien agarr\u00f3 al equipo como interino el a\u00f1o pasado, tras un mal arranque en la Primera Nacional, y lo llev\u00f3 a Primera.<\/p>\n<p>Por su parte, el presidente del club, Jorge Miadosqui, expres\u00f3: \u00abNos renunci\u00f3 despu\u00e9s del partido porque quer\u00eda descomprimir la situaci\u00f3n. <b>As\u00ed que estamos buscando t\u00e9cnico y queremos que se enteren porque hoy San Mart\u00edn no tiene entrenador\u00bb.<\/b><\/p>\n<p><!-- Live Blog Post --><\/div>\n<p><a href=\"https:\/\/www.pagina12.com.ar\/811650-san-martin-de-san-juan-busca-tecnico\">source<\/a><\/p>\n","protected":false},"excerpt":{"rendered":"<p>A casi una semana de la salida de Andr\u00e9s Yllana de Aldosivi, el otro ascendido&#8230;<\/p>\n","protected":false},"author":0,"featured_media":197858,"comment_status":"open","ping_status":"open","sticky":false,"template":"","format":"standard","meta":{"footnotes":""},"categories":[3],"tags":[],"class_list":["post-197857","post","type-post","status-publish","format-standard","has-post-thumbnail","hentry","category-deportes"],"featured_image_urls":{"full":["https:\/\/radiofenix.com.ar\/2023\/wp-content\/uploads\/wp-header-logo.png",0,0,false],"thumbnail":["https:\/\/radiofenix.com.ar\/2023\/wp-content\/uploads\/wp-header-logo.png",1,1,false],"medium":["https:\/\/radiofenix.com.ar\/2023\/wp-content\/uploads\/wp-header-logo.png",1,1,false],"medium_large":["https:\/\/radiofenix.com.ar\/2023\/wp-content\/uploads\/wp-header-logo.png",1,1,false],"large":["https:\/\/radiofenix.com.ar\/2023\/wp-content\/uploads\/wp-header-logo.png",1,1,false],"1536x1536":["https:\/\/radiofenix.com.ar\/2023\/wp-content\/uploads\/wp-header-logo.png",1,1,false],"2048x2048":["https:\/\/radiofenix.com.ar\/2023\/wp-content\/uploads\/wp-header-logo.png",1,1,false],"newsium-slider-full":["https:\/\/radiofenix.com.ar\/2023\/wp-content\/uploads\/wp-header-logo.png",1,1,false],"newsium-featured":["https:\/\/radiofenix.com.ar\/2023\/wp-content\/uploads\/wp-header-logo.png",1,1,false],"newsium-medium":["https:\/\/radiofenix.com.ar\/2023\/wp-content\/uploads\/wp-header-logo.png",1,1,false]},"author_info":{"info":[""]},"category_info":"<a href=\"https:\/\/radiofenix.com.ar\/2023\/category\/deportes\/\" rel=\"category tag\">Deportes<\/a>","tag_info":"Deportes","comment_count":"0","_links":{"self":[{"href":"https:\/\/radiofenix.com.ar\/2023\/wp-json\/wp\/v2\/posts\/197857","targetHints":{"allow":["GET"]}}],"collection":[{"href":"https:\/\/radiofenix.com.ar\/2023\/wp-json\/wp\/v2\/posts"}],"about":[{"href":"https:\/\/radiofenix.com.ar\/2023\/wp-json\/wp\/v2\/types\/post"}],"replies":[{"embeddable":true,"href":"https:\/\/radiofenix.com.ar\/2023\/wp-json\/wp\/v2\/comments?post=197857"}],"version-history":[{"count":0,"href":"https:\/\/radiofenix.com.ar\/2023\/wp-json\/wp\/v2\/posts\/197857\/revisions"}],"wp:featuredmedia":[{"embeddable":true,"href":"https:\/\/radiofenix.com.ar\/2023\/wp-json\/wp\/v2\/media\/197858"}],"wp:attachment":[{"href":"https:\/\/radiofenix.com.ar\/2023\/wp-json\/wp\/v2\/media?parent=197857"}],"wp:term":[{"taxonomy":"category","embeddable":true,"href":"https:\/\/radiofenix.com.ar\/2023\/wp-json\/wp\/v2\/categories?post=197857"},{"taxonomy":"post_tag","embeddable":true,"href":"https:\/\/radiofenix.com.ar\/2023\/wp-json\/wp\/v2\/tags?post=197857"}],"curies":[{"name":"wp","href":"https:\/\/api.w.org\/{rel}","templated":true}]}}