{"id":197867,"date":"2025-03-20T08:57:57","date_gmt":"2025-03-20T08:57:57","guid":{"rendered":"https:\/\/radiofenix.com.ar\/2023\/efemerides-de-hoy-que-paso-un-20-de-marzo\/"},"modified":"2025-03-20T08:57:57","modified_gmt":"2025-03-20T08:57:57","slug":"efemerides-de-hoy-que-paso-un-20-de-marzo","status":"publish","type":"post","link":"https:\/\/radiofenix.com.ar\/2023\/efemerides-de-hoy-que-paso-un-20-de-marzo\/","title":{"rendered":"Efem\u00e9rides de hoy: qu\u00e9 pas\u00f3 un 20 de marzo\u00a0"},"content":{"rendered":"<div><!-- Body --><\/p>\n<p>En las <b>efem\u00e9rides del 20 de marzo <\/b>sobresalen estos hechos que ocurrieron un d\u00eda como hoy en la Argentina y el mundo:<\/p>\n<h2>1957. Nace Spike Lee<\/h2>\n<p><b>Nace uno de los directores m\u00e1s significativos del Hollywood de las \u00faltimas d\u00e9cadas: <\/b><a href=\"https:\/\/www.pagina12.com.ar\/269640-spike-lee-no-podemos-quedarnos-callados\"><b>Spike Lee<\/b><\/a>. Acaso el cineasta afroamericano por excelencia, gran parte de su obra gira sobre el racismo, como en <i>Haz lo correcto<\/i> y la biopic <i>Malcolm X<\/i>. Su obra incluye pel\u00edculas como <i>El verano de Sam<\/i>, <i>La hora 25<\/i>, <a href=\"https:\/\/www.pagina12.com.ar\/155453-la-respuesta-negra-a-la-mentira-blanca\"><i>El infiltrado del KKKlan <\/i><\/a>(por la cual gan\u00f3 un Oscar como guionista; ya hab\u00eda recibido otro a la trayectoria) y <i>5 sangres<\/i>.<\/p>\n<p><iframe style=\"border: 0px; position: absolute; top: 0px; left: 0px; height: 100%;\" allowfullscreen=\"\" frameborder=\"0\" src=\"https:\/\/www.youtube.com\/embed\/JNwX37Aph3k\"><\/iframe><\/p>\n<h2>1969. El casamiento de John Lennon y Yoko Ono<\/h2>\n<p><a href=\"https:\/\/www.pagina12.com.ar\/2000\/suple\/radar\/00-07\/00-07-02\/nota1.htm\"><b>John Lennon<\/b><\/a><b> y Yoko Ono se casan en Gibraltar<\/b>. Acto seguido, comienzan una inusual luna de miel: pasan una semana en la cama en \u00c1msterdam y otra en Montreal, como forma de reclamar por la paz mundial. <b>Las peripecias de esos d\u00edas quedan plasmadas en uno de los \u00faltimos sencillos de los Beatles: \u201cThe Ballad of John and Yoko\u201d<\/b>.<\/p>\n<p><iframe style=\"border: 0px; position: absolute; top: 0px; left: 0px; height: 100%;\" allowfullscreen=\"\" frameborder=\"0\" src=\"https:\/\/www.youtube.com\/embed\/v-1OgNqBkVE\"><\/iframe><\/p>\n<h2>1988. Fallece Gil Evans<\/h2>\n<p><b>Muere el pianista, compositor y arreglador Gil Evans, a los 75 a\u00f1os<\/b>. Fue una pieza clave en la evoluci\u00f3n del jazz, adem\u00e1s de un colaborador permanente de <a href=\"https:\/\/www.pagina12.com.ar\/238752-autorretrato-de-miles-davis\">Miles Davis<\/a>, a quien acompa\u00f1\u00f3 en discos como <i>Sketches of Spain<\/i> y<i> Porgy &amp; Bess<\/i>.<\/p>\n<p><iframe style=\"border: 0px; position: absolute; top: 0px; left: 0px; height: 100%;\" allowfullscreen=\"\" frameborder=\"0\" src=\"https:\/\/www.youtube.com\/embed\/-76yOM490dU\"><\/iframe><\/p>\n<h2>1995. Ataque con gas sar\u00edn en el subte de<br \/>\nTokio<\/h2>\n<p>Atentado en el subte de Tokio. <b>Una secta llamada Verdad Suprema libera gas sar\u00edn en varias estaciones y mueren trece personas<\/b>. Hay cincuenta heridos y unas mil personas presentan problemas temporales de visi\u00f3n. El ataque con el arma qu\u00edmica deriva en el arresto de integrantes de Verdad Suprema, que ya hab\u00edan perpetrado un hecho similar. <b>No hab\u00eda ocurrido un episodio de esa gravedad en el pa\u00eds desde el fin de la Segunda Guerra<\/b>. Haruki Murakami public\u00f3 el libro <i>Subterr\u00e1neo<\/i>, en 1997, que incluye entrevistas a sobrevivientes del ataque; y luego, <i>El lugar prometido<\/i>, centrado en Verdad Suprema. <a href=\"https:\/\/www.pagina12.com.ar\/diario\/elmundo\/4-73075-2006-09-16.html\"><b>En 2018 fue ejecutado en la horca el l\u00edder de la secta, Sh\u014dk\u014d Asahara, junto a otras seis personas<\/b><\/a>.<\/p>\n<p><iframe style=\"border: 0px; position: absolute; top: 0px; left: 0px; height: 100%;\" allowfullscreen=\"\" frameborder=\"0\" src=\"https:\/\/www.youtube.com\/embed\/pNjs2z2Yzts\"><\/iframe><\/p>\n<h2>2016. Obama llega a Cuba<\/h2>\n<p><a href=\"https:\/\/www.pagina12.com.ar\/diario\/elmundo\/4-295045-2016-03-21.html\"><b>Barack Obama se convierte en el primer presidente estadounidense que visita Cuba desde el triunfo de la Revoluci\u00f3n<\/b><\/a>. Desde 1928 ning\u00fan mandatario de Estados Unidos hab\u00eda pisado la isla. El hist\u00f3rico viaje es el punto m\u00e1s alto en la distensi\u00f3n entre ambos pa\u00edses <a href=\"https:\/\/www.pagina12.com.ar\/diario\/elmundo\/4-262221-2014-12-18.html\">desde el acuerdo anunciado a fines de 2014, cuando Washington y La Habana manifestaron la intenci\u00f3n de normalizar relaciones<\/a>. Obama<b> recorre la capital cubana y se entrevista con Ra\u00fal Castro<\/b>, antes de seguir viaje rumbo a la Argentina.<\/p>\n<p><iframe style=\"border: 0px; position: absolute; top: 0px; left: 0px; height: 100%;\" allowfullscreen=\"\" frameborder=\"0\" src=\"https:\/\/www.youtube.com\/embed\/5Ltms97TNIc\"><\/iframe><\/p>\n<h2>2020. Adi\u00f3s a Amadeo Carrizo<\/h2>\n<p><a href=\"https:\/\/www.pagina12.com.ar\/254233-amadeo-carrizo-nunca-me-hicieron-un-gol-bobo\"><b>Amadeo Carrizo<\/b><\/a><b>, emblema del f\u00fatbol argentino de todos los tiempos, <\/b><a href=\"https:\/\/www.pagina12.com.ar\/254183-murio-amadeo-carrizo-una-leyenda-de-river\"><b>fallece a los 93 a\u00f1os<\/b><\/a>. El legendario arquero de River hab\u00eda nacido en Rufino, provincia de Santa Fe, en 1926. <b>Jug\u00f3 en River entre 1945 y 1968, y termin\u00f3 su carrera en Millonarios de Colombia en 1970<\/b>. Gan\u00f3 siete t\u00edtulos locales con el club de N\u00fa\u00f1ez. Defendi\u00f3 el arco de la Selecci\u00f3n en el Mundial de Suecia, en 1958, y en la Copa de las Naciones, que la albiceleste obtuvo en 1964 en Brasil. Est\u00e1 considerado un innovador de su puesto y <a href=\"https:\/\/www.pagina12.com.ar\/254222-carrizo-entre-devoto-y-la-gloria\">uno de los m\u00e1s grandes arqueros de la historia del f\u00fatbol<\/a>.<\/p>\n<p><iframe style=\"border: 0px; position: absolute; top: 0px; left: 0px; height: 100%;\" allowfullscreen=\"\" frameborder=\"0\" src=\"https:\/\/www.youtube.com\/embed\/-xeWFZtwSLs\"><\/iframe><\/p>\n<p>Adem\u00e1s, es el <b>D\u00eda Internacional de la Felicidad<\/b>, instituido por las Naciones Unidas, \u00abpara reconocer la relevancia de la felicidad y el bienestar como aspiraciones universales de los seres humanos y la importancia de su inclusi\u00f3n en las pol\u00edticas de gobierno\u00bb.<\/p>\n<p><!-- Live Blog Post --><\/div>\n<p><a href=\"https:\/\/www.pagina12.com.ar\/812023-efemerides-de-hoy-que-paso-un-20-de-marzo\">source<\/a><\/p>\n","protected":false},"excerpt":{"rendered":"<p>En las efem\u00e9rides del 20 de marzo sobresalen estos hechos que ocurrieron un d\u00eda como&#8230;<\/p>\n","protected":false},"author":0,"featured_media":197868,"comment_status":"open","ping_status":"open","sticky":false,"template":"","format":"standard","meta":{"footnotes":""},"categories":[7],"tags":[],"class_list":["post-197867","post","type-post","status-publish","format-standard","has-post-thumbnail","hentry","category-sociedad"],"featured_image_urls":{"full":["https:\/\/radiofenix.com.ar\/2023\/wp-content\/uploads\/wp-header-logo.png",0,0,false],"thumbnail":["https:\/\/radiofenix.com.ar\/2023\/wp-content\/uploads\/wp-header-logo.png",1,1,false],"medium":["https:\/\/radiofenix.com.ar\/2023\/wp-content\/uploads\/wp-header-logo.png",1,1,false],"medium_large":["https:\/\/radiofenix.com.ar\/2023\/wp-content\/uploads\/wp-header-logo.png",1,1,false],"large":["https:\/\/radiofenix.com.ar\/2023\/wp-content\/uploads\/wp-header-logo.png",1,1,false],"1536x1536":["https:\/\/radiofenix.com.ar\/2023\/wp-content\/uploads\/wp-header-logo.png",1,1,false],"2048x2048":["https:\/\/radiofenix.com.ar\/2023\/wp-content\/uploads\/wp-header-logo.png",1,1,false],"newsium-slider-full":["https:\/\/radiofenix.com.ar\/2023\/wp-content\/uploads\/wp-header-logo.png",1,1,false],"newsium-featured":["https:\/\/radiofenix.com.ar\/2023\/wp-content\/uploads\/wp-header-logo.png",1,1,false],"newsium-medium":["https:\/\/radiofenix.com.ar\/2023\/wp-content\/uploads\/wp-header-logo.png",1,1,false]},"author_info":{"info":[""]},"category_info":"<a href=\"https:\/\/radiofenix.com.ar\/2023\/category\/sociedad\/\" rel=\"category tag\">Sociedad<\/a>","tag_info":"Sociedad","comment_count":"0","_links":{"self":[{"href":"https:\/\/radiofenix.com.ar\/2023\/wp-json\/wp\/v2\/posts\/197867","targetHints":{"allow":["GET"]}}],"collection":[{"href":"https:\/\/radiofenix.com.ar\/2023\/wp-json\/wp\/v2\/posts"}],"about":[{"href":"https:\/\/radiofenix.com.ar\/2023\/wp-json\/wp\/v2\/types\/post"}],"replies":[{"embeddable":true,"href":"https:\/\/radiofenix.com.ar\/2023\/wp-json\/wp\/v2\/comments?post=197867"}],"version-history":[{"count":0,"href":"https:\/\/radiofenix.com.ar\/2023\/wp-json\/wp\/v2\/posts\/197867\/revisions"}],"wp:featuredmedia":[{"embeddable":true,"href":"https:\/\/radiofenix.com.ar\/2023\/wp-json\/wp\/v2\/media\/197868"}],"wp:attachment":[{"href":"https:\/\/radiofenix.com.ar\/2023\/wp-json\/wp\/v2\/media?parent=197867"}],"wp:term":[{"taxonomy":"category","embeddable":true,"href":"https:\/\/radiofenix.com.ar\/2023\/wp-json\/wp\/v2\/categories?post=197867"},{"taxonomy":"post_tag","embeddable":true,"href":"https:\/\/radiofenix.com.ar\/2023\/wp-json\/wp\/v2\/tags?post=197867"}],"curies":[{"name":"wp","href":"https:\/\/api.w.org\/{rel}","templated":true}]}}