{"id":197871,"date":"2025-03-20T08:58:02","date_gmt":"2025-03-20T08:58:02","guid":{"rendered":"https:\/\/radiofenix.com.ar\/2023\/alemania-redobla-su-apuesta-por-ucrania-financia-mas-armamento-tras-reformar-su-constitucion\/"},"modified":"2025-03-20T08:58:02","modified_gmt":"2025-03-20T08:58:02","slug":"alemania-redobla-su-apuesta-por-ucrania-financia-mas-armamento-tras-reformar-su-constitucion","status":"publish","type":"post","link":"https:\/\/radiofenix.com.ar\/2023\/alemania-redobla-su-apuesta-por-ucrania-financia-mas-armamento-tras-reformar-su-constitucion\/","title":{"rendered":"Alemania redobla su apuesta por Ucrania: financia m\u00e1s armamento tras reformar su Constituci\u00f3n"},"content":{"rendered":"<div><!-- Body --><\/p>\n<p>El <b>Ministerio de Finanzas<\/b> alem\u00e1n anunci\u00f3 un <b>paquete de 3.000 millones de euros<\/b> en <a href=\"https:\/\/www.pagina12.com.ar\/808906-ucrania-busca-mas-apoyo-militar-en-europa\">ayuda militar a <b>Ucrania<\/b><\/a><b\/>, enmarcado en la <b><a href=\"80-alemania-el-ganador-merz-busca-formar-gobierno-con-los-socia\" target=\"_blank\" rel=\"noopener\">nueva reforma constitucional<\/a><\/b> aprobada el martes en la C\u00e1mara Baja del Parlamento (Bundestag), con <b>517 votos a favor y 207 en contra.<\/b> La reforma incluye la <b>eliminaci\u00f3n del l\u00edmite de endeudamiento<\/b> para el gasto en defensa y un <b>ambicioso <a href=\"https:\/\/www.pagina12.com.ar\/806152-alemania-gana-el-conservador-merz-y-busca-socios-para-su-gob\">plan de inversi\u00f3n <\/a>militar<\/b>.<\/p>\n<p>En una votaci\u00f3n en bloque, la Uni\u00f3n Cristianodem\u00f3crata (CDU) y su aliado b\u00e1varo, la Uni\u00f3n Socialcristiana de Baviera (CSU), junto con el Partido Socialdem\u00f3crata de Alemania (SPD) y Los Verdes, lograron la <b>mayor\u00eda de dos tercios<\/b> requerida para modificar la Constituci\u00f3n, un cambio significativo en un pa\u00eds que durante d\u00e9cadas mantuvo un <b>estricto control presupuestario<\/b>.<\/p>\n<p>Para su entrada en vigor, la reforma <b>a\u00fan debe ser ratificada por la C\u00e1mara Alta <\/b>(Bundesrat), donde est\u00e1n representados los estados federados. La sesi\u00f3n est\u00e1 prevista para el pr\u00f3ximo viernes y se considera un <b>tr\u00e1mite administrativo<\/b>.<\/p>\n<p>Tras la aprobaci\u00f3n inicial de la reforma, el Ministerio de Finanzas alem\u00e1n <b>liber\u00f3 un paquete de ayuda militar <\/b>de 3.000 millones de euros en apoyo para Ucrania. El gasto, que supera lo presupuestado inicialmente, fue justificado por la <b>dif\u00edcil situaci\u00f3n militar<\/b> en el pa\u00eds exsovi\u00e9tico. Se espera que el Comit\u00e9 de Presupuesto del Bundestag apruebe formalmente el desembolso en su reuni\u00f3n del viernes.<\/p>\n<p>Desde el inicio de la invasi\u00f3n rusa en febrero de 2022, Alemania ha <b>destinado<\/b>\u00a0<b>180.770 millones de euros<\/b> a su defensa, incluyendo un <b>fondo especial de 100.000 millones<\/b> de euros para el rearme de Ucrania.<\/p>\n<h2>Una \u00abnueva direcci\u00f3n\u00bb<\/h2>\n<p>Con esta reforma, el gobierno podr\u00e1 <b>excluir del l\u00edmite de endeudamiento<\/b> constitucional cualquier gasto en defensa que supere el 1% de su producto interno bruto (PIB), equivalente a unos<b> 43.000 millones de euros<\/b>. Adem\u00e1s, se crear\u00e1 un <b>fondo especial de 500.000 millones de euros<\/b> para infraestructura y protecci\u00f3n clim\u00e1tica.<\/p>\n<p>Seg\u00fan el l\u00edder de la CDU y virtual canciller, <b>Friedrich Merz<\/b>, la medida est\u00e1 justificada en medio de un <b>contexto geopol\u00edtico hostil<\/b>, con el acercamiento de Estados Unidos con el gobierno de <b>Vladimir Putin<\/b>. \u00abLa principal circunstancia que justifica los cambios es l<b>a guerra de Putin contra Europa<\/b>\u00ab, dijo durante la sesi\u00f3n extraordinaria en la que debati\u00f3, en la que aleg\u00f3 que \u00abno se trata s\u00f3lo de una guerra contra la integridad territorial de Ucrania\u00bb. Merz defini\u00f3 el plan como<b> un \u00abprimer gran paso hacia una nueva comunidad europea de defensa\u00bb<\/b>, que incluya \u00abpa\u00edses que no son miembros de la Uni\u00f3n Europea\u00bb.<\/p>\n<p>Por su parte, el nuevo l\u00edder del SPD, <b>Lars Klingbeil<\/b>, coincidi\u00f3 en que la reforma se trata de \u00ab<b>dar una nueva direcci\u00f3n a la historia<\/b>\u00bb del pa\u00eds y Europa. El sucesor de <b>Olaf Scholz<\/b> valor\u00f3 que la reforma de la Ley Fundamental (Constituci\u00f3n) es una <b>cuesti\u00f3n de inter\u00e9s nacional<\/b>, en un momento en que <b>Estados Unidos se torn\u00f3 \u00abimpredecible\u00bb<\/b>.<\/p>\n<p>El voto del Bundestag fue recibido con entusiasmo por la presidenta de la Comisi\u00f3n Europea, <b>Ursula von der Leyen<\/b>, quien calific\u00f3 la decisi\u00f3n como una \u00abexcelente noticia\u00bb, pues env\u00eda el mensaje de que \u00abAlemania est\u00e1 dispuesta a invertir de forma <b>masiva <\/b>en defensa e infraestructura\u00bb. <\/p>\n<p>A su vez, el secretario general de la OTAN, <b>Mark Rutte<\/b>, tambi\u00e9n celebr\u00f3 la reforma, destacando en la red X que env\u00eda \u00abun <b>poderoso mensaje<\/b>\u00bb que ayudar\u00e1 a \u00ab<b>marcar la diferencia en la habilidad de la OTAN de disuadir y defender<\/b>\u00ab.<\/p>\n<div class=\"iframely-embed medium-embedded-content\" data-html=\"Jmx0O2Jsb2NrcXVvdGUgY2xhc3M9InR3aXR0ZXItdHdlZXQiIGRhdGEtZG50PSJ0cnVlIiBhbGlnbj0iY2VudGVyIiZndDsmbHQ7cCBsYW5nPSJlbiIgZGlyPSJsdHIiJmd0O0NvbmdyYXR1bGF0aW9ucyB0byAmbHQ7YSBocmVmPSJodHRwczovL3R3aXR0ZXIuY29tL0J1bmRlc2thbnpsZXI\/cmVmX3NyYz10d3NyYyU1RXRmdyImZ3Q7QEJ1bmRlc2thbnpsZXImbHQ7L2EmZ3Q7ICZhbXA7YW1wOyAmbHQ7YSBocmVmPSJodHRwczovL3R3aXR0ZXIuY29tL19GcmllZHJpY2hNZXJ6P3JlZl9zcmM9dHdzcmMlNUV0ZnciJmd0O0BfRnJpZWRyaWNoTWVyeiZsdDsvYSZndDsgb24gaGlzdG9yaWMgYWdyZWVtZW50IGluIEdlcm1hbnkgdG8gbWFzc2l2ZWx5IGJvb3N0IGRlZmVuY2UgaW52ZXN0bWVudC4gVGhpcyBzZW5kcyBhIHBvd2VyZnVsIG1lc3NhZ2Ugb2YgbGVhZGVyc2hpcCBhbmQgY29tbWl0bWVudCB0byBvdXIgc2hhcmVkIHNlY3VyaXR5LiBJdCB3aWxsIG1ha2UgYSBwcm9mb3VuZCBkaWZmZXJlbmNlIGluIE5BVE\/igJlzIGFiaWxpdHkgdG8gZGV0ZXIgYW5kIGRlZmVuZC4mbHQ7L3AmZ3Q7JmFtcDttZGFzaDsgTWFyayBSdXR0ZSAoQFNlY0dlbk5BVE8pICZsdDthIGhyZWY9Imh0dHBzOi8vdHdpdHRlci5jb20vU2VjR2VuTkFUTy9zdGF0dXMvMTkwMjA2MDU4Mzk0OTg4OTY5Mz9yZWZfc3JjPXR3c3JjJTVFdGZ3IiZndDtNYXJjaCAxOCwgMjAyNSZsdDsvYSZndDsmbHQ7L2Jsb2NrcXVvdGUmZ3Q7CiZsdDtzY3JpcHQgYXN5bmMgc3JjPSJodHRwczovL3BsYXRmb3JtLnR3aXR0ZXIuY29tL3dpZGdldHMuanMiIGNoYXJzZXQ9InV0Zi04IiZndDsmbHQ7L3NjcmlwdCZndDsKCiZsdDtkaXYgY2xhc3M9Im1lZGl1bS1pbnNlcnQtZW1iZWRzLW1ldGEiJmd0OyZsdDtzY3JpcHQgdHlwZT0idGV4dC9qc29uIiZndDt7InVybCI6Imh0dHBzOi8vdHdpdHRlci5jb20vU2VjR2VuTkFUTy9zdGF0dXMvMTkwMjA2MDU4Mzk0OTg4OTY5MyIsInR5cGUiOiJyaWNoIiwidmVyc2lvbiI6IjEuMCIsInRpdGxlIjoiTWFyayBSdXR0ZSBvbiBUd2l0dGVyIC8gWCIsImF1dGhvciI6Ik1hcmsgUnV0dGUiLCJhdXRob3JfdXJsIjoiaHR0cHM6Ly90d2l0dGVyLmNvbS9TZWNHZW5OQVRPIiwicHJvdmlkZXJfbmFtZSI6IlR3aXR0ZXIiLCJkZXNjcmlwdGlvbiI6IkNvbmdyYXR1bGF0aW9ucyB0byBAQnVuZGVza2FuemxlciAmYW1wOyBAX0ZyaWVkcmljaE1lcnogb24gaGlzdG9yaWMgYWdyZWVtZW50IGluIEdlcm1hbnkgdG8gbWFzc2l2ZWx5IGJvb3N0IGRlZmVuY2UgaW52ZXN0bWVudC4gVGhpcyBzZW5kcyBhIHBvd2VyZnVsIG1lc3NhZ2Ugb2YgbGVhZGVyc2hpcCBhbmQgY29tbWl0bWVudCB0byBvdXIgc2hhcmVkIHNlY3VyaXR5LiBJdCB3aWxsIG1ha2UgYSBwcm9mb3VuZCBkaWZmZXJlbmNlIGluIE5BVE\/igJlzIGFiaWxpdHkgdG8gZGV0ZXIgYW5kIGRlZmVuZC7igJQgTWFyayBSdXR0ZSAoQFNlY0dlbk5BVE8pIE1hcmNoIDE4LCAyMDI1XG5cblxuIiwiY2FjaGVfYWdlIjo4NjQwMCwib3B0aW9ucyI6eyJfdGhlbWUiOnsidmFsdWUiOiIiLCJ2YWx1ZXMiOnsiZGFyayI6IlVzZSBkYXJrIHRoZW1lIn19LCJfbWF4d2lkdGgiOnsidmFsdWUiOiIiLCJsYWJlbCI6IkFkanVzdCB3aWR0aCIsInBsYWNlaG9sZGVyIjoiMjIwLTU1MCwgaW4gcHgifX19Jmx0Oy9zY3JpcHQmZ3Q7Jmx0Oy9kaXYmZ3Q7\">\n                <a data-iframely-url=\"\" href=\"https:\/\/twitter.com\/SecGenNATO\/status\/1902060583949889693\">https:\/\/twitter.com\/SecGenNATO\/status\/1902060583949889693<\/a>\n              <\/div>\n<p>            <!-- Live Blog Post --><\/div>\n<p><script async src=\"\/\/platform.twitter.com\/widgets.js\" charset=\"utf-8\"><\/script><br \/><a href=\"https:\/\/www.pagina12.com.ar\/811964-alemania-redobla-su-apuesta-por-ucrania-financia-mas-armamen\">source<\/a><\/p>\n","protected":false},"excerpt":{"rendered":"<p>El Ministerio de Finanzas alem\u00e1n anunci\u00f3 un paquete de 3.000 millones de euros en ayuda&#8230;<\/p>\n","protected":false},"author":0,"featured_media":197872,"comment_status":"open","ping_status":"open","sticky":false,"template":"","format":"standard","meta":{"footnotes":""},"categories":[60],"tags":[],"class_list":["post-197871","post","type-post","status-publish","format-standard","has-post-thumbnail","hentry","category-internacional"],"featured_image_urls":{"full":["https:\/\/radiofenix.com.ar\/2023\/wp-content\/uploads\/wp-header-logo.png",0,0,false],"thumbnail":["https:\/\/radiofenix.com.ar\/2023\/wp-content\/uploads\/wp-header-logo.png",1,1,false],"medium":["https:\/\/radiofenix.com.ar\/2023\/wp-content\/uploads\/wp-header-logo.png",1,1,false],"medium_large":["https:\/\/radiofenix.com.ar\/2023\/wp-content\/uploads\/wp-header-logo.png",1,1,false],"large":["https:\/\/radiofenix.com.ar\/2023\/wp-content\/uploads\/wp-header-logo.png",1,1,false],"1536x1536":["https:\/\/radiofenix.com.ar\/2023\/wp-content\/uploads\/wp-header-logo.png",1,1,false],"2048x2048":["https:\/\/radiofenix.com.ar\/2023\/wp-content\/uploads\/wp-header-logo.png",1,1,false],"newsium-slider-full":["https:\/\/radiofenix.com.ar\/2023\/wp-content\/uploads\/wp-header-logo.png",1,1,false],"newsium-featured":["https:\/\/radiofenix.com.ar\/2023\/wp-content\/uploads\/wp-header-logo.png",1,1,false],"newsium-medium":["https:\/\/radiofenix.com.ar\/2023\/wp-content\/uploads\/wp-header-logo.png",1,1,false]},"author_info":{"info":[""]},"category_info":"<a href=\"https:\/\/radiofenix.com.ar\/2023\/category\/internacional\/\" rel=\"category tag\">Internacional<\/a>","tag_info":"Internacional","comment_count":"0","_links":{"self":[{"href":"https:\/\/radiofenix.com.ar\/2023\/wp-json\/wp\/v2\/posts\/197871","targetHints":{"allow":["GET"]}}],"collection":[{"href":"https:\/\/radiofenix.com.ar\/2023\/wp-json\/wp\/v2\/posts"}],"about":[{"href":"https:\/\/radiofenix.com.ar\/2023\/wp-json\/wp\/v2\/types\/post"}],"replies":[{"embeddable":true,"href":"https:\/\/radiofenix.com.ar\/2023\/wp-json\/wp\/v2\/comments?post=197871"}],"version-history":[{"count":0,"href":"https:\/\/radiofenix.com.ar\/2023\/wp-json\/wp\/v2\/posts\/197871\/revisions"}],"wp:featuredmedia":[{"embeddable":true,"href":"https:\/\/radiofenix.com.ar\/2023\/wp-json\/wp\/v2\/media\/197872"}],"wp:attachment":[{"href":"https:\/\/radiofenix.com.ar\/2023\/wp-json\/wp\/v2\/media?parent=197871"}],"wp:term":[{"taxonomy":"category","embeddable":true,"href":"https:\/\/radiofenix.com.ar\/2023\/wp-json\/wp\/v2\/categories?post=197871"},{"taxonomy":"post_tag","embeddable":true,"href":"https:\/\/radiofenix.com.ar\/2023\/wp-json\/wp\/v2\/tags?post=197871"}],"curies":[{"name":"wp","href":"https:\/\/api.w.org\/{rel}","templated":true}]}}