{"id":197877,"date":"2025-03-21T08:58:05","date_gmt":"2025-03-21T08:58:05","guid":{"rendered":"https:\/\/radiofenix.com.ar\/2023\/el-desempleo-aumento-en-el-ultimo-ano\/"},"modified":"2025-03-21T08:58:05","modified_gmt":"2025-03-21T08:58:05","slug":"el-desempleo-aumento-en-el-ultimo-ano","status":"publish","type":"post","link":"https:\/\/radiofenix.com.ar\/2023\/el-desempleo-aumento-en-el-ultimo-ano\/","title":{"rendered":"El desempleo aument\u00f3 en el \u00faltimo a\u00f1o"},"content":{"rendered":"<p>La desocupaci\u00f3n baj\u00f3 respecto de trimestres anteriores pero subi\u00f3 en el interanual. A este escenario se suma el crecimiento de la subocupaci\u00f3n y de la informalidad.<br \/><a href=\"https:\/\/www.pagina12.com.ar\/812239-el-desempleo-aumento-en-el-ultimo-ano\">source<\/a><\/p>\n","protected":false},"excerpt":{"rendered":"<p>La desocupaci\u00f3n baj\u00f3 respecto de trimestres anteriores pero subi\u00f3 en el interanual. A este escenario&#8230;<\/p>\n","protected":false},"author":0,"featured_media":197878,"comment_status":"open","ping_status":"open","sticky":false,"template":"","format":"standard","meta":{"footnotes":""},"categories":[5],"tags":[],"class_list":["post-197877","post","type-post","status-publish","format-standard","has-post-thumbnail","hentry","category-economia"],"featured_image_urls":{"full":["https:\/\/radiofenix.com.ar\/2023\/wp-content\/uploads\/wp-header-logo.png",0,0,false],"thumbnail":["https:\/\/radiofenix.com.ar\/2023\/wp-content\/uploads\/wp-header-logo.png",1,1,false],"medium":["https:\/\/radiofenix.com.ar\/2023\/wp-content\/uploads\/wp-header-logo.png",1,1,false],"medium_large":["https:\/\/radiofenix.com.ar\/2023\/wp-content\/uploads\/wp-header-logo.png",1,1,false],"large":["https:\/\/radiofenix.com.ar\/2023\/wp-content\/uploads\/wp-header-logo.png",1,1,false],"1536x1536":["https:\/\/radiofenix.com.ar\/2023\/wp-content\/uploads\/wp-header-logo.png",1,1,false],"2048x2048":["https:\/\/radiofenix.com.ar\/2023\/wp-content\/uploads\/wp-header-logo.png",1,1,false],"newsium-slider-full":["https:\/\/radiofenix.com.ar\/2023\/wp-content\/uploads\/wp-header-logo.png",1,1,false],"newsium-featured":["https:\/\/radiofenix.com.ar\/2023\/wp-content\/uploads\/wp-header-logo.png",1,1,false],"newsium-medium":["https:\/\/radiofenix.com.ar\/2023\/wp-content\/uploads\/wp-header-logo.png",1,1,false]},"author_info":{"info":[""]},"category_info":"<a href=\"https:\/\/radiofenix.com.ar\/2023\/category\/economia\/\" rel=\"category tag\">Economia<\/a>","tag_info":"Economia","comment_count":"0","_links":{"self":[{"href":"https:\/\/radiofenix.com.ar\/2023\/wp-json\/wp\/v2\/posts\/197877","targetHints":{"allow":["GET"]}}],"collection":[{"href":"https:\/\/radiofenix.com.ar\/2023\/wp-json\/wp\/v2\/posts"}],"about":[{"href":"https:\/\/radiofenix.com.ar\/2023\/wp-json\/wp\/v2\/types\/post"}],"replies":[{"embeddable":true,"href":"https:\/\/radiofenix.com.ar\/2023\/wp-json\/wp\/v2\/comments?post=197877"}],"version-history":[{"count":0,"href":"https:\/\/radiofenix.com.ar\/2023\/wp-json\/wp\/v2\/posts\/197877\/revisions"}],"wp:featuredmedia":[{"embeddable":true,"href":"https:\/\/radiofenix.com.ar\/2023\/wp-json\/wp\/v2\/media\/197878"}],"wp:attachment":[{"href":"https:\/\/radiofenix.com.ar\/2023\/wp-json\/wp\/v2\/media?parent=197877"}],"wp:term":[{"taxonomy":"category","embeddable":true,"href":"https:\/\/radiofenix.com.ar\/2023\/wp-json\/wp\/v2\/categories?post=197877"},{"taxonomy":"post_tag","embeddable":true,"href":"https:\/\/radiofenix.com.ar\/2023\/wp-json\/wp\/v2\/tags?post=197877"}],"curies":[{"name":"wp","href":"https:\/\/api.w.org\/{rel}","templated":true}]}}