{"id":197885,"date":"2025-03-21T08:58:13","date_gmt":"2025-03-21T08:58:13","guid":{"rendered":"https:\/\/radiofenix.com.ar\/2023\/martin-menem-ahora-dice-que-sus-audios-fueron-hechos-con-ia-pero-marcela-pagano-salio-a-cruzarlo-los-cargos-tienen-patas-cortas\/"},"modified":"2025-03-21T08:58:13","modified_gmt":"2025-03-21T08:58:13","slug":"martin-menem-ahora-dice-que-sus-audios-fueron-hechos-con-ia-pero-marcela-pagano-salio-a-cruzarlo-los-cargos-tienen-patas-cortas","status":"publish","type":"post","link":"https:\/\/radiofenix.com.ar\/2023\/martin-menem-ahora-dice-que-sus-audios-fueron-hechos-con-ia-pero-marcela-pagano-salio-a-cruzarlo-los-cargos-tienen-patas-cortas\/","title":{"rendered":"Mart\u00edn Menem ahora dice que sus audios fueron hechos con IA, pero Marcela Pagano sali\u00f3 a cruzarlo: &quot;Los cargos tienen patas cortas&#8230;&quot;"},"content":{"rendered":"<div id=\"\">\n<p class=\"\">\u201c<strong>No solamente hay audios, tambi\u00e9n hay videos. Hay mucha inteligencia artificial detr\u00e1s<\/strong>. El que me conoce sabe que lo que menos quiero es tener problemas en el recinto. Ya hab\u00edan empezado la semana anterior con supuestos gastos en catering, pero nosotros gastamos un 70% menos. Otros presidentes compraban salm\u00f3n y sushi. He cortado miles de privilegios\u201d, insisti\u00f3 Menem.<\/p>\n<p class=\"\">Lo cierto es que Pagano no tard\u00f3 en responder a trav\u00e9s de sus redes sociales, y le propuso al titular de la C\u00e1mara de Diputados poner sus tel\u00e9fonos celulares a disposici\u00f3n de peritos.<\/p>\n<p class=\"\">\u00ab<strong>Martincito , Martincito\u2026 deb\u00e9s estar muy desesperado para mentir as\u00ed en TV<\/strong>\u2026 \u00bfa qui\u00e9nes le tuviste que mentir porque te tiraron de la oreja?.. Y ahora como Pinocho ten\u00e9s que seguir mintiendo y no pod\u00e9s recular\u00bb, arranc\u00f3 la experiodista al compartir el video.<\/p>\n<p class=\"\">Pagano fue quien denunci\u00f3 que el presidente de la C\u00e1mara le envi\u00f3 audios de WhatsApp a los integrantes del bloque de LLA para motivarlos a generar disturbios durante la sesi\u00f3n en la que el Gobierno aprob\u00f3 el DNU con el acuerdo con el FMI.<\/p>\n<p class=\"\"><span class=\"saysCMSEmphasis\" id=\"saysCMSEmphasissps9ahd5z7\">\u00abTodos vimos tus mensajes y escuchamos tus audios. Pongo mi celular a disposici\u00f3n de la justicia para peritarlos. \u00bfTe anim\u00e1s a hacer lo mismo vos con el tuyo? \u00bfPor qu\u00e9 mandaste dos audios al grupo de chat que compartimos para ser escuchados por \u00fanica vez? \u00bfPor qu\u00e9 no cont\u00e1s lo que dec\u00edas en esos audios de ayer? \u00bfO tambi\u00e9n la IA te hacke\u00f3 el tel\u00e9fono? Somos muchos los que te vimos. Querido: las mentiras y los cargos tienen patas cortas\u2026\u00bb<\/span>, concluy\u00f3 la diputada.<\/p>\n<div contenteditable=\"false\" class=\"embed_cont type_freetext\" rel=\"freetext\" id=\"embed33_wrap\">\n<p>Embed <span onclick=\"parent.parent.TinyMCETdcuerpo.preview_embed('embed33')\" class=\"embed_colapse less\" id=\"embed33_colapse\"\/>  <span onclick=\"parent.parent.TinyMCETdcuerpo.delete_embed('embed33')\" class=\"embed_delete less\" id=\"embed33_delete\"\/><\/p>\n<div id=\"embed33_content\" class=\"embed_content\">\n<div id=\"embed33_embed\">\n<figure class=\"figure\"><a href=\"https:\/\/t.me\/minutounocom\" target=\"_blank\" rel=\"noopener\"><img decoding=\"async\" src=\"https:\/\/media.minutouno.com\/adjuntos\/150\/banners\/039\/099\/0039099175.jpg\" class=\"figure-img img-fluid\" style=\"width:100%;height:auto;\"\/><\/a><\/figure>\n<\/p><\/div>\n<\/div><\/div>\n<\/p><\/div>\n<p><a href=\"https:\/\/www.minutouno.com\/politica\/martin-menem-ahora-dice-que-sus-audios-fueron-hechos-ia-pero-marcela-pagano-salio-cruzarlo-los-cargos-tienen-patas-cortas-n6125843\">source<\/a><\/p>\n","protected":false},"excerpt":{"rendered":"<p>\u201cNo solamente hay audios, tambi\u00e9n hay videos. Hay mucha inteligencia artificial detr\u00e1s. El que me&#8230;<\/p>\n","protected":false},"author":0,"featured_media":197886,"comment_status":"open","ping_status":"open","sticky":false,"template":"","format":"standard","meta":{"footnotes":""},"categories":[2],"tags":[],"class_list":["post-197885","post","type-post","status-publish","format-standard","has-post-thumbnail","hentry","category-politica"],"featured_image_urls":{"full":["https:\/\/radiofenix.com.ar\/2023\/wp-content\/uploads\/wp-header-logo.png",0,0,false],"thumbnail":["https:\/\/radiofenix.com.ar\/2023\/wp-content\/uploads\/wp-header-logo.png",1,1,false],"medium":["https:\/\/radiofenix.com.ar\/2023\/wp-content\/uploads\/wp-header-logo.png",1,1,false],"medium_large":["https:\/\/radiofenix.com.ar\/2023\/wp-content\/uploads\/wp-header-logo.png",1,1,false],"large":["https:\/\/radiofenix.com.ar\/2023\/wp-content\/uploads\/wp-header-logo.png",1,1,false],"1536x1536":["https:\/\/radiofenix.com.ar\/2023\/wp-content\/uploads\/wp-header-logo.png",1,1,false],"2048x2048":["https:\/\/radiofenix.com.ar\/2023\/wp-content\/uploads\/wp-header-logo.png",1,1,false],"newsium-slider-full":["https:\/\/radiofenix.com.ar\/2023\/wp-content\/uploads\/wp-header-logo.png",1,1,false],"newsium-featured":["https:\/\/radiofenix.com.ar\/2023\/wp-content\/uploads\/wp-header-logo.png",1,1,false],"newsium-medium":["https:\/\/radiofenix.com.ar\/2023\/wp-content\/uploads\/wp-header-logo.png",1,1,false]},"author_info":{"info":[""]},"category_info":"<a href=\"https:\/\/radiofenix.com.ar\/2023\/category\/politica\/\" rel=\"category tag\">Pol\u00edtica<\/a>","tag_info":"Pol\u00edtica","comment_count":"0","_links":{"self":[{"href":"https:\/\/radiofenix.com.ar\/2023\/wp-json\/wp\/v2\/posts\/197885","targetHints":{"allow":["GET"]}}],"collection":[{"href":"https:\/\/radiofenix.com.ar\/2023\/wp-json\/wp\/v2\/posts"}],"about":[{"href":"https:\/\/radiofenix.com.ar\/2023\/wp-json\/wp\/v2\/types\/post"}],"replies":[{"embeddable":true,"href":"https:\/\/radiofenix.com.ar\/2023\/wp-json\/wp\/v2\/comments?post=197885"}],"version-history":[{"count":0,"href":"https:\/\/radiofenix.com.ar\/2023\/wp-json\/wp\/v2\/posts\/197885\/revisions"}],"wp:featuredmedia":[{"embeddable":true,"href":"https:\/\/radiofenix.com.ar\/2023\/wp-json\/wp\/v2\/media\/197886"}],"wp:attachment":[{"href":"https:\/\/radiofenix.com.ar\/2023\/wp-json\/wp\/v2\/media?parent=197885"}],"wp:term":[{"taxonomy":"category","embeddable":true,"href":"https:\/\/radiofenix.com.ar\/2023\/wp-json\/wp\/v2\/categories?post=197885"},{"taxonomy":"post_tag","embeddable":true,"href":"https:\/\/radiofenix.com.ar\/2023\/wp-json\/wp\/v2\/tags?post=197885"}],"curies":[{"name":"wp","href":"https:\/\/api.w.org\/{rel}","templated":true}]}}