{"id":197887,"date":"2025-03-21T08:58:14","date_gmt":"2025-03-21T08:58:14","guid":{"rendered":"https:\/\/radiofenix.com.ar\/2023\/festival-solidario-por-la-comarca-andina\/"},"modified":"2025-03-21T08:58:14","modified_gmt":"2025-03-21T08:58:14","slug":"festival-solidario-por-la-comarca-andina","status":"publish","type":"post","link":"https:\/\/radiofenix.com.ar\/2023\/festival-solidario-por-la-comarca-andina\/","title":{"rendered":"Festival solidario por la Comarca Andina"},"content":{"rendered":"<div><!-- Body --><\/p>\n<p>\u201cSi sientes dolor, est\u00e1s vivo. <b>Si sientes el dolor de otra persona, eres un ser humano\u201d.<\/b> La popular frase de <b>Le\u00f3n Tolstoi <\/b>opera siempre en la realidad de los buenos. Esta vez, en la Argentina 2025, viene al molde para reflejar lo que dijo Cristina Fern\u00e1ndez sobre Patricia Bullrich hace unos d\u00edas, o bien para que el <b>Chango Spasiuk<\/b> la tome como leitmotiv de una gesta necesaria: tocar sus m\u00fasicas en el <b>Festival solidario por la Comarca Andina,<\/b> que se llevar\u00e1 a cabo este <b>viernes 21 de marzo a partir de las 13 horas, en el predio de artesanos de Epuy\u00e9n, <\/b>junto a Mallin Ahogado, uno de los dos pueblos cordilleranos m\u00e1s afectadas por los terribles incendios ocurridos durante la segunda quincena de enero.\u00a0<\/p>\n<p>Bajo un lema pensado a partir de otro Le\u00f3n<b> (\u201cQue el incendio no te sea indiferente\u201d),<\/b> el encuentro congregar\u00e1 tambi\u00e9n al mism\u00edsimo<b> Gieco, Eruca Sativa, Perot\u00e1 Ching\u00f3, Raly Barrionuevo, Loli Molina, Lisandro Aristimu\u00f1o y Magdalena Fleitas<\/b> como n\u00fameros musicales. \u201cSea el Mallin, sea Epuy\u00e9n, sea Bah\u00eda Blanca o sea cualquier tipo de tragedia, hay que tratar de <b>salir de la neurosis de las redes<\/b> y de la violencia que estas contienen, para ablandar nuestros corazones, y sentir a los otros, sentir lo que pasa alrededor de nosotros, y estar ah\u00ed. Ojal\u00e1 podamos mantener blando ese m\u00fasculo y seguir ejercit\u00e1ndolo en la conexi\u00f3n con los dem\u00e1s\u201d, manifiesta Spasiuk, que har\u00e1 su parte <b>a dos acordeones,<\/b> acompa\u00f1ado por el m\u00fasico entrerriano que forma parte de su Ensamble, <b>Enzo Demartini. <\/b><\/p>\n<div class=\"medium-insert-embeds\">\n<figure>\n<div class=\"medium-insert-embed\">\n<div align=\"center\">\n<figure role=\"group\" class=\"caption caption-drupal-entity\"><figcaption>Le\u00f3n, emblema de solidaridad.<\/figcaption><\/figure>\n<\/div><\/div>\n<\/figure>\n<\/div>\n<p>Adem\u00e1s de los n\u00fameros musicales, el festival contar\u00e1 con puestos de comidas regionales, una feria artesanal y la participaci\u00f3n del hoy \u201ccasi\u201d local \u2013se mud\u00f3 a El Bols\u00f3n- <b>Pipo Lernoud.<\/b> \u201cUno tiene que accionar para cuidar las herramientas constitucionales que se han construido, por las cu\u00e1les ha luchado mucha gente durante mucho tiempo, para convivir colectivamente, para cuidarnos y ayudarnos\u201d, sostiene el poeta y periodista ante <b>P\u00e1gina\/12. <\/b>Explica que los incendios en la regi\u00f3n se originan en plantaciones de pino susceptibles al fuego por su resina y por sus pi\u00f1as, a las que compara con \u201cgranadas voladoras encendidas\u201d.\u00a0<\/p>\n<p>\u201cAunque casi todos los veranos hay incendios, este fue <b>m\u00e1s seco que lo habitual.<\/b> Algunos incendios se producen por chispas en el tendido el\u00e9ctrico o rayos que caen durante las tormentas. Este a\u00f1o <b>sucedieron cosas muy extra\u00f1as<\/b> que los bomberos no se pueden explicar. Por ejemplo, se encendieron seis focos en la zona de Mallin al mismo tiempo, y los brigadistas encargados de combatirlos <b>encontraron pilas de le\u00f1a preparadas para encender. <\/b>Por ahora, nadie tiene una respuesta segura sobre qui\u00e9n es el culpable y eso permite <b>el uso pol\u00edtico del desastre humano\u201d,<\/b> dice con conocimiento de causa y lugar el querido amigo Pipo, part\u00edcipe necesario de la iniciativa junto al <b>Centro Cultural Antu Quillen, <\/b>el empresario patag\u00f3nico Marcelo Burl\u00f3n y la municipalidad de Epuy\u00e9n.\u00a0<\/p>\n<p>\u201cDesde el comienzo de la democracia, todos los gobiernos han prometido acci\u00f3n inmediata y fondos para preparar a la bomberos, pero la realidad es que<b> la mayor parte del esfuerzo recae en los vecinos organizados en brigadas, <\/b>como el grupo de j\u00f3venes que salv\u00f3 mi casa y las de alrededor utilizando elementos propios como motobombas y camionetas con contenedores de agua. Nosotros de un d\u00eda para otro estamos rodeados de bosque quemado. <b>Setenta familias perdieron sus casas con todo lo que ten\u00edan adentro<\/b> y en Epuy\u00e9n la mayor\u00eda de esas familias son de paisanos sin recursos. Por eso, se me ocurri\u00f3 utilizar la frase &#8216;que el incendio no nos sea indiferente&#8217;. Se lo propuse a Le\u00f3n y dijo que s\u00ed, que la usemos\u201d.  <\/p>\n<div class=\"medium-insert-embeds\">\n<figure>\n<div class=\"medium-insert-embed\">\n<div align=\"center\">\n<figure role=\"group\" class=\"caption caption-drupal-entity\"><figcaption>Pipo Lernoud, vecino de la zona.<\/figcaption><\/figure>\n<\/div><\/div>\n<\/figure>\n<\/div>\n<p>Para que el incendio no resulte indiferente, pues, los organizadores disponen de <a href=\"alpogo.com\/evento\/festival-solidario-por-la-comarca-andina-18847\" target=\"_blank\" rel=\"noopener\"><b>un link <\/b><\/a>\u00a0(el mismo que se utiliza para sacar entradas) para hacer <b>donaciones<\/b>. \u201cLa respuesta de la gente es <b>emocionante<\/b>, participando en el combate al fuego, donando ropa, refugiando a los damnificados, apoyando a los brigadistas. A\u00fan hay que prepararse para el futuro porque <b>esto se va a repetir cada vez con m\u00e1s violenci<\/b>a, incluyendo la colaboraci\u00f3n maldita del <b>cambio clim\u00e1tico,<\/b> que tambi\u00e9n est\u00e1 haciendo sus desastres en otras zonas del pa\u00eds\u201d, advierte el ex director de la <i>Expreso Imaginario.<\/i><\/p>\n<p> La movida es ultranecesaria porque, a m\u00e1s de dos meses de los incendios que afectaron <b>50 mil hect\u00e1reas de bosques, pastizales y forestaciones<\/b>, destruyeron unas <b>200 viviendas, <\/b>provocaron la <b>represi\u00f3n <\/b>a brigadistas y la persecuci\u00f3n a mapuches, y <b>mataron a \u00c1ngel Reyes,<\/b> vecino de Mallin, las gentes de all\u00ed <b>no han recibido a\u00fan<\/b> ni la ayuda prometida por los  gobiernos provincial y nacional \u2013vaya sorpresa- ni explicaciones que den cuenta de los <b>negocios forestales e inmobiliarios<\/b> que rodean al R\u00edo Blanco, a quienes no pocos sindican como causantes.\u00a0<\/p>\n<p>\u00ab\u00bfHasta d\u00f3nde se va a permitir que la ambici\u00f3n desmedida pase por arriba todos los l\u00edmites posibles de la sustentabilidad no solamente territorial sino tambi\u00e9n cultural? Esos territorios, hay que recordarlo, <b>son portadores tambi\u00e9n de nuestra historia, de nuestra cultura,<\/b> de nuestras expresiones, de la gente que vive ah\u00ed, con su manera de ver el mundo\u201d, se pregunta alarmado Chango Spasiuk. <b>\u201cNo es solamente la naturaleza lo que se destruye.<\/b> Tambi\u00e9n un \u00e1mbito fundamental en el cual se expresan un mont\u00f3n de otras que son importantes en la construcci\u00f3n de nuestra sociedad, y de nuestra idea de pa\u00eds. Hay que sentarse a pensar y discutir si los desarrollos econ\u00f3micos terminan generando consecuencias como estas, o como las que terminamos viendo con <b>las inundaciones en Bah\u00eda Blanca, <\/b>y actuar en consecuencia\u201d.<\/p>\n<p><!-- Live Blog Post --><\/div>\n<p><a href=\"https:\/\/www.pagina12.com.ar\/812212-festival-solidario-por-la-comarca-andina\">source<\/a><\/p>\n","protected":false},"excerpt":{"rendered":"<p>\u201cSi sientes dolor, est\u00e1s vivo. Si sientes el dolor de otra persona, eres un ser&#8230;<\/p>\n","protected":false},"author":0,"featured_media":197888,"comment_status":"open","ping_status":"open","sticky":false,"template":"","format":"standard","meta":{"footnotes":""},"categories":[4],"tags":[],"class_list":["post-197887","post","type-post","status-publish","format-standard","has-post-thumbnail","hentry","category-espectaculos"],"featured_image_urls":{"full":["https:\/\/radiofenix.com.ar\/2023\/wp-content\/uploads\/wp-header-logo.png",0,0,false],"thumbnail":["https:\/\/radiofenix.com.ar\/2023\/wp-content\/uploads\/wp-header-logo.png",1,1,false],"medium":["https:\/\/radiofenix.com.ar\/2023\/wp-content\/uploads\/wp-header-logo.png",1,1,false],"medium_large":["https:\/\/radiofenix.com.ar\/2023\/wp-content\/uploads\/wp-header-logo.png",1,1,false],"large":["https:\/\/radiofenix.com.ar\/2023\/wp-content\/uploads\/wp-header-logo.png",1,1,false],"1536x1536":["https:\/\/radiofenix.com.ar\/2023\/wp-content\/uploads\/wp-header-logo.png",1,1,false],"2048x2048":["https:\/\/radiofenix.com.ar\/2023\/wp-content\/uploads\/wp-header-logo.png",1,1,false],"newsium-slider-full":["https:\/\/radiofenix.com.ar\/2023\/wp-content\/uploads\/wp-header-logo.png",1,1,false],"newsium-featured":["https:\/\/radiofenix.com.ar\/2023\/wp-content\/uploads\/wp-header-logo.png",1,1,false],"newsium-medium":["https:\/\/radiofenix.com.ar\/2023\/wp-content\/uploads\/wp-header-logo.png",1,1,false]},"author_info":{"info":[""]},"category_info":"<a href=\"https:\/\/radiofenix.com.ar\/2023\/category\/espectaculos\/\" rel=\"category tag\">Espectaculos<\/a>","tag_info":"Espectaculos","comment_count":"0","_links":{"self":[{"href":"https:\/\/radiofenix.com.ar\/2023\/wp-json\/wp\/v2\/posts\/197887","targetHints":{"allow":["GET"]}}],"collection":[{"href":"https:\/\/radiofenix.com.ar\/2023\/wp-json\/wp\/v2\/posts"}],"about":[{"href":"https:\/\/radiofenix.com.ar\/2023\/wp-json\/wp\/v2\/types\/post"}],"replies":[{"embeddable":true,"href":"https:\/\/radiofenix.com.ar\/2023\/wp-json\/wp\/v2\/comments?post=197887"}],"version-history":[{"count":0,"href":"https:\/\/radiofenix.com.ar\/2023\/wp-json\/wp\/v2\/posts\/197887\/revisions"}],"wp:featuredmedia":[{"embeddable":true,"href":"https:\/\/radiofenix.com.ar\/2023\/wp-json\/wp\/v2\/media\/197888"}],"wp:attachment":[{"href":"https:\/\/radiofenix.com.ar\/2023\/wp-json\/wp\/v2\/media?parent=197887"}],"wp:term":[{"taxonomy":"category","embeddable":true,"href":"https:\/\/radiofenix.com.ar\/2023\/wp-json\/wp\/v2\/categories?post=197887"},{"taxonomy":"post_tag","embeddable":true,"href":"https:\/\/radiofenix.com.ar\/2023\/wp-json\/wp\/v2\/tags?post=197887"}],"curies":[{"name":"wp","href":"https:\/\/api.w.org\/{rel}","templated":true}]}}