{"id":197891,"date":"2025-03-22T08:57:45","date_gmt":"2025-03-22T08:57:45","guid":{"rendered":"https:\/\/radiofenix.com.ar\/2023\/paro-de-colectivos-en-el-amba-hoy-seis-lineas-no-funcionan\/"},"modified":"2025-03-22T08:57:45","modified_gmt":"2025-03-22T08:57:45","slug":"paro-de-colectivos-en-el-amba-hoy-seis-lineas-no-funcionan","status":"publish","type":"post","link":"https:\/\/radiofenix.com.ar\/2023\/paro-de-colectivos-en-el-amba-hoy-seis-lineas-no-funcionan\/","title":{"rendered":"Paro de colectivos en el AMBA hoy: seis l\u00edneas no funcionan"},"content":{"rendered":"<div><!-- Body --><\/p>\n<p><b>Seis l\u00edneas de colectivos <\/b>que unen la <b>Ciudad y la zona oeste del Gran Buenos Aires<\/b> se encuentran de <b>paro <\/b>este viernes por la ma\u00f1ana y <b>no prestan servicio<\/b>, tras la <b>agresi\u00f3n a un chofer <\/b>ocurrida el jueves por la noche en La Matanza.\u00a0<\/p>\n<p>Las l\u00edneas afectadas por el paro<b> pertenecen a la empresa Almafuer<\/b>te. Choferes de esa compa\u00f1\u00eda denuncian que en la noche del jueves <b>un trabajador de la l\u00ednea 218<\/b>\u00a0fue <b>apu\u00f1alado en la cara en el barrio San Javier, <\/b>en <b>Virrey del Pino.<\/b><\/p>\n<p><i>\u201c<\/i>La persona <b>subi\u00f3 al colectivo como si fuera a viajar y de la nada comenz\u00f3 a apu\u00f1alar a Lucas Ybarra<\/b>, que no se acuerda ni qu\u00e9 le dijo\u201d, cont\u00f3 el delegado de la l\u00ednea 378 a NA. Seg\u00fan explic\u00f3, la agresi\u00f3n sucedi\u00f3 a <strong>una cuadra de donde hace un tiempo mataron a su compa\u00f1ero Pardo Flores<\/strong>.<\/p>\n<p>El chofer agredido, agreg\u00f3,\u00a0<strong>ya est\u00e1 en su casa descansando<\/strong> y debi\u00f3 recibir <strong>asistencia m\u00e9dica<\/strong> por la gravedad de la lesi\u00f3n en el rostro.<\/p>\n<p><b>Tras este hecho, los choferes de la l\u00ednea 218 iniciaron una medida de fuerza<\/b> en reclamo de medidas de<b> seguridad <\/b>y\u00a0a la que luego se sumaron las otras 5 l\u00edneas de la empresa Almafuerte.<\/p>\n<h2>Cu\u00e1les son las seis l\u00ednea afectadas por el paro<\/h2>\n<p>Las l\u00edneas afectadas unen con sus recorridos la zona oeste del Conurbano con el barrio porte\u00f1o de Liniers.<\/p>\n<h2>Cu\u00e1l es la duraci\u00f3n del paro<\/h2>\n<p>Los choferes iniciaron un paro por tiempo indeterminado, por lo que se desconoce su duraci\u00f3n. Por ello, los usuarios habituales de estas l\u00edneas deber\u00e1n buscar medios alternativos de transporte para movilizarse.\u00a0<\/p>\n<p><!-- Live Blog Post --><\/div>\n<p><a href=\"https:\/\/www.pagina12.com.ar\/812377-paro-de-colectivos-en-el-amba-hoy-seis-lineas-no-funcionan\">source<\/a><\/p>\n","protected":false},"excerpt":{"rendered":"<p>Seis l\u00edneas de colectivos que unen la Ciudad y la zona oeste del Gran Buenos&#8230;<\/p>\n","protected":false},"author":0,"featured_media":197892,"comment_status":"open","ping_status":"open","sticky":false,"template":"","format":"standard","meta":{"footnotes":""},"categories":[7],"tags":[],"class_list":["post-197891","post","type-post","status-publish","format-standard","has-post-thumbnail","hentry","category-sociedad"],"featured_image_urls":{"full":["https:\/\/radiofenix.com.ar\/2023\/wp-content\/uploads\/wp-header-logo.png",0,0,false],"thumbnail":["https:\/\/radiofenix.com.ar\/2023\/wp-content\/uploads\/wp-header-logo.png",1,1,false],"medium":["https:\/\/radiofenix.com.ar\/2023\/wp-content\/uploads\/wp-header-logo.png",1,1,false],"medium_large":["https:\/\/radiofenix.com.ar\/2023\/wp-content\/uploads\/wp-header-logo.png",1,1,false],"large":["https:\/\/radiofenix.com.ar\/2023\/wp-content\/uploads\/wp-header-logo.png",1,1,false],"1536x1536":["https:\/\/radiofenix.com.ar\/2023\/wp-content\/uploads\/wp-header-logo.png",1,1,false],"2048x2048":["https:\/\/radiofenix.com.ar\/2023\/wp-content\/uploads\/wp-header-logo.png",1,1,false],"newsium-slider-full":["https:\/\/radiofenix.com.ar\/2023\/wp-content\/uploads\/wp-header-logo.png",1,1,false],"newsium-featured":["https:\/\/radiofenix.com.ar\/2023\/wp-content\/uploads\/wp-header-logo.png",1,1,false],"newsium-medium":["https:\/\/radiofenix.com.ar\/2023\/wp-content\/uploads\/wp-header-logo.png",1,1,false]},"author_info":{"info":[""]},"category_info":"<a href=\"https:\/\/radiofenix.com.ar\/2023\/category\/sociedad\/\" rel=\"category tag\">Sociedad<\/a>","tag_info":"Sociedad","comment_count":"0","_links":{"self":[{"href":"https:\/\/radiofenix.com.ar\/2023\/wp-json\/wp\/v2\/posts\/197891","targetHints":{"allow":["GET"]}}],"collection":[{"href":"https:\/\/radiofenix.com.ar\/2023\/wp-json\/wp\/v2\/posts"}],"about":[{"href":"https:\/\/radiofenix.com.ar\/2023\/wp-json\/wp\/v2\/types\/post"}],"replies":[{"embeddable":true,"href":"https:\/\/radiofenix.com.ar\/2023\/wp-json\/wp\/v2\/comments?post=197891"}],"version-history":[{"count":0,"href":"https:\/\/radiofenix.com.ar\/2023\/wp-json\/wp\/v2\/posts\/197891\/revisions"}],"wp:featuredmedia":[{"embeddable":true,"href":"https:\/\/radiofenix.com.ar\/2023\/wp-json\/wp\/v2\/media\/197892"}],"wp:attachment":[{"href":"https:\/\/radiofenix.com.ar\/2023\/wp-json\/wp\/v2\/media?parent=197891"}],"wp:term":[{"taxonomy":"category","embeddable":true,"href":"https:\/\/radiofenix.com.ar\/2023\/wp-json\/wp\/v2\/categories?post=197891"},{"taxonomy":"post_tag","embeddable":true,"href":"https:\/\/radiofenix.com.ar\/2023\/wp-json\/wp\/v2\/tags?post=197891"}],"curies":[{"name":"wp","href":"https:\/\/api.w.org\/{rel}","templated":true}]}}