{"id":197903,"date":"2025-03-23T08:57:44","date_gmt":"2025-03-23T08:57:44","guid":{"rendered":"https:\/\/radiofenix.com.ar\/2023\/efemerides-de-hoy-que-paso-un-23-de-marzo\/"},"modified":"2025-03-23T08:57:44","modified_gmt":"2025-03-23T08:57:44","slug":"efemerides-de-hoy-que-paso-un-23-de-marzo","status":"publish","type":"post","link":"https:\/\/radiofenix.com.ar\/2023\/efemerides-de-hoy-que-paso-un-23-de-marzo\/","title":{"rendered":"Efem\u00e9rides de hoy: qu\u00e9 pas\u00f3 un 23 de marzo\u00a0"},"content":{"rendered":"<div><!-- Body --><\/p>\n<p>En las<b> efem\u00e9rides del 23 de marzo <\/b>sobresalen estos hechos que ocurrieron un d\u00eda como hoy en la Argentina y el mundo:<\/p>\n<h2>1842. Muere Stendhal<\/h2>\n<p><b>En Par\u00eds, a los 59 a\u00f1os fallece el escritor franc\u00e9s Henri Beyle, m\u00e1s conocido como <\/b><a href=\"https:\/\/www.pagina12.com.ar\/diario\/contratapa\/13-205377-2012-10-12.html\"><b>Stendhal<\/b><\/a>. Uno de los autores m\u00e1s grandes del siglo XIX, <b>fue autor de <i>Rojo y Negro<\/i><\/b> (incluida en el Index de libros de prohibidos del Vaticano) <b>y <i>La cartuja de Parma<\/i><\/b>, dos de las grandes novelas de su tiempo. Otras novelas: <i>Armancia <\/i>y<i> Lucien Leuwen<\/i>.<\/p>\n<p><iframe style=\"border: 0px; position: absolute; top: 0px; left: 0px; height: 100%;\" allowfullscreen=\"\" frameborder=\"0\" src=\"https:\/\/www.youtube.com\/embed\/9Ynpahg4DdY\"><\/iframe><\/p>\n<h2>1910. Nace Kurosawa<\/h2>\n<p><b>Nace en Tokio uno de los cineastas m\u00e1s influyentes del siglo XX: <\/b><a href=\"https:\/\/www.pagina12.com.ar\/372076-los-tesoros-escondidos-de-akira-kurosawa\"><b>Akira Kurosawa<\/b><\/a>. El director japon\u00e9s llam\u00f3 la atenci\u00f3n en 1950 con <a href=\"https:\/\/www.pagina12.com.ar\/287256-70-anos-de-rashomon\"><i>Rashomon<\/i><\/a>, a la que siguieron <i>Los siete samur\u00e1is<\/i> (que tuvo su remake hollywoodense en <a href=\"https:\/\/www.pagina12.com.ar\/diario\/suplementos\/radar\/subnotas\/6405-1186-2010-08-22.html\"><i>Los siete magn\u00edficos<\/i><\/a>) y <i>Trono de sangre<\/i>, su adaptaci\u00f3n de <i>Macbeth<\/i>. M\u00e1s tarde filmar\u00eda <i>Yojimbo<\/i>, <i>Dersu Uzala<\/i>, <i>Kagemusha<\/i>, <i>Ran <\/i>(su relectura de<i> El rey Lear<\/i>) y <a href=\"https:\/\/www.pagina12.com.ar\/372962-rapsodia-en-agosto-de-akira-kurosawa\"><i>Rapsodia en agosto<\/i><\/a>, entre otros t\u00edtulos. <b>Recibi\u00f3 un Oscar a la trayectoria en 1990<\/b>. <a href=\"https:\/\/www.pagina12.com.ar\/1998\/98-09\/98-09-07\/pag18.htm\">Falleci\u00f3 en 1998<\/a>, a los 88 a\u00f1os.<\/p>\n<p><iframe style=\"border: 0px; position: absolute; top: 0px; left: 0px; height: 100%;\" allowfullscreen=\"\" frameborder=\"0\" src=\"https:\/\/www.youtube.com\/embed\/MTs5AVcArMs\"><\/iframe><\/p>\n<h2>1982. El golpe de R\u00edos Montt<\/h2>\n<p><b>Golpe de Estado en Guatemala<\/b>. El general <a href=\"https:\/\/www.pagina12.com.ar\/50639-una-pieza-clave-para-juzgar-a-rios-montt\">Efra\u00edn R\u00edos Montt <\/a>se hace del poder al derrocar a Fernando Romeo Lucas-Garc\u00eda. <b>El r\u00e9gimen de R\u00edos Montt se extender\u00e1 hasta agosto de 1983<\/b>. En su a\u00f1o y medio como dictador, se intensificaron las violaciones a los derechos humanos en el marco de la guerra interna que el pa\u00eds viv\u00eda desde los a\u00f1os 60. <b>La poblaci\u00f3n maya sufri\u00f3 cr\u00edmenes masivos a manos de fuerzas paramilitares<\/b>. Se estima que murieron entre 20 mil y 25 mil personas. <a href=\"https:\/\/www.pagina12.com.ar\/diario\/elmundo\/4-219791-2013-05-11.html\">R\u00edos Montt fue condenado a 80 a\u00f1os de prisi\u00f3n por genocidio en mayo de 2013<\/a>, pero<a href=\"https:\/\/www.pagina12.com.ar\/diario\/elmundo\/4-220538-2013-05-22.html\"> la Corte Suprema de Guatemala anul\u00f3 la sentencia a los once d\u00edas <\/a>por fallas durante el proceso judicial. <b>El dictador, que entre 2000 y 2004 fue presidente del Congreso, <\/b><a href=\"https:\/\/www.pagina12.com.ar\/105312-murio-el-genocida-guatemalteco-rios-montt\"><b>muri\u00f3 en 2018, a los 91 a\u00f1os<\/b><\/a>.<\/p>\n<p><iframe style=\"border: 0px; position: absolute; top: 0px; left: 0px; height: 100%;\" allowfullscreen=\"\" frameborder=\"0\" src=\"https:\/\/www.youtube.com\/embed\/n4eZmm7sn00\"><\/iframe><\/p>\n<h2>1994. El crimen de Colosio<\/h2>\n<p><b>En M\u00e9xico es asesinado Luis Donaldo Colosio, el candidato presidencial del PRI<\/b>. Colosio ten\u00eda 44 a\u00f1os y promet\u00eda una renovaci\u00f3n de la pol\u00edtica mexicana, hegemonizada por 65 a\u00f1os de gobierno continuo del PRI, tal cual lo anunci\u00f3 en un discurso el 6 de marzo, con el pa\u00eds sacudido por el alzamiento zapatista en Chiapas. <b>Al t\u00e9rmino de un acto en Tijuana, un hombre se le acerc\u00f3 y le dispar\u00f3 en la cabeza<\/b>. Muri\u00f3 en el hospital. Mario Aburto Mart\u00ednez, su asesino, recibi\u00f3 una condena a 45 a\u00f1os, pero sali\u00f3 en libertad en 2014. <b>Las sospechas sobre responsabilidades pol\u00edticas detr\u00e1s del asesinato todav\u00eda persisten<\/b>.<\/p>\n<p><iframe style=\"border: 0px; position: absolute; top: 0px; left: 0px; height: 100%;\" allowfullscreen=\"\" frameborder=\"0\" src=\"https:\/\/www.youtube.com\/embed\/cQWqhJgrlWM\"><\/iframe><\/p>\n<h2>1994. Adi\u00f3s a Giulietta Massina<\/h2>\n<p><b>A los 73 a\u00f1os fallece la actriz italiana<\/b><a href=\"https:\/\/www.pagina12.com.ar\/diario\/suplementos\/radar\/subnotas\/10557-2329-2015-04-26.html\"><b> Giulietta Massina. Esposa y musa de Federico Fellini<\/b><\/a>, su muerte se produce cinco meses despu\u00e9s de la del cineasta. Se la vio en cl\u00e1sicos de su marido: <i>El jeque blanco<\/i>, <i>La strada<\/i>, <i>La noches de Cabiria<\/i> (que le vali\u00f3 el premio a mejor actriz en Cannes), <i>Giulietta de los esp\u00edritus<\/i> y <i>Ginger y Fred<\/i>.<\/p>\n<p><iframe style=\"border: 0px; position: absolute; top: 0px; left: 0px; height: 100%;\" allowfullscreen=\"\" frameborder=\"0\" src=\"https:\/\/www.youtube.com\/embed\/LQuXc553CGM\"><\/iframe><\/p>\n<h2>1999. El asesinato de Arga\u00f1a<\/h2>\n<p><a href=\"https:\/\/www.pagina12.com.ar\/1999\/99-03\/99-03-24\/pag03.htm\"><b>El vicepresidente de Paraguay, Luis Mar\u00eda Arga\u00f1a, es asesinado a balazos por tres hombres<\/b><\/a>. El crimen conmociona al pa\u00eds. <b>Arga\u00f1a era el vice de Ra\u00fal Cubas Grau y hab\u00edan asumido el 15 de agosto anterior<\/b>. Al d\u00eda siguiente,<b> el Congreso acusa a Cubas y promueve un juicio pol\u00edtico<\/b>, al que suma como causal el haber liberado al golpista Lino Oviedo, enemistado con Arga\u00f1a. Se viven d\u00edas de violencia y la represi\u00f3n deja siete muertos. <a href=\"https:\/\/www.pagina12.com.ar\/1999\/99-03\/99-03-29\/pag03.htm\">Cubas renunci\u00f3 el 28 de marzo, Oviedo se asil\u00f3 en la Argentina de Carlos Menem y el titular del Senado, Luis Gonz\u00e1lez Macchi, complet\u00f3 el mandato presidencial hasta 2003<\/a>.<\/p>\n<p><iframe style=\"border: 0px; position: absolute; top: 0px; left: 0px; height: 100%;\" allowfullscreen=\"\" frameborder=\"0\" src=\"https:\/\/www.youtube.com\/embed\/Z1KIUILDmtw\"><\/iframe><\/p>\n<h2>2001. La destrucci\u00f3n de la estaci\u00f3n espacial<br \/>\nMir<\/h2>\n<p><a href=\"https:\/\/www.pagina12.com.ar\/2001\/01-03\/01-03-24\/pag25.htm\"><b>Las autoridades rusas destruyen la estaci\u00f3n espacial Mir, un emblema de los \u00faltimos a\u00f1os de la URSS<\/b><\/a>. Estaba en funcionamiento desde 1986. Ubicada a 400 kil\u00f3metros de la Tierra, era capaz de orbitarla en dos horas. <b>Hab\u00eda sufrido un incendio en febrero de 1997 y comenz\u00f3 a sufrir la obsolescencia<\/b>. De manera controlada, se la hizo caer sobre el Oc\u00e9ano Pac\u00edfico.<\/p>\n<p><iframe style=\"border: 0px; position: absolute; top: 0px; left: 0px; height: 100%;\" allowfullscreen=\"\" frameborder=\"0\" src=\"https:\/\/www.youtube.com\/embed\/ZZ_UKkJHQ24\"><\/iframe><\/p>\n<h2>2006. Cesio recupera el grado de coronel<\/h2>\n<p><a href=\"https:\/\/www.pagina12.com.ar\/diario\/elpais\/1-64687-2006-03-24.html\"><b>El presidente N\u00e9stor Kirchner le restituye el grado militar al coronel Juan Jaime Cesio<\/b><\/a><b>, a quien hab\u00eda destituido la dictadura por no acompa\u00f1ar su pol\u00edtica represiva<\/b>. La reivindicaci\u00f3n se produce un d\u00eda antes del 30\u00ba aniversario del golpe de 1976. En un acto en la Casa Rosada, Cesio recupera su grado y al mes se le concede el ascenso a general de Brigada.<b> Fue uno de los fundadores del Centro de Militares para la Democracia Argentina<\/b>. <a href=\"https:\/\/www.pagina12.com.ar\/85052-militar-de-la-democracia\">Falleci\u00f3 en 2017 a los 91 a\u00f1os<\/a>.<\/p>\n<p><iframe style=\"border: 0px; position: absolute; top: 0px; left: 0px; height: 100%;\" allowfullscreen=\"\" frameborder=\"0\" src=\"https:\/\/www.youtube.com\/embed\/RUWJShQE1ok\"><\/iframe><\/p>\n<h2>2011. Muere Liz Taylor<\/h2>\n<p><b>A los 79 a\u00f1os fallece en Los \u00c1ngeles uno de los \u00faltimos mitos de Hollywood: <\/b><a href=\"https:\/\/www.pagina12.com.ar\/diario\/suplementos\/espectaculos\/5-21153-2011-03-24.html\"><b>Elizabeth Taylor<\/b><\/a>. Gan\u00f3 dos Oscars, por <i>Una Venus en vis\u00f3n <\/i>y <i>\u00bfQui\u00e9n le teme a Virginia Woolf?<\/i> Hab\u00eda comenzado a actuar en cine a los diez a\u00f1os. Apareci\u00f3 en films como <i>Mujercitas<\/i>, <i>El padre de la novia<\/i>, <i>Ivanhoe <\/i>y <i>Gigante<\/i><b>. Su vida personal acapar\u00f3 infinidad de portadas y r\u00edos de tinta por sus ocho matrimonios, dos de ellos con Richard Burton, a quien conoci\u00f3 en el rodaje de <i>Cleopatra<\/i><\/b>.<\/p>\n<p><iframe style=\"border: 0px; position: absolute; top: 0px; left: 0px; height: 100%;\" allowfullscreen=\"\" frameborder=\"0\" src=\"https:\/\/www.youtube.com\/embed\/eRoT9notaPI\"><\/iframe><\/p>\n<h2>2014. Fallece Adolfo Su\u00e1rez<\/h2>\n<p><a href=\"https:\/\/www.pagina12.com.ar\/diario\/elmundo\/4-242511-2014-03-24.html\"><b>Adolfo Su\u00e1rez, el primer presidente democr\u00e1tico de Espa\u00f1a tras el franquismo, muere a los 81 a\u00f1os en Madrid<\/b><\/a>. Hab\u00eda padecido el avance el Alzheimer en los \u00faltimos diez a\u00f1os de su vida. Nacido en 1932, <b>fue funcionario de segunda l\u00ednea en el r\u00e9gimen de Francisco Franco<\/b>. El rey Juan Carlos le encarg\u00f3 que se hiciera cargo del gobierno en 1976, lo que dio paso a la Transici\u00f3n. <b>Desmont\u00f3 el andamiaje legal heredado del franquismo y convoc\u00f3 a las primeras elecciones libres desde 1936<\/b>. Al frente de la Uni\u00f3n de Centro Democr\u00e1tico gan\u00f3 en 1977 y en 1979. En el medio, se aprob\u00f3 la Constituci\u00f3n de 1978. <a href=\"https:\/\/www.pagina12.com.ar\/325334-tejerazo-a-cuarenta-anos-de-un-golpe-televisado\"><b>Renunci\u00f3 en 1981 y en la sesi\u00f3n del Congreso para votar a su sucesor se produjo una intentona golpista.<\/b><\/a> M\u00e1s tarde form\u00f3 el Centro Democr\u00e1tico y Social, un partido que lider\u00f3 hasta su retiro de la pol\u00edtica, en 1991.<\/p>\n<p><iframe style=\"border: 0px; position: absolute; top: 0px; left: 0px; height: 100%;\" allowfullscreen=\"\" frameborder=\"0\" src=\"https:\/\/www.youtube.com\/embed\/WIviGx1FmRs\"><\/iframe><\/p>\n<h2><\/h2>\n<h2><\/h2>\n<p><!-- Live Blog Post --><\/div>\n<p><a href=\"https:\/\/www.pagina12.com.ar\/812846-efemerides-de-hoy-que-paso-un-23-de-marzo\">source<\/a><\/p>\n","protected":false},"excerpt":{"rendered":"<p>En las efem\u00e9rides del 23 de marzo sobresalen estos hechos que ocurrieron un d\u00eda como&#8230;<\/p>\n","protected":false},"author":0,"featured_media":197904,"comment_status":"open","ping_status":"open","sticky":false,"template":"","format":"standard","meta":{"footnotes":""},"categories":[7],"tags":[],"class_list":["post-197903","post","type-post","status-publish","format-standard","has-post-thumbnail","hentry","category-sociedad"],"featured_image_urls":{"full":["https:\/\/radiofenix.com.ar\/2023\/wp-content\/uploads\/wp-header-logo.png",0,0,false],"thumbnail":["https:\/\/radiofenix.com.ar\/2023\/wp-content\/uploads\/wp-header-logo.png",1,1,false],"medium":["https:\/\/radiofenix.com.ar\/2023\/wp-content\/uploads\/wp-header-logo.png",1,1,false],"medium_large":["https:\/\/radiofenix.com.ar\/2023\/wp-content\/uploads\/wp-header-logo.png",1,1,false],"large":["https:\/\/radiofenix.com.ar\/2023\/wp-content\/uploads\/wp-header-logo.png",1,1,false],"1536x1536":["https:\/\/radiofenix.com.ar\/2023\/wp-content\/uploads\/wp-header-logo.png",1,1,false],"2048x2048":["https:\/\/radiofenix.com.ar\/2023\/wp-content\/uploads\/wp-header-logo.png",1,1,false],"newsium-slider-full":["https:\/\/radiofenix.com.ar\/2023\/wp-content\/uploads\/wp-header-logo.png",1,1,false],"newsium-featured":["https:\/\/radiofenix.com.ar\/2023\/wp-content\/uploads\/wp-header-logo.png",1,1,false],"newsium-medium":["https:\/\/radiofenix.com.ar\/2023\/wp-content\/uploads\/wp-header-logo.png",1,1,false]},"author_info":{"info":[""]},"category_info":"<a href=\"https:\/\/radiofenix.com.ar\/2023\/category\/sociedad\/\" rel=\"category tag\">Sociedad<\/a>","tag_info":"Sociedad","comment_count":"0","_links":{"self":[{"href":"https:\/\/radiofenix.com.ar\/2023\/wp-json\/wp\/v2\/posts\/197903","targetHints":{"allow":["GET"]}}],"collection":[{"href":"https:\/\/radiofenix.com.ar\/2023\/wp-json\/wp\/v2\/posts"}],"about":[{"href":"https:\/\/radiofenix.com.ar\/2023\/wp-json\/wp\/v2\/types\/post"}],"replies":[{"embeddable":true,"href":"https:\/\/radiofenix.com.ar\/2023\/wp-json\/wp\/v2\/comments?post=197903"}],"version-history":[{"count":0,"href":"https:\/\/radiofenix.com.ar\/2023\/wp-json\/wp\/v2\/posts\/197903\/revisions"}],"wp:featuredmedia":[{"embeddable":true,"href":"https:\/\/radiofenix.com.ar\/2023\/wp-json\/wp\/v2\/media\/197904"}],"wp:attachment":[{"href":"https:\/\/radiofenix.com.ar\/2023\/wp-json\/wp\/v2\/media?parent=197903"}],"wp:term":[{"taxonomy":"category","embeddable":true,"href":"https:\/\/radiofenix.com.ar\/2023\/wp-json\/wp\/v2\/categories?post=197903"},{"taxonomy":"post_tag","embeddable":true,"href":"https:\/\/radiofenix.com.ar\/2023\/wp-json\/wp\/v2\/tags?post=197903"}],"curies":[{"name":"wp","href":"https:\/\/api.w.org\/{rel}","templated":true}]}}