{"id":197907,"date":"2025-03-23T08:57:49","date_gmt":"2025-03-23T08:57:49","guid":{"rendered":"https:\/\/radiofenix.com.ar\/2023\/milei-es-un-nostalgico-de-mussolini\/"},"modified":"2025-03-23T08:57:49","modified_gmt":"2025-03-23T08:57:49","slug":"milei-es-un-nostalgico-de-mussolini","status":"publish","type":"post","link":"https:\/\/radiofenix.com.ar\/2023\/milei-es-un-nostalgico-de-mussolini\/","title":{"rendered":"&quot;Milei es un nost\u00e1lgico de Mussolini&quot;"},"content":{"rendered":"<div><!-- Body --><\/p>\n<p>El presidente de Colombia, <b><a href=\"https:\/\/www.pagina12.com.ar\/811302-cuales-son-los-obstaculos-para-la-paz-en-colombia\">Gustavo Petro<\/a><\/b>, critic\u00f3 duramente a Javier <b>Milei<\/b>, a quien defini\u00f3 como \u00abun <b>nost\u00e1lgico de Mussolini<\/b>\u00ab.<\/p>\n<p>\u00abMilei viene del mundo europeo, no viene del fluir latinoamericano. Es italiano. Y hoy<br \/>\nItalia est\u00e1 en plena decadencia y a\u00fan a\u00f1ora ya no el Imperio Romano, sino Mussolini,<br \/>\nalgo peor\u00bb, expres\u00f3, en declaraciones al programa radial La Pizarra, que conduce Alfredo Serrano Mancilla. \u00abCreo que Milei es un nost\u00e1lgico de Mussolini, y <b>entra a ser parte de energ\u00edas que<br \/>\ncorresponden no a la vida sino a la muerte. Es un codicioso<\/b>\u00ab, defini\u00f3.<\/p>\n<p>\u00ab(El presidente estadounidense Donald)\u00a0<b>Trump <\/b>debe mirar a Milei como inferior, as\u00ed como Hitler miraba a los jud\u00edos como<br \/>\ninferiores, igualito. Y entonces se burla de \u00e9l, lo acepta, pero no est\u00e1 a gusto y lo golpea<br \/>\nporque no lo quiere. Pero as\u00ed son los cipayos, a pesar de que el amo no los quiera,<br \/>\nsiguen arrodillados ante \u00e9l.<br \/>\nAl pueblo argentino le toca hacer algo, sabe qu\u00e9 es, pero no lo digo porque respeto el<br \/>\nprincipio de la autonom\u00eda de los pueblos\u00bb, se\u00f1al\u00f3.<\/p>\n<h2>La reforma laboral\u00a0<\/h2>\n<p>Petro tambi\u00e9n habl\u00f3 en la entrevista sobre su gobierno y el <b>rechazo del Senado a su propuesta de reforma laboral<\/b>. \u00abEn m\u00ed hay un dirigente que quiere a su pueblo y defiende sus derechos. Y eso es defender la vida ante una serie de vampiros que han matado en masa al pueblo colombiano\u00bb, explic\u00f3.<\/p>\n<p>\u00abLa reforma laboral hablaba de cosas muy simples: el d\u00eda acaba a las 6:00 p.m., y se debe pagar horas extras despu\u00e9s de las seis, la mujer tiene derecho a mirarse en sus d\u00edas de menstruaci\u00f3n. Cuando la niegan, los mismos congresistas olvidan, por qu\u00e9 fueron elegidos\u00bb, manifest\u00f3 el mandatario.<\/p>\n<p><b>\u00abLos que se atrevieron a hundir esa reforma, se disfrazan de empresarios, pero son lavadores de d\u00f3lares de la mafia.<\/b> Son empresarios de mentira. porque un empresario de verdad se hubiera dado cuenta que sus trabajadores tienen dignidad, trabajan mejor y \u00e9l mismo es beneficiario\u00bb, indic\u00f3. \u00abHoy est\u00e1 el desnudo la realidad colombiana, a pesar de que la prensa quer\u00eda ocultar eso durante d\u00e9cadas, yo dir\u00eda durante siglos, est\u00e1 el desnudo\u00bb, subray\u00f3.<\/p>\n<p>Como el Senado rechaz\u00f3 su propuesta de reforma laboral, <b>Petro propuso convocar a una consulta popular<\/b>. En la entrevista, el mandatario argument\u00f3 que la Constituci\u00f3n establece que la soberan\u00eda reside en el pueblo. \u00abHoy quieren convencernos los oligarcas de que eso no es cierto. Entonces est\u00e1n tir\u00e1ndose a la basura la Constituci\u00f3n de Colombia\u00bb, advirti\u00f3.<\/p>\n<p><b>\u00abSi la soberan\u00eda reside en el pueblo, el pueblo tiene derecho a decidir<\/b>. La gran gracia de la Constituci\u00f3n del 91 es que retorna al principio de la fundaci\u00f3n de la rep\u00fablica y entonces le reconoce al pueblo su derecho a decir y reconoce la diversidad y que somos iguales y que un ind\u00edgena no es menos, o un negro es menos, o una mujer es negro que uno menos que un hombre, etc.\u00bb, afirm\u00f3.<\/p>\n<h2>Los movimientos sociales<\/h2>\n<p>Mientras la reforma laboral era tratada el martes en el Congreso, <a href=\"https:\/\/www.pagina12.com.ar\/811669-colombia-miles-de-personas-marcharon-en-apoyo-a-las-reformas\"><b>miles de personas marcharon en distintos puntos del pa\u00eds<\/b><\/a> en apoyo a la iniciativa. Para Petro en la manifestaci\u00f3n hubo una energ\u00eda <b>\u00abun pueblo decidido a cambiar todo\u00bb<\/b>. \u00abCreo que tuvimos la manifestaci\u00f3n m\u00e1s grande en mucho tiempo, hab\u00eda otro esp\u00edritu dentro de la gente. Hasta el pueblo m\u00e1s chiquito vio manifestaciones. En Chimichagua, por ejemplo, una manifestaci\u00f3n ind\u00edgena de pescadores del r\u00edo Magdalena. Y en el extremo norte de Colombia, sali\u00f3 una manifestaci\u00f3n con cascos de obreros, donde no hay f\u00e1bricas\u00bb, detall\u00f3.<\/p>\n<p>Petro tambi\u00e9n particip\u00f3 en la marcha, dando un discurso en el centro de Bogot\u00e1 ante todos los presentes. \u00abEn estas manifestaciones que vi, lo que yo respiraba en esa plaza y lo que vi a trav\u00e9s de las fotos en todas partes de Colombia, es que la gente volvi\u00f3 al esp\u00edritu del pueblo que construy\u00f3 a Colombia, que no se dej\u00f3 enga\u00f1ar y que pele\u00f3 hasta el final\u00bb, consider\u00f3.\u00a0<\/p>\n<p>\u00abSali\u00f3 much\u00edsima gente con s\u00edmbolos muy diferentes. No era la izquierda, no eran partidos pol\u00edticos. <b>Era el pueblo real a gritar que hab\u00eda llegado el momento en que ellos decid\u00edan<\/b>\u00ab, asegur\u00f3 dl mandatario. \u00abEs el mismo pueblo de Bol\u00edvar y de aquella \u00e9poca que hizo la liberaci\u00f3n no la hizo nadie. <b>Nadie vino a liberarnos, nos liberamos nosotros mismos\u00bb<\/b>, agreg\u00f3.<\/p>\n<p><!-- Live Blog Post --><\/div>\n<p><a href=\"https:\/\/www.pagina12.com.ar\/812708-gustavo-petro-milei-es-un-nostalgico-de-mussolini\">source<\/a><\/p>\n","protected":false},"excerpt":{"rendered":"<p>El presidente de Colombia, Gustavo Petro, critic\u00f3 duramente a Javier Milei, a quien defini\u00f3 como&#8230;<\/p>\n","protected":false},"author":0,"featured_media":197908,"comment_status":"open","ping_status":"open","sticky":false,"template":"","format":"standard","meta":{"footnotes":""},"categories":[60],"tags":[],"class_list":["post-197907","post","type-post","status-publish","format-standard","has-post-thumbnail","hentry","category-internacional"],"featured_image_urls":{"full":["https:\/\/radiofenix.com.ar\/2023\/wp-content\/uploads\/wp-header-logo.png",0,0,false],"thumbnail":["https:\/\/radiofenix.com.ar\/2023\/wp-content\/uploads\/wp-header-logo.png",1,1,false],"medium":["https:\/\/radiofenix.com.ar\/2023\/wp-content\/uploads\/wp-header-logo.png",1,1,false],"medium_large":["https:\/\/radiofenix.com.ar\/2023\/wp-content\/uploads\/wp-header-logo.png",1,1,false],"large":["https:\/\/radiofenix.com.ar\/2023\/wp-content\/uploads\/wp-header-logo.png",1,1,false],"1536x1536":["https:\/\/radiofenix.com.ar\/2023\/wp-content\/uploads\/wp-header-logo.png",1,1,false],"2048x2048":["https:\/\/radiofenix.com.ar\/2023\/wp-content\/uploads\/wp-header-logo.png",1,1,false],"newsium-slider-full":["https:\/\/radiofenix.com.ar\/2023\/wp-content\/uploads\/wp-header-logo.png",1,1,false],"newsium-featured":["https:\/\/radiofenix.com.ar\/2023\/wp-content\/uploads\/wp-header-logo.png",1,1,false],"newsium-medium":["https:\/\/radiofenix.com.ar\/2023\/wp-content\/uploads\/wp-header-logo.png",1,1,false]},"author_info":{"info":[""]},"category_info":"<a href=\"https:\/\/radiofenix.com.ar\/2023\/category\/internacional\/\" rel=\"category tag\">Internacional<\/a>","tag_info":"Internacional","comment_count":"0","_links":{"self":[{"href":"https:\/\/radiofenix.com.ar\/2023\/wp-json\/wp\/v2\/posts\/197907","targetHints":{"allow":["GET"]}}],"collection":[{"href":"https:\/\/radiofenix.com.ar\/2023\/wp-json\/wp\/v2\/posts"}],"about":[{"href":"https:\/\/radiofenix.com.ar\/2023\/wp-json\/wp\/v2\/types\/post"}],"replies":[{"embeddable":true,"href":"https:\/\/radiofenix.com.ar\/2023\/wp-json\/wp\/v2\/comments?post=197907"}],"version-history":[{"count":0,"href":"https:\/\/radiofenix.com.ar\/2023\/wp-json\/wp\/v2\/posts\/197907\/revisions"}],"wp:featuredmedia":[{"embeddable":true,"href":"https:\/\/radiofenix.com.ar\/2023\/wp-json\/wp\/v2\/media\/197908"}],"wp:attachment":[{"href":"https:\/\/radiofenix.com.ar\/2023\/wp-json\/wp\/v2\/media?parent=197907"}],"wp:term":[{"taxonomy":"category","embeddable":true,"href":"https:\/\/radiofenix.com.ar\/2023\/wp-json\/wp\/v2\/categories?post=197907"},{"taxonomy":"post_tag","embeddable":true,"href":"https:\/\/radiofenix.com.ar\/2023\/wp-json\/wp\/v2\/tags?post=197907"}],"curies":[{"name":"wp","href":"https:\/\/api.w.org\/{rel}","templated":true}]}}